{"id":3760,"date":"2023-06-28T16:21:23","date_gmt":"2023-06-28T20:21:23","guid":{"rendered":"https:\/\/elmundodelapolitica.com\/v1\/?p=3760"},"modified":"2023-06-28T16:21:23","modified_gmt":"2023-06-28T20:21:23","slug":"republica-dominicana-participa-en-xi-reunion-de-directores-de-la-aviacion-civil-en-varadero-cuba","status":"publish","type":"post","link":"https:\/\/elmundodelapolitica.com\/v1\/republica-dominicana-participa-en-xi-reunion-de-directores-de-la-aviacion-civil-en-varadero-cuba\/","title":{"rendered":"Rep\u00fablica Dominicana participa en XI Reuni\u00f3n de Directores de la Aviaci\u00f3n Civil en Varadero, Cuba"},"content":{"rendered":"<div>\n<p>Varadero, Cuba.- El general de brigada, piloto\u00a0<strong>Floreal Su\u00e1rez Mart\u00ednez<\/strong>, FARD, director general del Cuerpo Especializado en Seguridad Aeroportuaria y de la Aviaci\u00f3n Civil\u00a0<strong>(CESAC),<\/strong>\u00a0forma parte de la delegaci\u00f3n de expertos que representan al pa\u00eds ante la\u00a0<strong>XI Reuni\u00f3n de Directores de la Aviaci\u00f3n Civil de la Oficina para Norteam\u00e9rica, Centroam\u00e9rica y Caribe (NACC\/DCA)<\/strong>\u00a0de la Organizaci\u00f3n de la Aviaci\u00f3n Civil Internacional\u00a0<strong>(OACI)<\/strong>.<\/p>\n<div class=\"wp-block-image\">\n<figure class=\"aligncenter size-large\"><img loading=\"lazy\" data-attachment-id=\"30573\" data-permalink=\"https:\/\/elmundodelosnegocios.com.do\/v1\/index.php\/2023\/06\/28\/republica-dominicana-participa-en-xi-reunion-de-directores-de-la-aviacion-civil-en-varadero-cuba\/3-172\/\" data-orig-file=\"https:\/\/i0.wp.com\/elmundodelosnegocios.com.do\/v1\/wp-content\/uploads\/2023\/06\/3.jpg?fit=1300%2C731&amp;ssl=1\" data-orig-size=\"1300,731\" data-comments-opened=\"0\" data-image-meta='{\"aperture\":\"0\",\"credit\":\"\",\"camera\":\"\",\"caption\":\"\",\"created_timestamp\":\"0\",\"copyright\":\"\",\"focal_length\":\"0\",\"iso\":\"0\",\"shutter_speed\":\"0\",\"title\":\"\",\"orientation\":\"0\"}' data-image-title=\"3\" data-image-description=\"\" data-image-caption=\"\" data-medium-file=\"https:\/\/i0.wp.com\/elmundodelosnegocios.com.do\/v1\/wp-content\/uploads\/2023\/06\/3.jpg?fit=300%2C169&amp;ssl=1\" data-large-file=\"https:\/\/i0.wp.com\/elmundodelosnegocios.com.do\/v1\/wp-content\/uploads\/2023\/06\/3.jpg?fit=1024%2C576&amp;ssl=1\" decoding=\"async\" width=\"1024\" height=\"576\" src=\"https:\/\/i0.wp.com\/elmundodelosnegocios.com.do\/v1\/wp-content\/uploads\/2023\/06\/3-1024x576.jpg?resize=1024,576&amp;ssl=1\" alt=\"\" class=\"wp-image-30573\" srcset=\"https:\/\/i0.wp.com\/elmundodelosnegocios.com.do\/v1\/wp-content\/uploads\/2023\/06\/3.jpg?resize=1024%2C576&amp;ssl=1 1024w, https:\/\/i0.wp.com\/elmundodelosnegocios.com.do\/v1\/wp-content\/uploads\/2023\/06\/3.jpg?resize=300%2C169&amp;ssl=1 300w, https:\/\/i0.wp.com\/elmundodelosnegocios.com.do\/v1\/wp-content\/uploads\/2023\/06\/3.jpg?resize=768%2C432&amp;ssl=1 768w, https:\/\/i0.wp.com\/elmundodelosnegocios.com.do\/v1\/wp-content\/uploads\/2023\/06\/3.jpg?w=1300&amp;ssl=1 1300w\" sizes=\"auto, (max-width: 1024px) 100vw, 1024px\" data-recalc-dims=\"1\"><\/figure>\n<\/div>\n<p>La actividad, que se realiza en la ciudad cubana de Varadero, inici\u00f3 este martes 27 de junio con el\u00a0<strong>taller \u201cPlanes maestros\u201d,<\/strong>\u00a0cuya apertura estuvo a cargo del\u00a0<strong>director regional adjunto de la NACC-OACI, Julio Siu<\/strong>.<\/p>\n<p>En sus palabras de bienvenida, el director Siu inform\u00f3 que el objetivo de este encuentro internacional es\u00a0<em>\u201cque podamos concretar metas m\u00e1s comprometidas con el medio ambiente y que, adem\u00e1s, la regi\u00f3n se contin\u00fae profesionalizando\u201d.<\/em><\/p>\n<p>En este sentido, el director general del CESAC valor\u00f3 como\u00a0<em>\u201cpositivas las expectativas en torno a este evento que convoca expertos de la aviaci\u00f3n civil, cuyos participantes entendemos\u00a0\u00a0y promovemos la seguridad es responsabilidad de todos\u201d.<\/em><\/p>\n<p>La XI Reuni\u00f3n entre Directores de la Aviaci\u00f3n Civil NACC\/DCA\u00a0\u00a0de la OACI continuar\u00e1 hasta el viernes 30 de junio del presente a\u00f1o.<\/p>\n<\/div>\n","protected":false},"excerpt":{"rendered":"<p>Varadero, Cuba.- El general de brigada, piloto\u00a0Floreal Su\u00e1rez Mart\u00ednez, FARD, director general del Cuerpo Especializado en Seguridad Aeroportuaria y de la Aviaci\u00f3n Civil\u00a0(CESAC),\u00a0forma parte de la delegaci\u00f3n de expertos que&hellip; <\/p>\n","protected":false},"author":2,"featured_media":3761,"comment_status":"closed","ping_status":"closed","sticky":false,"template":"","format":"standard","meta":{"fifu_image_url":"https:\/\/i0.wp.com\/elmundodelosnegocios.com.do\/v1\/wp-content\/uploads\/2023\/06\/3-1024x576.jpg?resize=1024,576&ssl=1","fifu_image_alt":"Rep\u00fablica Dominicana participa en XI Reuni\u00f3n de Directores de la Aviaci\u00f3n Civil en Varadero, Cuba","footnotes":""},"categories":[63],"tags":[],"class_list":["post-3760","post","type-post","status-publish","format-standard","has-post-thumbnail","hentry","category-actualidad"],"_links":{"self":[{"href":"https:\/\/elmundodelapolitica.com\/v1\/wp-json\/wp\/v2\/posts\/3760","targetHints":{"allow":["GET"]}}],"collection":[{"href":"https:\/\/elmundodelapolitica.com\/v1\/wp-json\/wp\/v2\/posts"}],"about":[{"href":"https:\/\/elmundodelapolitica.com\/v1\/wp-json\/wp\/v2\/types\/post"}],"author":[{"embeddable":true,"href":"https:\/\/elmundodelapolitica.com\/v1\/wp-json\/wp\/v2\/users\/2"}],"replies":[{"embeddable":true,"href":"https:\/\/elmundodelapolitica.com\/v1\/wp-json\/wp\/v2\/comments?post=3760"}],"version-history":[{"count":0,"href":"https:\/\/elmundodelapolitica.com\/v1\/wp-json\/wp\/v2\/posts\/3760\/revisions"}],"wp:featuredmedia":[{"embeddable":true,"href":"https:\/\/elmundodelapolitica.com\/v1\/wp-json\/wp\/v2\/media\/3761"}],"wp:attachment":[{"href":"https:\/\/elmundodelapolitica.com\/v1\/wp-json\/wp\/v2\/media?parent=3760"}],"wp:term":[{"taxonomy":"category","embeddable":true,"href":"https:\/\/elmundodelapolitica.com\/v1\/wp-json\/wp\/v2\/categories?post=3760"},{"taxonomy":"post_tag","embeddable":true,"href":"https:\/\/elmundodelapolitica.com\/v1\/wp-json\/wp\/v2\/tags?post=3760"}],"curies":[{"name":"wp","href":"https:\/\/api.w.org\/{rel}","templated":true}]}}