{"id":376,"date":"2022-06-01T13:15:46","date_gmt":"2022-06-01T17:15:46","guid":{"rendered":"http:\/\/www.elmundodelapolitica.com\/v2\/?p=25430"},"modified":"2022-06-01T13:15:46","modified_gmt":"2022-06-01T17:15:46","slug":"pld-construccion-ideologica-de-la-dictadura-no-ha-desaparecido","status":"publish","type":"post","link":"https:\/\/elmundodelapolitica.com\/v1\/pld-construccion-ideologica-de-la-dictadura-no-ha-desaparecido\/","title":{"rendered":"PLD: Construcci\u00f3n ideol\u00f3gica de la dictadura, no ha desaparecido"},"content":{"rendered":"\n<p>SANTO DOMINGCO.- Al cumplirse este lunes el 61 Aniversario del ajusticiamiento del dictador Rafael Le\u00f3nidas Trujillo Molina, el&nbsp;Partido de la Liberaci\u00f3n Dominicana (PLD)&nbsp;advirti\u00f3 que este acontecimiento hist\u00f3rico de extraordinaria significaci\u00f3n no debe pasar por alto, en virtud de que marc\u00f3 una era de oprobio que jam\u00e1s debe repetirse en la Rep\u00fablica Dominicana.<\/p>\n\n\n\n<p>Mediante una proclama,&nbsp; le\u00edda por&nbsp;Alejandrina Germ\u00e1n, titular de la Secretar\u00eda de Formaci\u00f3n Pol\u00edtica y miembro del Comit\u00e9 Pol\u00edtico, el PLD&nbsp;se\u00f1al\u00f3 que a la juventud&nbsp; hay que ense\u00f1arle a crear conciencia sobre esa parte de la historia, para que no permita que en el futuro se repita \u00abni como farsa ni como tragedia, como apunt\u00f3 Carlos Marx\u00bb.<\/p>\n\n\n\n<p>El documento establece que toda la construcci\u00f3n ideol\u00f3gica de la dictadura, elaborada en gran parte por la intelectualidad de la oligarqu\u00eda de la \u00e9poca, no ha desaparecido plenamente de la Rep\u00fablica Dominicana.<\/p>\n\n\n\n<p>\u201cDebemos estar atentos; pero que lo sepan con claridad que aqu\u00ed est\u00e1n los disc\u00edpulos de Juan Bosch en el Partido de la Liberaci\u00f3n de la Liberaci\u00f3n Dominicana para evitarlo, no importa el riesgo, en caso de que volvieran a intentar un r\u00e9gimen de opresi\u00f3n, aun sea simulado\u201d, dice.<\/p>\n\n\n\n<p><strong>RESALTA COMPROMISO<\/strong><\/p>\n\n\n\n<p>El PLD dice estar consciente de esa realidad y de su \u00abfirme compromiso de velar por la preservaci\u00f3n de las libertades p\u00fablicas, el respeto irrestricto a los derechos humanos y el mantenimiento y consolidaci\u00f3n&nbsp; de la democracia\u00bb.<\/p>\n\n\n\n<p>Resalta que su prop\u00f3sito es crear la conciencia necesaria en las nuevas generaciones a fin de que se mantengan vigilantes, porque \u00absiempre aparecer\u00e1n mentalidades retr\u00f3gradas que aspiran a volver a ese ominoso pasado\u201d.<\/p>\n","protected":false},"excerpt":{"rendered":"<p>SANTO DOMINGCO.- Al cumplirse este lunes el 61 Aniversario del ajusticiamiento del dictador Rafael Le\u00f3nidas Trujillo Molina, el&nbsp;Partido de la Liberaci\u00f3n Dominicana (PLD)&nbsp;advirti\u00f3 que este acontecimiento hist\u00f3rico de extraordinaria significaci\u00f3n&hellip; <\/p>\n","protected":false},"author":2,"featured_media":377,"comment_status":"closed","ping_status":"open","sticky":false,"template":"","format":"standard","meta":{"fifu_image_url":"","fifu_image_alt":"","footnotes":""},"categories":[17],"tags":[],"class_list":["post-376","post","type-post","status-publish","format-standard","has-post-thumbnail","hentry","category-politica"],"_links":{"self":[{"href":"https:\/\/elmundodelapolitica.com\/v1\/wp-json\/wp\/v2\/posts\/376","targetHints":{"allow":["GET"]}}],"collection":[{"href":"https:\/\/elmundodelapolitica.com\/v1\/wp-json\/wp\/v2\/posts"}],"about":[{"href":"https:\/\/elmundodelapolitica.com\/v1\/wp-json\/wp\/v2\/types\/post"}],"author":[{"embeddable":true,"href":"https:\/\/elmundodelapolitica.com\/v1\/wp-json\/wp\/v2\/users\/2"}],"replies":[{"embeddable":true,"href":"https:\/\/elmundodelapolitica.com\/v1\/wp-json\/wp\/v2\/comments?post=376"}],"version-history":[{"count":0,"href":"https:\/\/elmundodelapolitica.com\/v1\/wp-json\/wp\/v2\/posts\/376\/revisions"}],"wp:featuredmedia":[{"embeddable":true,"href":"https:\/\/elmundodelapolitica.com\/v1\/wp-json\/wp\/v2\/media\/377"}],"wp:attachment":[{"href":"https:\/\/elmundodelapolitica.com\/v1\/wp-json\/wp\/v2\/media?parent=376"}],"wp:term":[{"taxonomy":"category","embeddable":true,"href":"https:\/\/elmundodelapolitica.com\/v1\/wp-json\/wp\/v2\/categories?post=376"},{"taxonomy":"post_tag","embeddable":true,"href":"https:\/\/elmundodelapolitica.com\/v1\/wp-json\/wp\/v2\/tags?post=376"}],"curies":[{"name":"wp","href":"https:\/\/api.w.org\/{rel}","templated":true}]}}