{"id":3756,"date":"2023-06-28T16:10:59","date_gmt":"2023-06-28T20:10:59","guid":{"rendered":"https:\/\/elmundodelapolitica.com\/v1\/?p=3756"},"modified":"2023-06-28T16:10:59","modified_gmt":"2023-06-28T20:10:59","slug":"republica-dominicana-y-singapur-firman-memorandum-de-cooperacion-bilateral-para-generar-y-vender-creditos-de-carbono","status":"publish","type":"post","link":"https:\/\/elmundodelapolitica.com\/v1\/republica-dominicana-y-singapur-firman-memorandum-de-cooperacion-bilateral-para-generar-y-vender-creditos-de-carbono\/","title":{"rendered":"Rep\u00fablica Dominicana y Singapur firman memor\u00e1ndum de cooperaci\u00f3n bilateral para generar y vender cr\u00e9ditos de carbono"},"content":{"rendered":"<div>\n<p>Santo Domingo.-\u00a0<strong>El ministro de Medio Ambiente y Recursos Naturales de Rep\u00fablica Dominicana y el de Comercio e Industria de Singapur<\/strong>\u00a0abrieron un espacio de entendimiento al firmar un memor\u00e1ndum para\u00a0<strong>cooperaci\u00f3n internacional que permitir\u00e1 generar y vender cr\u00e9ditos de carbono.\u00a0<\/strong><\/p>\n<div class=\"wp-block-image\">\n<figure class=\"aligncenter size-large\"><img data-attachment-id=\"30567\" data-permalink=\"https:\/\/elmundodelosnegocios.com.do\/v1\/index.php\/2023\/06\/28\/republica-dominicana-y-singapur-firman-memorandum-de-cooperacion-bilateral-para-generar-y-vender-creditos-de-carbono\/2-193\/\" data-orig-file=\"https:\/\/i0.wp.com\/elmundodelosnegocios.com.do\/v1\/wp-content\/uploads\/2023\/06\/2.jpeg?fit=1300%2C731&amp;ssl=1\" data-orig-size=\"1300,731\" data-comments-opened=\"0\" data-image-meta='{\"aperture\":\"0\",\"credit\":\"\",\"camera\":\"\",\"caption\":\"\",\"created_timestamp\":\"0\",\"copyright\":\"\",\"focal_length\":\"0\",\"iso\":\"0\",\"shutter_speed\":\"0\",\"title\":\"\",\"orientation\":\"0\"}' data-image-title=\"2\" data-image-description=\"\" data-image-caption=\"\" data-medium-file=\"https:\/\/i0.wp.com\/elmundodelosnegocios.com.do\/v1\/wp-content\/uploads\/2023\/06\/2.jpeg?fit=300%2C169&amp;ssl=1\" data-large-file=\"https:\/\/i0.wp.com\/elmundodelosnegocios.com.do\/v1\/wp-content\/uploads\/2023\/06\/2.jpeg?fit=1024%2C576&amp;ssl=1\" decoding=\"async\" loading=\"lazy\" width=\"1024\" height=\"576\" src=\"https:\/\/i0.wp.com\/elmundodelosnegocios.com.do\/v1\/wp-content\/uploads\/2023\/06\/2-1024x576.jpeg?resize=1024,576&amp;ssl=1\" alt=\"\" class=\"wp-image-30567\" srcset=\"https:\/\/i0.wp.com\/elmundodelosnegocios.com.do\/v1\/wp-content\/uploads\/2023\/06\/2.jpeg?resize=1024%2C576&amp;ssl=1 1024w, https:\/\/i0.wp.com\/elmundodelosnegocios.com.do\/v1\/wp-content\/uploads\/2023\/06\/2.jpeg?resize=300%2C169&amp;ssl=1 300w, https:\/\/i0.wp.com\/elmundodelosnegocios.com.do\/v1\/wp-content\/uploads\/2023\/06\/2.jpeg?resize=768%2C432&amp;ssl=1 768w, https:\/\/i0.wp.com\/elmundodelosnegocios.com.do\/v1\/wp-content\/uploads\/2023\/06\/2.jpeg?w=1300&amp;ssl=1 1300w\" sizes=\"auto, (max-width: 1024px) 100vw, 1024px\" data-recalc-dims=\"1\"><\/figure>\n<\/div>\n<p>El documento firmado por\u00a0<strong>Miguel Ceara Hatton y Gan Kim Yong<\/strong>\u00a0busca impulsar un aumento en la\u00a0<strong>inversi\u00f3n<\/strong>, generar empleos en la\u00a0<strong>econom\u00eda verde<\/strong>\u00a0y facilitar el\u00a0<strong>intercambio tecnol\u00f3gico y desarrollo sostenible.\u00a0<\/strong><\/p>\n<p>Durante un encuentro virtual y frente a delegaciones t\u00e9cnicas de ambos pa\u00edses, Ceara Hatton habl\u00f3 sobre\u00a0<strong>el sexto informe del IPCC,\u00a0<\/strong>el cual resalta que los Estados insulares comparten una\u00a0<strong>alta vulnerabilidad a los efectos del cambio clim\u00e1tico<\/strong>, especialmente debido al aumento del nivel del mar y los cambios en los patrones de lluvia y temperatura.\u00a0<\/p>\n<p>\u201cEsto, a su vez, aumenta nuestra exposici\u00f3n a la inseguridad alimentaria, problemas de salud y reducci\u00f3n de la seguridad del agua\u201d,\u00a0dijo.\u00a0<\/p>\n<p>El ministro dominicano estuvo acompa\u00f1ado durante la reuni\u00f3n por\u00a0<strong>Milagros De Camps<\/strong>, viceministra para el Cambio Clim\u00e1tico, mientras que el se\u00f1or Gan Kim Yong estuvo en compa\u00f1\u00eda de la directora de la Divisi\u00f3n de Industria,\u00a0<strong>Fam Wee Wei<\/strong>; la subdirectora,\u00a0<strong>Dorothy Lee<\/strong>; la directora asistente principal,\u00a0<strong>Deanna Tan<\/strong>, y la directora asistente,\u00a0<strong>Lydia Tang.\u00a0<\/strong><\/p>\n<p>El acuerdo testimonia el compromiso de ambos pa\u00edses de\u00a0<strong>sumarse a la acci\u00f3n clim\u00e1tica global<\/strong>\u00a0impulsando el desarrollo de sus ciudadanos de la mano con la sostenibilidad.\u00a0<\/p>\n<p>\u201cLa Rep\u00fablica Dominicana ha desarrollado planes y estrategias para alcanzar nuestras metas de reducci\u00f3n de emisiones, logrando avances significativos en los sectores de energ\u00eda y AFOLU, iniciando la transformaci\u00f3n de la matriz energ\u00e9tica del pa\u00eds, desarrollando la Estrategia Nacional REDD+ y adem\u00e1s, hemos sentado las bases para nuestro Sistema de Medici\u00f3n, Reporte y Verificaci\u00f3n\u201d,\u00a0dijo Ceara Hatton.\u00a0<\/p>\n<p>Explic\u00f3 que Rep\u00fablica Dominicana adquiere el compromiso de implementar las\u00a0<strong>Contribuciones Determinadas a Nivel Nacional (CDN),<\/strong>\u00a0<em>\u201cidentificando y adaptando los mecanismos y acciones seg\u00fan nuestra realidad, capacidades y caracter\u00edsticas \u00fanicas\u201d.\u00a0<\/em><\/p>\n<p>\u201cA trav\u00e9s de esta colaboraci\u00f3n con Singapur estamos seguros de que adquiriremos conocimientos y experiencias que nos permitir\u00e1n mejorar nuestras estrategias de mitigaci\u00f3n y promover un desarrollo sostenible en nuestra naci\u00f3n\u201d,\u00a0sostuvo Ceara Hatton.\u00a0<\/p>\n<p>Resalt\u00f3 que la humanidad se encuentra en un\u00a0<strong>punto cr\u00edtico, en materia clim\u00e1tica<\/strong>, por lo que sus decisiones tendr\u00e1n un\u00a0<strong>impacto profundo en su bienestar presente y futuro.<\/strong>\u00a0\u201cPor lo tanto, este enfoque cooperativo ayuda a guiar, materializar y armonizar las acciones que nos permiten mitigar los impactos del cambio clim\u00e1tico y garantizar el futuro de nuestros hijos\u201d,\u00a0dijo.\u00a0<\/p>\n<p>Mientras, el se\u00f1or Gan Kim Yong expres\u00f3 que\u00a0<em>\u201cel cambio clim\u00e1tico es un desaf\u00edo existencial que requiere una colaboraci\u00f3n eficaz entre los pa\u00edses\u201d.\u00a0<\/em><\/p>\n<p>\u201cComo peque\u00f1os Estados insulares, el memorando de entendimiento demuestra el compromiso de Singapur y la Rep\u00fablica Dominicana para lograr nuestros objetivos clim\u00e1ticos y hacer nuestra parte para la acci\u00f3n clim\u00e1tica global\u201d,\u00a0sostuvo.\u00a0<\/p>\n<p>\u201cEste es un primer paso entre Singapur y la Rep\u00fablica Dominicana sobre cr\u00e9ditos de carbono y nos permitir\u00e1 implementar proyectos pilotos que aumentar\u00e1n la inversi\u00f3n, crear\u00e1n empleos en la econom\u00eda verde, facilitar\u00e1n la colaboraci\u00f3n tecnol\u00f3gica y traer\u00e1n beneficios colaterales y desarrollo sostenible a nuestras dos comunidades\u201d.<\/p>\n<\/div>\n","protected":false},"excerpt":{"rendered":"<p>Santo Domingo.-\u00a0El ministro de Medio Ambiente y Recursos Naturales de Rep\u00fablica Dominicana y el de Comercio e Industria de Singapur\u00a0abrieron un espacio de entendimiento al firmar un memor\u00e1ndum para\u00a0cooperaci\u00f3n internacional&hellip; <\/p>\n","protected":false},"author":2,"featured_media":3757,"comment_status":"closed","ping_status":"closed","sticky":false,"template":"","format":"standard","meta":{"fifu_image_url":"https:\/\/i0.wp.com\/elmundodelosnegocios.com.do\/v1\/wp-content\/uploads\/2023\/06\/2-1024x576.jpeg?resize=1024,576&ssl=1","fifu_image_alt":"Rep\u00fablica Dominicana y Singapur firman memor\u00e1ndum de cooperaci\u00f3n bilateral para generar y vender cr\u00e9ditos de carbono","footnotes":""},"categories":[63],"tags":[],"class_list":["post-3756","post","type-post","status-publish","format-standard","has-post-thumbnail","hentry","category-actualidad"],"_links":{"self":[{"href":"https:\/\/elmundodelapolitica.com\/v1\/wp-json\/wp\/v2\/posts\/3756","targetHints":{"allow":["GET"]}}],"collection":[{"href":"https:\/\/elmundodelapolitica.com\/v1\/wp-json\/wp\/v2\/posts"}],"about":[{"href":"https:\/\/elmundodelapolitica.com\/v1\/wp-json\/wp\/v2\/types\/post"}],"author":[{"embeddable":true,"href":"https:\/\/elmundodelapolitica.com\/v1\/wp-json\/wp\/v2\/users\/2"}],"replies":[{"embeddable":true,"href":"https:\/\/elmundodelapolitica.com\/v1\/wp-json\/wp\/v2\/comments?post=3756"}],"version-history":[{"count":0,"href":"https:\/\/elmundodelapolitica.com\/v1\/wp-json\/wp\/v2\/posts\/3756\/revisions"}],"wp:featuredmedia":[{"embeddable":true,"href":"https:\/\/elmundodelapolitica.com\/v1\/wp-json\/wp\/v2\/media\/3757"}],"wp:attachment":[{"href":"https:\/\/elmundodelapolitica.com\/v1\/wp-json\/wp\/v2\/media?parent=3756"}],"wp:term":[{"taxonomy":"category","embeddable":true,"href":"https:\/\/elmundodelapolitica.com\/v1\/wp-json\/wp\/v2\/categories?post=3756"},{"taxonomy":"post_tag","embeddable":true,"href":"https:\/\/elmundodelapolitica.com\/v1\/wp-json\/wp\/v2\/tags?post=3756"}],"curies":[{"name":"wp","href":"https:\/\/api.w.org\/{rel}","templated":true}]}}