{"id":3754,"date":"2023-06-28T16:04:50","date_gmt":"2023-06-28T20:04:50","guid":{"rendered":"https:\/\/elmundodelapolitica.com\/v1\/?p=3754"},"modified":"2023-06-28T16:04:50","modified_gmt":"2023-06-28T20:04:50","slug":"exportaciones-rd-alcanzan-usd-1167-6-millones-en-mayo-2023-el-mejor-mes-de-ventas-internacionales-del-pais-en-la-historia-comercial","status":"publish","type":"post","link":"https:\/\/elmundodelapolitica.com\/v1\/exportaciones-rd-alcanzan-usd-1167-6-millones-en-mayo-2023-el-mejor-mes-de-ventas-internacionales-del-pais-en-la-historia-comercial\/","title":{"rendered":"Exportaciones RD alcanzan USD 1,167.6 millones en mayo 2023; el mejor mes de ventas internacionales del pa\u00eds en la historia comercial"},"content":{"rendered":"<div>\n<p>Santo Domingo.-\u00a0<strong>Biviana Riveiro Disla<\/strong>, directora ejecutiva del Centro de Exportaci\u00f3n e Inversi\u00f3n de la Rep\u00fablica Dominicana\u00a0<strong>(ProDominicana),<\/strong>\u00a0inform\u00f3 que la\u00a0<strong>exportaci\u00f3n de mercanc\u00edas alcanz\u00f3 los<\/strong>\u00a0<strong>USD 1,167.6 millones<\/strong>, equivalente a un crecimiento interanual de\u00a0<strong>8.5 %<\/strong>\u00a0en mayo 2023 respecto del 2022, imponiendo con este resultado, el\u00a0<strong>mejor mes para las ventas internacionales de mercanc\u00edas del pa\u00eds en toda la historia comercial.\u00a0<\/strong><\/p>\n<div class=\"wp-block-image\">\n<figure class=\"aligncenter size-large\"><img data-attachment-id=\"30564\" data-permalink=\"https:\/\/elmundodelosnegocios.com.do\/v1\/index.php\/2023\/06\/28\/exportaciones-rd-alcanzan-usd-1167-6-millones-en-mayo-2023-el-mejor-mes-de-ventas-internacionales-del-pais-en-la-historia-comercial\/1-5-7\/\" data-orig-file=\"https:\/\/i0.wp.com\/elmundodelosnegocios.com.do\/v1\/wp-content\/uploads\/2023\/06\/1-5.jpg?fit=1300%2C731&amp;ssl=1\" data-orig-size=\"1300,731\" data-comments-opened=\"0\" data-image-meta='{\"aperture\":\"0\",\"credit\":\"\",\"camera\":\"\",\"caption\":\"\",\"created_timestamp\":\"0\",\"copyright\":\"\",\"focal_length\":\"0\",\"iso\":\"0\",\"shutter_speed\":\"0\",\"title\":\"\",\"orientation\":\"0\"}' data-image-title=\"1-5\" data-image-description=\"\" data-image-caption=\"\" data-medium-file=\"https:\/\/i0.wp.com\/elmundodelosnegocios.com.do\/v1\/wp-content\/uploads\/2023\/06\/1-5.jpg?fit=300%2C169&amp;ssl=1\" data-large-file=\"https:\/\/i0.wp.com\/elmundodelosnegocios.com.do\/v1\/wp-content\/uploads\/2023\/06\/1-5.jpg?fit=1024%2C576&amp;ssl=1\" decoding=\"async\" loading=\"lazy\" width=\"1024\" height=\"576\" src=\"https:\/\/i0.wp.com\/elmundodelosnegocios.com.do\/v1\/wp-content\/uploads\/2023\/06\/1-5-1024x576.jpg?resize=1024,576&amp;ssl=1\" alt=\"\" class=\"wp-image-30564\" srcset=\"https:\/\/i0.wp.com\/elmundodelosnegocios.com.do\/v1\/wp-content\/uploads\/2023\/06\/1-5.jpg?resize=1024%2C576&amp;ssl=1 1024w, https:\/\/i0.wp.com\/elmundodelosnegocios.com.do\/v1\/wp-content\/uploads\/2023\/06\/1-5.jpg?resize=300%2C169&amp;ssl=1 300w, https:\/\/i0.wp.com\/elmundodelosnegocios.com.do\/v1\/wp-content\/uploads\/2023\/06\/1-5.jpg?resize=768%2C432&amp;ssl=1 768w, https:\/\/i0.wp.com\/elmundodelosnegocios.com.do\/v1\/wp-content\/uploads\/2023\/06\/1-5.jpg?w=1300&amp;ssl=1 1300w\" sizes=\"auto, (max-width: 1024px) 100vw, 1024px\" data-recalc-dims=\"1\"><\/figure>\n<\/div>\n<p>\u201cEs importante destacar que las exportaciones dominicanas tienen tres a\u00f1os consecutivos imponiendo r\u00e9cord durante el mes de mayo, lo cual se suma a los grandes resultados que se han presentado en t\u00e9rminos anuales en 2021 y 2022. Esto representa que exportamos m\u00e1s de USD 246 millones m\u00e1s que el 2019 previo a la pandemia\u201d,\u00a0puntualiz\u00f3.\u00a0<\/p>\n<p>La directora ejecutiva indic\u00f3 que\u00a0<strong>Estados Unidos se posiciona como el destino m\u00e1s din\u00e1mico en mayo 2023<\/strong>, exhibiendo un importante incremento de\u00a0<strong>USD 63 millones adicionales<\/strong>, en relaci\u00f3n con el monto exportado durante el mismo mes del 2022.\u00a0<\/p>\n<p>Este comportamiento positivo, es seguido por las ventas internacionales hacia\u00a0<strong>India, Corea del Sur y Malasia<\/strong>, los cuales mostraron incremento absoluto de USD 33 millones, USD 13 millones y USD 8 millones, respectivamente.\u00a0<\/p>\n<p>Adem\u00e1s,\u00a0<strong>otros mercados que presentan m\u00e1s exportaci\u00f3n<\/strong>\u00a0son:\u00a0<strong>Nicaragua<\/strong>\u00a0con USD 4.5 millones en crecimiento absoluto,\u00a0<strong>Indonesia<\/strong>\u00a0con USD 3.8 millones adicionales,\u00a0<strong>Alemania<\/strong>\u00a0USD 2.9 millones,\u00a0<strong>Letonia<\/strong>\u00a0USD 2.6 millones,\u00a0<strong>B\u00e9lgica<\/strong>\u00a0USD 2.4 millones,\u00a0<strong>Guyana<\/strong>\u00a0USD 2.3 millones,\u00a0<strong>Paraguay<\/strong>\u00a0USD 2.1 millones y\u00a0<strong>Reino Unido<\/strong>\u00a0USD 2.0 millones,\u00a0<strong>entre otros 53 destinos<\/strong>\u00a0que presentaron incrementos en sus valores de compra.\u00a0<\/p>\n<p>De igual manera, explic\u00f3 que la exportaci\u00f3n de\u00a0<strong>oro en bruto<\/strong>\u00a0se posicion\u00f3 con el\u00a0<strong>mayor crecimiento absoluto\u00a0<\/strong>en el per\u00edodo analizado, acumulando as\u00ed un crecimiento de\u00a0<strong>USD 29 millones adicionales<\/strong>, lo cual revierte la tendencia de decrecimiento de los \u00faltimos meses. Asimismo, destac\u00f3 el crecimiento en las\u00a0<strong>exportaciones de t-shirts (camisetas) y disyuntores el\u00e9ctricos<\/strong>\u00a0en USD 20 millones cada uno,\u00a0<strong>az\u00facar de ca\u00f1a<\/strong>\u00a0con USD 17 millones y\u00a0<strong>cacao en grano<\/strong>\u00a0con USD 14 millones.\u00a0<\/p>\n<p>En ese sentido,\u00a0<strong>otras 1,063 l\u00edneas arancelarias presentaron un crecimiento absoluto durante este mes<\/strong>. Se resalta que los reg\u00edmenes de exportaci\u00f3n, tanto el de zonas francas como las nacionales presentan crecimiento en 10.7 % y 3.7 %, respectivamente. A nivel de participaci\u00f3n,\u00a0<strong>zonas francas representa el 66.4 %<\/strong>\u00a0del total exportado en mayo 2023, el r\u00e9gimen nacional un 30.7 % y un 2.9 % otros reg\u00edmenes.\u00a0<\/p>\n<p>La directora ejecutiva de ProDominicana se\u00f1al\u00f3 que la instituci\u00f3n se mantiene fortaleciendo los\u00a0<strong>servicios de inteligencia de mercados<\/strong>\u00a0<strong>para aprovechar nuevas oportunidades y minimizar los riesgos en este entorno internacional.<\/strong>\u00a0<\/p>\n<p>En este sentido, refiri\u00f3 el reciente lanzamiento del\u00a0<strong>Sistema Alertas de Inteligencia de Mercados (SAIM) y las herramientas DATAMARKET<\/strong>\u00a0con datos e informaciones oportunas, as\u00ed como\u00a0<strong>RAMI<\/strong>\u00a0sobre requisitos de acceso a mercados, que forman parte del\u00a0<strong>ecosistema digital de ProDominicana.\u00a0<\/strong><\/p>\n<p>Riveiro exhort\u00f3 a todos los exportadores y a la ciudadan\u00eda en general a utilizar el ecosistema digital de la instituci\u00f3n, integrado por distintas plataformas a trav\u00e9s de las cuales se obtienen\u00a0<strong>datos e informaciones oportunas sobre el sector de exportaci\u00f3n e inversi\u00f3n.<\/strong><\/p>\n<\/div>\n","protected":false},"excerpt":{"rendered":"<p>Santo Domingo.-\u00a0Biviana Riveiro Disla, directora ejecutiva del Centro de Exportaci\u00f3n e Inversi\u00f3n de la Rep\u00fablica Dominicana\u00a0(ProDominicana),\u00a0inform\u00f3 que la\u00a0exportaci\u00f3n de mercanc\u00edas alcanz\u00f3 los\u00a0USD 1,167.6 millones, equivalente a un crecimiento interanual de\u00a08.5&hellip; <\/p>\n","protected":false},"author":2,"featured_media":3755,"comment_status":"closed","ping_status":"closed","sticky":false,"template":"","format":"standard","meta":{"fifu_image_url":"https:\/\/i0.wp.com\/elmundodelosnegocios.com.do\/v1\/wp-content\/uploads\/2023\/06\/1-5-1024x576.jpg?resize=1024,576&ssl=1","fifu_image_alt":"Exportaciones RD alcanzan USD 1,167.6 millones en mayo 2023; el mejor mes de ventas internacionales del pa\u00eds en la historia comercial","footnotes":""},"categories":[63],"tags":[],"class_list":["post-3754","post","type-post","status-publish","format-standard","has-post-thumbnail","hentry","category-actualidad"],"_links":{"self":[{"href":"https:\/\/elmundodelapolitica.com\/v1\/wp-json\/wp\/v2\/posts\/3754","targetHints":{"allow":["GET"]}}],"collection":[{"href":"https:\/\/elmundodelapolitica.com\/v1\/wp-json\/wp\/v2\/posts"}],"about":[{"href":"https:\/\/elmundodelapolitica.com\/v1\/wp-json\/wp\/v2\/types\/post"}],"author":[{"embeddable":true,"href":"https:\/\/elmundodelapolitica.com\/v1\/wp-json\/wp\/v2\/users\/2"}],"replies":[{"embeddable":true,"href":"https:\/\/elmundodelapolitica.com\/v1\/wp-json\/wp\/v2\/comments?post=3754"}],"version-history":[{"count":0,"href":"https:\/\/elmundodelapolitica.com\/v1\/wp-json\/wp\/v2\/posts\/3754\/revisions"}],"wp:featuredmedia":[{"embeddable":true,"href":"https:\/\/elmundodelapolitica.com\/v1\/wp-json\/wp\/v2\/media\/3755"}],"wp:attachment":[{"href":"https:\/\/elmundodelapolitica.com\/v1\/wp-json\/wp\/v2\/media?parent=3754"}],"wp:term":[{"taxonomy":"category","embeddable":true,"href":"https:\/\/elmundodelapolitica.com\/v1\/wp-json\/wp\/v2\/categories?post=3754"},{"taxonomy":"post_tag","embeddable":true,"href":"https:\/\/elmundodelapolitica.com\/v1\/wp-json\/wp\/v2\/tags?post=3754"}],"curies":[{"name":"wp","href":"https:\/\/api.w.org\/{rel}","templated":true}]}}