{"id":3740,"date":"2023-06-27T16:11:18","date_gmt":"2023-06-27T20:11:18","guid":{"rendered":"https:\/\/elmundodelapolitica.com\/v1\/?p=3740"},"modified":"2023-06-27T16:11:18","modified_gmt":"2023-06-27T20:11:18","slug":"miles-impulsan-sus-negocios-en-semana-mipymes-del-micm","status":"publish","type":"post","link":"https:\/\/elmundodelapolitica.com\/v1\/miles-impulsan-sus-negocios-en-semana-mipymes-del-micm\/","title":{"rendered":"Miles impulsan sus negocios en Semana Mipymes del MICM"},"content":{"rendered":"<div>\n<p><em>Durante cuatro d\u00edas, el MICM y decenas de instituciones ofrecieron servicios gratuitos, desde digitalizaci\u00f3n, formalizaci\u00f3n, geolocalizaci\u00f3n, dise\u00f1o, asesor\u00edas t\u00e9cnicas y financieras, as\u00ed como capacitaciones a emprendedores y mipymes<\/em><\/p>\n<p><strong>Santo Domingo.\u2013<\/strong>\u00a0La Semana Mipymes, el evento empresarial y de emprendimiento de servicio al p\u00fablico m\u00e1s importante de la Rep\u00fablica Dominicana, organizado por el Ministerio de Industria, Comercio y Mipymes (MICM), concluy\u00f3 con la visita de m\u00e1s de cuatro mil asistentes a 50 charlas, conferencias y talleres y ruedas de negocios para impulsar las ventas y la digitalizaci\u00f3n de empresas.<\/p>\n<p><img decoding=\"async\" src=\"https:\/\/i0.wp.com\/micm.gob.do\/images\/noticias\/2023\/06-junio\/Miles_impulsan_sus_negocios_en_Semana_Mipymes_02.jpg?w=1110&amp;ssl=1\" alt=\"\" data-recalc-dims=\"1\"><br \/>La sexta versi\u00f3n, y primera postpandemia, fue organizada del 22 al 25 de junio a trav\u00e9s del Viceministerio de Fomento a las Mipymes, con el objetivo de brindar a las micro, peque\u00f1as y medianas empresas las herramientas necesarias para aumentar su productividad y garantizar su permanencia en el mercado.<\/p>\n<p>Para ello se celebraron dos d\u00edas de rondas de negocios, donde decenas de mipymes se sentaron cara a cara con 50 de las principales cadenas comerciales del pa\u00eds, en un esfuerzo de fruct\u00edfera vinculaci\u00f3n comercial.<\/p>\n<p>El ministro V\u00edctor -Ito- Bison\u00f3 afirm\u00f3 que el evento es una oportunidad \u00fanica de acceso a servicios, financiamiento y capacitaciones, todo en un mismo espacio, para que las mipymes, que conforman el 98% del tejido productivo nacional, fortalezcan sus capacidades, establezcan conexiones comerciales y accedan a recursos clave para generar crecimiento y empleos.<\/p>\n<p>\u201cLa Semana Mipymes es el escenario id\u00f3neo para que las mipymes accedan a las ventajas de todo el marco de beneficios que hemos creado, con procesos simplificados, avances en pol\u00edticas comerciales, nuevos marcos legales y un clima favorable para hacer negocios, expandirse y generar m\u00e1s empleos\u201d, dijo Bison\u00f3 durante un recorrido por la exposici\u00f3n y estantes de servicios donde record\u00f3 la importancia de formalizarse y obtener la Certificaci\u00f3n Mipymes y la Certificaci\u00f3n Mipymes Mujer.<\/p>\n<p>Con el lema \u201cAcercando a Mipymes y emprendedores a nuevos mercados\u201d, las conferencias trataron sobre c\u00f3mo usar la tecnolog\u00eda para una gesti\u00f3n financiera m\u00e1s eficiente en las empresas (Fintech y digitalizaci\u00f3n), comercio electr\u00f3nico, acceso a mercados, oportunidades de financiamiento, propiedad intelectual y exportaci\u00f3n.<\/p>\n<p>El viceministro de Fomento a las Mipymes, Jorge Morales, explic\u00f3 que entre los servicios estuvieron asistencia t\u00e9cnica para la digitalizaci\u00f3n, geolocalizaci\u00f3n de negocios, dise\u00f1o, asesor\u00edas y diagn\u00f3sticos t\u00e9cnicos y financieros, los cuales se ofrecen regularmente a trav\u00e9s de los Centros Mipymes, ubicados en universidades de distintas regiones del pa\u00eds. Tambi\u00e9n se ofrecieron orientaciones de las principales entidades financieras del pa\u00eds.<\/p>\n<p>La Semana Mipymes se celebr\u00f3 en el hotel Dominican Fiesta, con el apoyo principal de Banreservas, Equifax, Promipyme y Diario Libre, en un ambiente de networking con un mercado diverso de productos gastron\u00f3micos, joyer\u00eda, artesan\u00edas locales y cosm\u00e9ticos, los cuales generaron ventas por aproximadamente un mill\u00f3n de pesos, entre mercado de artesan\u00eda y mipymes.<\/p>\n<p>En el encuentro se realiz\u00f3 un mercadito de caf\u00e9 y cacao con m\u00e1s de 20 marcas locales, como antesala del tercer Festival del Chocolate Dominicano 2023 (<em>Chocolate.do<\/em>), coauspiciado por el MICM. El mismo se celebrar\u00e1 del 19 al 24 de agosto en distintos comercios del pa\u00eds, simult\u00e1neamente, y terminar\u00e1 con una exposici\u00f3n de chocolates del 25 al 27 de agosto en \u00c1gora Mall, en Santo Domingo.<\/p>\n<\/div>\n","protected":false},"excerpt":{"rendered":"<p>Durante cuatro d\u00edas, el MICM y decenas de instituciones ofrecieron servicios gratuitos, desde digitalizaci\u00f3n, formalizaci\u00f3n, geolocalizaci\u00f3n, dise\u00f1o, asesor\u00edas t\u00e9cnicas y financieras, as\u00ed como capacitaciones a emprendedores y mipymes Santo Domingo.\u2013\u00a0La&hellip; <\/p>\n","protected":false},"author":2,"featured_media":3741,"comment_status":"closed","ping_status":"closed","sticky":false,"template":"","format":"standard","meta":{"fifu_image_url":"https:\/\/i0.wp.com\/micm.gob.do\/images\/noticias\/2023\/06-junio\/Miles_impulsan_sus_negocios_en_Semana_Mipymes_02.jpg?w=1110&ssl=1","fifu_image_alt":"Miles impulsan sus negocios en Semana Mipymes del MICM","footnotes":""},"categories":[63],"tags":[],"class_list":["post-3740","post","type-post","status-publish","format-standard","has-post-thumbnail","hentry","category-actualidad"],"_links":{"self":[{"href":"https:\/\/elmundodelapolitica.com\/v1\/wp-json\/wp\/v2\/posts\/3740","targetHints":{"allow":["GET"]}}],"collection":[{"href":"https:\/\/elmundodelapolitica.com\/v1\/wp-json\/wp\/v2\/posts"}],"about":[{"href":"https:\/\/elmundodelapolitica.com\/v1\/wp-json\/wp\/v2\/types\/post"}],"author":[{"embeddable":true,"href":"https:\/\/elmundodelapolitica.com\/v1\/wp-json\/wp\/v2\/users\/2"}],"replies":[{"embeddable":true,"href":"https:\/\/elmundodelapolitica.com\/v1\/wp-json\/wp\/v2\/comments?post=3740"}],"version-history":[{"count":0,"href":"https:\/\/elmundodelapolitica.com\/v1\/wp-json\/wp\/v2\/posts\/3740\/revisions"}],"wp:featuredmedia":[{"embeddable":true,"href":"https:\/\/elmundodelapolitica.com\/v1\/wp-json\/wp\/v2\/media\/3741"}],"wp:attachment":[{"href":"https:\/\/elmundodelapolitica.com\/v1\/wp-json\/wp\/v2\/media?parent=3740"}],"wp:term":[{"taxonomy":"category","embeddable":true,"href":"https:\/\/elmundodelapolitica.com\/v1\/wp-json\/wp\/v2\/categories?post=3740"},{"taxonomy":"post_tag","embeddable":true,"href":"https:\/\/elmundodelapolitica.com\/v1\/wp-json\/wp\/v2\/tags?post=3740"}],"curies":[{"name":"wp","href":"https:\/\/api.w.org\/{rel}","templated":true}]}}