{"id":374,"date":"2022-06-01T13:17:05","date_gmt":"2022-06-01T17:17:05","guid":{"rendered":"http:\/\/www.elmundodelapolitica.com\/v2\/?p=25433"},"modified":"2022-06-01T13:17:05","modified_gmt":"2022-06-01T17:17:05","slug":"partido-fuerza-del-pueblo-escoge-dirigentes-en-ny-y-otros-condados","status":"publish","type":"post","link":"https:\/\/elmundodelapolitica.com\/v1\/partido-fuerza-del-pueblo-escoge-dirigentes-en-ny-y-otros-condados\/","title":{"rendered":"Partido Fuerza del Pueblo escoge dirigentes en NY y otros condados"},"content":{"rendered":"\n<p>NUEVA YORK.- El partido&nbsp;Fuerza del Pueblo&nbsp;(FP) escogi\u00f3 este fin de semana a su equipo de direcci\u00f3n para el condado de Queens, Nueva York, donde el doctor Domingo P\u00e9rez, miembro de la direcci\u00f3n central, fue electo como secretario general.<\/p>\n\n\n\n<p>Mientras que, en la asamblea realizada en modalidad virtual, el licenciado Roberto Tavarez, tambi\u00e9n miembro de la direcci\u00f3n central, fue escogido como encargado electoral por el condado de Queens y de la Juventud en New York.<\/p>\n\n\n\n<p>\u201cAyer se conform\u00f3 la direcci\u00f3n pol\u00edtica estatal de la Fuerza del Pueblo en el estado de Nueva York, al tiempo de dejar juramentado todas las direcciones de los dem\u00e1s condados\u201d, sostuvo P\u00e9rez, quien es adem\u00e1s encargado de asuntos jur\u00eddicos y t\u00e9cnico ante la Junta Central Electoral.<\/p>\n\n\n\n<h4 class=\"wp-block-heading\">ESTRUCTURA ORGANIZACIONAL<\/h4>\n\n\n\n<p>Como presidente de FP en Queens fue elegido Mariano de Jes\u00fas Garc\u00eda Hidalgo; Mar\u00eda de los \u00c1ngeles \u00c1lvarez Cabrera, vicepresidenta y encargada de Redes Sociales; Domingo P\u00e9rez, secretario general; Arysleida G\u00f3mez Cabral, encargada de Formaci\u00f3n Pol\u00edtica y de Actas y Correspondencias.<\/p>\n\n\n\n<p>Ana Sof\u00eda J\u00e1quez, en Finanzas; Juan del Carmen Guerrero, encargado de Organizaci\u00f3n; Roberto Germ\u00e1n Torres Lora, encargado de Asuntos Electorales, y Marilin Fern\u00e1ndez C\u00e1ceres, Gesti\u00f3n Operativa y Eventos.<\/p>\n\n\n\n<p>Tambi\u00e9n, Manuel Mar\u00eda Reyes P\u00e9rez, encargado de Propaganda y de Deportes; Filemon Rodr\u00edguez Collado, encargado de Tecnolog\u00edas y Organizaciones Religiosas; Mar\u00eda de los Angeles Cabrera, encargado de Comunicaciones; Pedro Luis Abreu Rodr\u00edguez, encargado de la Juventud.<\/p>\n","protected":false},"excerpt":{"rendered":"<p>NUEVA YORK.- El partido&nbsp;Fuerza del Pueblo&nbsp;(FP) escogi\u00f3 este fin de semana a su equipo de direcci\u00f3n para el condado de Queens, Nueva York, donde el doctor Domingo P\u00e9rez, miembro de&hellip; <\/p>\n","protected":false},"author":2,"featured_media":375,"comment_status":"closed","ping_status":"open","sticky":false,"template":"","format":"standard","meta":{"fifu_image_url":"","fifu_image_alt":"","footnotes":""},"categories":[17],"tags":[],"class_list":["post-374","post","type-post","status-publish","format-standard","has-post-thumbnail","hentry","category-politica"],"_links":{"self":[{"href":"https:\/\/elmundodelapolitica.com\/v1\/wp-json\/wp\/v2\/posts\/374","targetHints":{"allow":["GET"]}}],"collection":[{"href":"https:\/\/elmundodelapolitica.com\/v1\/wp-json\/wp\/v2\/posts"}],"about":[{"href":"https:\/\/elmundodelapolitica.com\/v1\/wp-json\/wp\/v2\/types\/post"}],"author":[{"embeddable":true,"href":"https:\/\/elmundodelapolitica.com\/v1\/wp-json\/wp\/v2\/users\/2"}],"replies":[{"embeddable":true,"href":"https:\/\/elmundodelapolitica.com\/v1\/wp-json\/wp\/v2\/comments?post=374"}],"version-history":[{"count":0,"href":"https:\/\/elmundodelapolitica.com\/v1\/wp-json\/wp\/v2\/posts\/374\/revisions"}],"wp:featuredmedia":[{"embeddable":true,"href":"https:\/\/elmundodelapolitica.com\/v1\/wp-json\/wp\/v2\/media\/375"}],"wp:attachment":[{"href":"https:\/\/elmundodelapolitica.com\/v1\/wp-json\/wp\/v2\/media?parent=374"}],"wp:term":[{"taxonomy":"category","embeddable":true,"href":"https:\/\/elmundodelapolitica.com\/v1\/wp-json\/wp\/v2\/categories?post=374"},{"taxonomy":"post_tag","embeddable":true,"href":"https:\/\/elmundodelapolitica.com\/v1\/wp-json\/wp\/v2\/tags?post=374"}],"curies":[{"name":"wp","href":"https:\/\/api.w.org\/{rel}","templated":true}]}}