{"id":3734,"date":"2023-06-27T08:59:13","date_gmt":"2023-06-27T12:59:13","guid":{"rendered":"https:\/\/elmundodelapolitica.com\/v1\/?p=3734"},"modified":"2023-06-27T08:59:13","modified_gmt":"2023-06-27T12:59:13","slug":"prodominicana-promocionara-la-oferta-exportable-en-summer-fancy-food-ee-uu","status":"publish","type":"post","link":"https:\/\/elmundodelapolitica.com\/v1\/prodominicana-promocionara-la-oferta-exportable-en-summer-fancy-food-ee-uu\/","title":{"rendered":"ProDominicana promocionar\u00e1 la oferta exportable en Summer Fancy Food EE. UU."},"content":{"rendered":"<div>\n<p>Santo Domingo.- El Centro de Exportaci\u00f3n e Inversi\u00f3n de la Rep\u00fablica Dominicana\u00a0<strong>(ProDominicana)<\/strong>\u00a0encabeza la delegaci\u00f3n del pa\u00eds que participa en la feria internacional\u00a0<strong>Summer Fancy Food Show<\/strong>\u00a0a celebrarse del 25 al 27 de junio del 2023 en el Javits Convention Center, Nueva York, Estados Unidos.\u00a0<\/p>\n<div class=\"wp-block-image\">\n<figure class=\"aligncenter size-large\"><img data-attachment-id=\"30538\" data-permalink=\"https:\/\/elmundodelosnegocios.com.do\/v1\/index.php\/2023\/06\/27\/prodominicana-promocionara-la-oferta-exportable-en-summer-fancy-food-ee-uu\/3-171\/\" data-orig-file=\"https:\/\/i0.wp.com\/elmundodelosnegocios.com.do\/v1\/wp-content\/uploads\/2023\/06\/3.jpeg?fit=1300%2C731&amp;ssl=1\" data-orig-size=\"1300,731\" data-comments-opened=\"0\" data-image-meta='{\"aperture\":\"0\",\"credit\":\"\",\"camera\":\"\",\"caption\":\"\",\"created_timestamp\":\"0\",\"copyright\":\"\",\"focal_length\":\"0\",\"iso\":\"0\",\"shutter_speed\":\"0\",\"title\":\"\",\"orientation\":\"0\"}' data-image-title=\"3\" data-image-description=\"\" data-image-caption=\"\" data-medium-file=\"https:\/\/i0.wp.com\/elmundodelosnegocios.com.do\/v1\/wp-content\/uploads\/2023\/06\/3.jpeg?fit=300%2C169&amp;ssl=1\" data-large-file=\"https:\/\/i0.wp.com\/elmundodelosnegocios.com.do\/v1\/wp-content\/uploads\/2023\/06\/3.jpeg?fit=1024%2C576&amp;ssl=1\" decoding=\"async\" loading=\"lazy\" width=\"1024\" height=\"576\" src=\"https:\/\/i0.wp.com\/elmundodelosnegocios.com.do\/v1\/wp-content\/uploads\/2023\/06\/3-1024x576.jpeg?resize=1024,576&amp;ssl=1\" alt=\"\" class=\"wp-image-30538\" srcset=\"https:\/\/i0.wp.com\/elmundodelosnegocios.com.do\/v1\/wp-content\/uploads\/2023\/06\/3.jpeg?resize=1024%2C576&amp;ssl=1 1024w, https:\/\/i0.wp.com\/elmundodelosnegocios.com.do\/v1\/wp-content\/uploads\/2023\/06\/3.jpeg?resize=300%2C169&amp;ssl=1 300w, https:\/\/i0.wp.com\/elmundodelosnegocios.com.do\/v1\/wp-content\/uploads\/2023\/06\/3.jpeg?resize=768%2C432&amp;ssl=1 768w, https:\/\/i0.wp.com\/elmundodelosnegocios.com.do\/v1\/wp-content\/uploads\/2023\/06\/3.jpeg?w=1300&amp;ssl=1 1300w\" sizes=\"auto, (max-width: 1024px) 100vw, 1024px\" data-recalc-dims=\"1\"><\/figure>\n<\/div>\n<p>El objetivo de esta misi\u00f3n es conectar a los exportadores dominicanos con compradores calificados para\u00a0<strong>fortalecer las relaciones comerciales, establecer contactos y aprender de los l\u00edderes de la industria.\u00a0<\/strong><\/p>\n<p>En ese sentido,\u00a0<strong>la directora ejecutiva de ProDominicana, Biviana Riveiro Disla<\/strong>, expres\u00f3 que la participaci\u00f3n de los exportadores dominicanos en esta<strong>\u00a0feria, dedicada a alimentos y bebidas<\/strong>, tiene un alto potencial para\u00a0<strong>hacer<\/strong>\u00a0<strong>negocios conjuntos y reuniones<\/strong>, as\u00ed como\u00a0<strong>compartir informaci\u00f3n con empresarios estadounidenses<\/strong>.\u00a0<em>\u201cExhibir los productos dominicanos en el Summer Fancy Food Show es la forma m\u00e1s efectiva de hacer crecer los negocios del pa\u00eds en el mercado norteamericano\u201d.\u00a0<\/em><\/p>\n<p>Riveiro indic\u00f3 que el mercado estadounidense muestra una\u00a0<strong>demanda creciente en los \u00faltimos a\u00f1os por los cigarros puros<\/strong>.\u00a0<em>\u201cPara el 2022, las exportaciones de cigarros puros totalizaron los USD 870 millones, lo que representa una gran oportunidad para seguir incrementando la participaci\u00f3n de este rubro en el mercado\u201d.<\/em>\u00a0<\/p>\n<p>Asimismo, se destaca que para el 2022 los\u00a0<strong>disyuntores<\/strong>\u00a0acumularon un monto de USD 694 millones, seguido por los\u00a0<strong>instrumentos y aparatos m\u00e9dicos\u00a0<\/strong>US 626 millones,\u00a0<strong>art\u00edculos de joyer\u00eda<\/strong>\u00a0US 599 millones y los\u00a0<strong>T-shirts y camisetas<\/strong>\u00a0US 261 millones,\u00a0<strong>en exportaci\u00f3n hacia EE. UU<\/strong>.\u00a0<\/p>\n<p>La ejecutiva puntualiz\u00f3 que tradicionalmente el mercado de\u00a0<strong>Estados Unidos ha sido el principal destino de las exportaciones dominicanas<\/strong>. En 2022, las exportaciones hacia Norteam\u00e9rica totalizaron USD 6,242.6 millones, representando un\u00a0<strong>incremento interanual de 5,7 %.<\/strong>\u00a0En la actualidad, desde enero hasta mayo 2023 el pa\u00eds ha exportado un total de\u00a0<strong>USD 2,644.4<\/strong>.\u00a0<\/p>\n<p>El Summer Fancy Food Show 2023 se ha catalogado como el\u00a0<strong>evento de alimentos especiales B2B m\u00e1s grande de los Estados Unidos<\/strong>\u00a0y presenta miles de productos de alimentos y bebidas especiales de\u00a0<strong>proveedores estadounidenses e internacionales<\/strong>. La feria tambi\u00e9n contar\u00e1 con un pabell\u00f3n de inicio, pabellones estatales e internacionales, exhibiciones de novedades, rescate y donaci\u00f3n de alimentos.\u00a0<\/p>\n<p>Durante el evento, las empresas dominicanas tendr\u00e1n la oportunidad de exhibir productos como galletas, pasta y bizcochos de la compa\u00f1\u00eda Molinos Valle del Cibao; alimentos precocidos congelados de Sylvan Foods; caf\u00e9 a cargo de Industrias Banilejas, S.A.S.; helados libres de l\u00e1cteos; snacks saludables, gluten free y vegan por Plant Powered; jugos, leches, baby food de Pasteurizadora Rica; casabe o pan de yuca de Guaraguan\u00f3 Foods S.R.L.; mermeladas finas tropicales y pastas de frutas de Deliciel.<\/p>\n<p>Las empresas participantes realizar\u00e1n la\u00a0<strong>introducci\u00f3n y presentaci\u00f3n de muestras de los productos<\/strong>\u00a0que est\u00e1n presentes en los stands\u00a0<strong>a los visitantes<\/strong>\u00a0durante los d\u00edas de exhibici\u00f3n. Los proveedores que apoyar\u00e1n con el env\u00edo de muestras son: P&amp;P Tropical Mix, Ontario.fit, Heritage, Heritage_chocolate, Definite Chocolate, Cocofit.<\/p>\n<\/div>\n","protected":false},"excerpt":{"rendered":"<p>Santo Domingo.- El Centro de Exportaci\u00f3n e Inversi\u00f3n de la Rep\u00fablica Dominicana\u00a0(ProDominicana)\u00a0encabeza la delegaci\u00f3n del pa\u00eds que participa en la feria internacional\u00a0Summer Fancy Food Show\u00a0a celebrarse del 25 al 27&hellip; <\/p>\n","protected":false},"author":2,"featured_media":3735,"comment_status":"closed","ping_status":"closed","sticky":false,"template":"","format":"standard","meta":{"fifu_image_url":"https:\/\/i0.wp.com\/elmundodelosnegocios.com.do\/v1\/wp-content\/uploads\/2023\/06\/3-1024x576.jpeg?resize=1024,576&ssl=1","fifu_image_alt":"ProDominicana promocionar\u00e1 la oferta exportable en Summer Fancy Food EE. UU.","footnotes":""},"categories":[63],"tags":[],"class_list":["post-3734","post","type-post","status-publish","format-standard","has-post-thumbnail","hentry","category-actualidad"],"_links":{"self":[{"href":"https:\/\/elmundodelapolitica.com\/v1\/wp-json\/wp\/v2\/posts\/3734","targetHints":{"allow":["GET"]}}],"collection":[{"href":"https:\/\/elmundodelapolitica.com\/v1\/wp-json\/wp\/v2\/posts"}],"about":[{"href":"https:\/\/elmundodelapolitica.com\/v1\/wp-json\/wp\/v2\/types\/post"}],"author":[{"embeddable":true,"href":"https:\/\/elmundodelapolitica.com\/v1\/wp-json\/wp\/v2\/users\/2"}],"replies":[{"embeddable":true,"href":"https:\/\/elmundodelapolitica.com\/v1\/wp-json\/wp\/v2\/comments?post=3734"}],"version-history":[{"count":0,"href":"https:\/\/elmundodelapolitica.com\/v1\/wp-json\/wp\/v2\/posts\/3734\/revisions"}],"wp:featuredmedia":[{"embeddable":true,"href":"https:\/\/elmundodelapolitica.com\/v1\/wp-json\/wp\/v2\/media\/3735"}],"wp:attachment":[{"href":"https:\/\/elmundodelapolitica.com\/v1\/wp-json\/wp\/v2\/media?parent=3734"}],"wp:term":[{"taxonomy":"category","embeddable":true,"href":"https:\/\/elmundodelapolitica.com\/v1\/wp-json\/wp\/v2\/categories?post=3734"},{"taxonomy":"post_tag","embeddable":true,"href":"https:\/\/elmundodelapolitica.com\/v1\/wp-json\/wp\/v2\/tags?post=3734"}],"curies":[{"name":"wp","href":"https:\/\/api.w.org\/{rel}","templated":true}]}}