{"id":3728,"date":"2023-06-27T08:45:26","date_gmt":"2023-06-27T12:45:26","guid":{"rendered":"https:\/\/elmundodelapolitica.com\/v1\/?p=3728"},"modified":"2023-06-27T08:45:26","modified_gmt":"2023-06-27T12:45:26","slug":"sns-y-sociedad-de-ginecologia-realizan-taller-practicas-para-mejorar-salud-materno-fetal","status":"publish","type":"post","link":"https:\/\/elmundodelapolitica.com\/v1\/sns-y-sociedad-de-ginecologia-realizan-taller-practicas-para-mejorar-salud-materno-fetal\/","title":{"rendered":"SNS y Sociedad de Ginecolog\u00eda realizan taller \u201cPr\u00e1cticas para Mejorar Salud Materno Fetal\u201d"},"content":{"rendered":"<div>\n<p>Santo Domingo.- Con el prop\u00f3sito de\u00a0<strong>continuar reduciendo la<\/strong>\u00a0<strong>mortalidad materna y neonatal en el pa\u00eds<\/strong>, el Servicio Nacional de Salud\u00a0<strong>(SNS)<\/strong>, a trav\u00e9s de la Direcci\u00f3n Materno Infantil y Adolescentes, junto a la\u00a0<strong>Sociedad Dominicana de Ginecolog\u00eda y Obstetricia<\/strong>, realizaron este lunes el taller\u00a0<strong>\u201cPr\u00e1cticas para Mejorar Salud Materno Fetal\u201d.<\/strong><\/p>\n<div class=\"wp-block-image\">\n<figure class=\"aligncenter size-large\"><img data-attachment-id=\"30528\" data-permalink=\"https:\/\/elmundodelosnegocios.com.do\/v1\/index.php\/2023\/06\/27\/sns-y-sociedad-de-ginecologia-realizan-taller-practicas-para-mejorar-salud-materno-fetal\/11-8\/\" data-orig-file=\"https:\/\/i0.wp.com\/elmundodelosnegocios.com.do\/v1\/wp-content\/uploads\/2023\/06\/11.jpeg?fit=1300%2C731&amp;ssl=1\" data-orig-size=\"1300,731\" data-comments-opened=\"0\" data-image-meta='{\"aperture\":\"0\",\"credit\":\"\",\"camera\":\"\",\"caption\":\"\",\"created_timestamp\":\"0\",\"copyright\":\"\",\"focal_length\":\"0\",\"iso\":\"0\",\"shutter_speed\":\"0\",\"title\":\"\",\"orientation\":\"0\"}' data-image-title=\"11\" data-image-description=\"\" data-image-caption=\"\" data-medium-file=\"https:\/\/i0.wp.com\/elmundodelosnegocios.com.do\/v1\/wp-content\/uploads\/2023\/06\/11.jpeg?fit=300%2C169&amp;ssl=1\" data-large-file=\"https:\/\/i0.wp.com\/elmundodelosnegocios.com.do\/v1\/wp-content\/uploads\/2023\/06\/11.jpeg?fit=1024%2C576&amp;ssl=1\" decoding=\"async\" loading=\"lazy\" width=\"1024\" height=\"576\" src=\"https:\/\/i0.wp.com\/elmundodelosnegocios.com.do\/v1\/wp-content\/uploads\/2023\/06\/11-1024x576.jpeg?resize=1024,576&amp;ssl=1\" alt=\"\" class=\"wp-image-30528\" srcset=\"https:\/\/i0.wp.com\/elmundodelosnegocios.com.do\/v1\/wp-content\/uploads\/2023\/06\/11.jpeg?resize=1024%2C576&amp;ssl=1 1024w, https:\/\/i0.wp.com\/elmundodelosnegocios.com.do\/v1\/wp-content\/uploads\/2023\/06\/11.jpeg?resize=300%2C169&amp;ssl=1 300w, https:\/\/i0.wp.com\/elmundodelosnegocios.com.do\/v1\/wp-content\/uploads\/2023\/06\/11.jpeg?resize=768%2C432&amp;ssl=1 768w, https:\/\/i0.wp.com\/elmundodelosnegocios.com.do\/v1\/wp-content\/uploads\/2023\/06\/11.jpeg?w=1300&amp;ssl=1 1300w\" sizes=\"auto, (max-width: 1024px) 100vw, 1024px\" data-recalc-dims=\"1\"><\/figure>\n<\/div>\n<p>En la actividad,\u00a0<strong>el director ejecutivo del SNS, doctor Mario Lama,<\/strong>\u00a0llam\u00f3 a los especialistas presentes a brindar\u00a0<strong>servicios de calidad y humanizados<\/strong>, destacando que a las personas hay que darles asistencia independientemente de la condici\u00f3n religiosa, econ\u00f3mica, migratoria o preferencia sexual.<\/p>\n<p>\u201cPor eso estamos aqu\u00ed ofreci\u00e9ndoles los instrumentos para mejorar, para que refuercen la consulta prenatal y las atenciones de emergencia. Si logramos ver por primera vez a una paciente por consulta, tenemos que dar la mejor consulta prenatal posible, porque as\u00ed podr\u00edamos indicar las anal\u00edticas de rigor, aplicar los medicamentos necesarios y mejorar sus condiciones de morbilidad\u201d, destac\u00f3 Lama.<\/p>\n<p>Igualmente, Lama manifest\u00f3 que\u00a0<strong>los hospitales de la Red P\u00fablica<\/strong>\u00a0han ido mejorando gradualmente\u00a0<strong>sus condiciones f\u00edsicas y de equipamiento<\/strong>, hecho que se manifiesta en el\u00a0<strong>incremento exponencial de los servicios en cantidad y calidad<\/strong>. Indic\u00f3 adem\u00e1s que en la actualidad la Red cuenta con\u00a0<strong>m\u00e1s de 30 tom\u00f3grafos<\/strong>\u00a0funcionando, nueve de estos de 128 cortes que est\u00e1n siendo instalados en estos momentos.<\/p>\n<p>Tambi\u00e9n resalt\u00f3 que en el per\u00edodo enero -mayo 2023 se ha registrado una\u00a0<strong>cifra hist\u00f3rica en pruebas de laboratorios<\/strong>, superando con m\u00e1s de cuatro millones de pruebas el per\u00edodo anterior, situaci\u00f3n que ha pasado en todos los renglones de servicios.<\/p>\n<p><strong>El titular de la Direcci\u00f3n Materno Infantil y Adolescentes, Mart\u00edn Ortiz<\/strong>, agradeci\u00f3 el apoyo del director del SNS, Mario Lama, por impulsar las propuestas de mejora en la\u00a0<strong>capacitaci\u00f3n de los colaboradores y la calidad en la atenci\u00f3n de los servicios<\/strong>\u00a0que reciben quienes van a los hospitales.\u00a0\u00a0<\/p>\n<p>\u201cVamos a traer lo mejor para nuestros m\u00e9dicos, por lo que hoy les estamos ofreciendo este taller con especialistas de renombre internacional y altamente calificados en el tema materno infantil. Saben que el desarrollo de un pa\u00eds se mide por la mortalidad materna y la infantil. El a\u00f1o pasado redujimos la raz\u00f3n materna a un 35 %; este a\u00f1o el objetivo es mayor, por lo que necesitamos que cada uno de ustedes se empodere para que se logre una reducci\u00f3n significativa de estas mortalidades\u201d,\u00a0agreg\u00f3 Ortiz.<\/p>\n<p><strong>El presidente de la Sociedad Dominicana de Ginecolog\u00eda y Obstetricia, C\u00e9sar L\u00f3pez,<\/strong>\u00a0calific\u00f3 el evento como un privilegio que los participantes est\u00e1n recibiendo de forma gratuita. \u201c<em>Es un espacio para aprender, esperamos que sea de provecho, tanto para los especialistas como para los pacientes que acuden a los hospitales\u201d,<\/em>\u00a0agreg\u00f3.<\/p>\n<p>El taller ser\u00e1 impartido desde el lunes 26 hasta el martes 27 por los doctores de renombre internacional\u00a0<strong>Jezid Mirando Quintero<\/strong>\u00a0y\u00a0<strong>Miguel Parra<\/strong>, ambos ginec\u00f3logos obstetras y con especialidad materno fetal, de\u00a0<strong>vasta experiencia en el manejo de condiciones cr\u00edticas y otras situaciones de salud materno fetal.<\/strong><\/p>\n<p>En evento cuenta con la participaci\u00f3n de alrededor de\u00a0<strong>200 m\u00e9dicos obstetras de los diferentes hospitales de la Red<\/strong>\u00a0y en el mismo se abordar\u00e1n temas como control prenatal basado en factores de riesgo, sistema de alerta temprana, kit de emergencias obst\u00e9tricas, manejo actual de infecciones perinatales, enfoque y manejo de feto con espina b\u00edfida y otras malformaciones, entre diversos temas de sumo inter\u00e9s.<\/p>\n<\/div>\n","protected":false},"excerpt":{"rendered":"<p>Santo Domingo.- Con el prop\u00f3sito de\u00a0continuar reduciendo la\u00a0mortalidad materna y neonatal en el pa\u00eds, el Servicio Nacional de Salud\u00a0(SNS), a trav\u00e9s de la Direcci\u00f3n Materno Infantil y Adolescentes, junto a&hellip; <\/p>\n","protected":false},"author":2,"featured_media":3729,"comment_status":"closed","ping_status":"closed","sticky":false,"template":"","format":"standard","meta":{"fifu_image_url":"https:\/\/i0.wp.com\/elmundodelosnegocios.com.do\/v1\/wp-content\/uploads\/2023\/06\/11-1024x576.jpeg?resize=1024,576&ssl=1","fifu_image_alt":"SNS y Sociedad de Ginecolog\u00eda realizan taller \u201cPr\u00e1cticas para Mejorar Salud Materno Fetal\u201d","footnotes":""},"categories":[63],"tags":[],"class_list":["post-3728","post","type-post","status-publish","format-standard","has-post-thumbnail","hentry","category-actualidad"],"_links":{"self":[{"href":"https:\/\/elmundodelapolitica.com\/v1\/wp-json\/wp\/v2\/posts\/3728","targetHints":{"allow":["GET"]}}],"collection":[{"href":"https:\/\/elmundodelapolitica.com\/v1\/wp-json\/wp\/v2\/posts"}],"about":[{"href":"https:\/\/elmundodelapolitica.com\/v1\/wp-json\/wp\/v2\/types\/post"}],"author":[{"embeddable":true,"href":"https:\/\/elmundodelapolitica.com\/v1\/wp-json\/wp\/v2\/users\/2"}],"replies":[{"embeddable":true,"href":"https:\/\/elmundodelapolitica.com\/v1\/wp-json\/wp\/v2\/comments?post=3728"}],"version-history":[{"count":0,"href":"https:\/\/elmundodelapolitica.com\/v1\/wp-json\/wp\/v2\/posts\/3728\/revisions"}],"wp:featuredmedia":[{"embeddable":true,"href":"https:\/\/elmundodelapolitica.com\/v1\/wp-json\/wp\/v2\/media\/3729"}],"wp:attachment":[{"href":"https:\/\/elmundodelapolitica.com\/v1\/wp-json\/wp\/v2\/media?parent=3728"}],"wp:term":[{"taxonomy":"category","embeddable":true,"href":"https:\/\/elmundodelapolitica.com\/v1\/wp-json\/wp\/v2\/categories?post=3728"},{"taxonomy":"post_tag","embeddable":true,"href":"https:\/\/elmundodelapolitica.com\/v1\/wp-json\/wp\/v2\/tags?post=3728"}],"curies":[{"name":"wp","href":"https:\/\/api.w.org\/{rel}","templated":true}]}}