{"id":3725,"date":"2023-06-27T08:43:11","date_gmt":"2023-06-27T12:43:11","guid":{"rendered":"https:\/\/elmundodelapolitica.com\/v1\/?p=3725"},"modified":"2023-06-27T08:43:13","modified_gmt":"2023-06-27T12:43:13","slug":"presidente-abinader-llega-a-belice-para-participar-en-la-lvll-cumbre-de-jefes-de-estado-y-de-gobierno-del-sica","status":"publish","type":"post","link":"https:\/\/elmundodelapolitica.com\/v1\/presidente-abinader-llega-a-belice-para-participar-en-la-lvll-cumbre-de-jefes-de-estado-y-de-gobierno-del-sica\/","title":{"rendered":"Presidente Abinader llega a Belice para participar en la LVll Cumbre de Jefes de Estado y de Gobierno del SICA"},"content":{"rendered":"\n<p>Belice.-&nbsp;<strong>El presidente Luis Abinader lleg\u00f3 a las 5:00 de la tarde<\/strong>&nbsp;de este lunes, hora de Belice, a la referida naci\u00f3n centroamericana, donde participar\u00e1 en la&nbsp;<strong>LVll Cumbre de Jefes de Estado y de Gobierno del SICA.&nbsp;<\/strong><\/p>\n\n\n\n<p>El mandatario parti\u00f3 desde la&nbsp;<strong>Base A\u00e9rea de San Isidro a las 3:49 de la tarde<\/strong>&nbsp;y arrib\u00f3 por el Aeropuerto Internacional Riversdale, donde fue recibido por personal de protocolo.<\/p>\n\n\n\n<p><strong>Agenda a desarrollar<\/strong><\/p>\n\n\n\n<p>El presidente Abinader iniciar\u00e1 su agenda a las&nbsp;<strong>6:00 de la tarde<\/strong>&nbsp;al participar en una&nbsp;<strong>recepci\u00f3n y experiencia cultural<\/strong>&nbsp;ofrecida a los jefes de Estado y de Gobierno, ministros de Relaciones Exteriores e invitados especiales.&nbsp; &nbsp; &nbsp; &nbsp; &nbsp; &nbsp; &nbsp; &nbsp; &nbsp; &nbsp; &nbsp; &nbsp; &nbsp; &nbsp; &nbsp; &nbsp; &nbsp; &nbsp;&nbsp;<\/p>\n\n\n\n<p>Mientras,&nbsp;<strong>el martes participar\u00e1 en la LVII Reuni\u00f3n Ordinaria de Jefes de Estado y de Gobierno<\/strong>&nbsp;del Sistema de la Integraci\u00f3n Centroamericana&nbsp;<strong>(SICA),<\/strong>&nbsp;en el UMAYA Resort.<\/p>\n\n\n\n<p>La sesi\u00f3n iniciar\u00e1 a las&nbsp;<strong>8:45 de la ma\u00f1ana<\/strong>&nbsp;con las palabras del primer ministro de Belice y presidente&nbsp;<strong>pro tempore<\/strong>del SICA,&nbsp;<strong>John Brice\u00f1o<\/strong>. Luego tomar\u00e1 la palabra el secretario general del SICA,&nbsp;<strong>Werner Isaac Vargas Torres.<\/strong><\/p>\n\n\n\n<p>Para las&nbsp;<strong>8:55 de la ma\u00f1ana<\/strong>&nbsp;la agenda contempla la&nbsp;<strong>foto de familia<\/strong>&nbsp;de los jefes de Estado y de Gobierno del SICA para luego iniciar con&nbsp;<strong>la sesi\u00f3n de trabajo<\/strong>.<\/p>\n\n\n\n<p>A las&nbsp;<strong>12:00 del d\u00eda<\/strong>&nbsp;el primer ministro de Belice y presidente<em>&nbsp;pro tempore<\/em>&nbsp;del SICA,&nbsp;<strong>John Brice\u00f1o<\/strong>, tendr\u00e1 a su cargo las&nbsp;<strong>palabras de cierre<\/strong>&nbsp;y a las 12:05 de la tarde el secretario general del SICA,&nbsp;<strong>Werner Isaac Vargas tendr\u00e1 otra intervenci\u00f3n.<\/strong>&nbsp;<\/p>\n\n\n\n<p>El traspaso de la&nbsp;<strong>presidencia&nbsp;<\/strong><em><strong>pro tempore<\/strong><\/em><strong>&nbsp;del SICA a la Rep\u00fablica de El Salvador&nbsp;<\/strong>est\u00e1 pautado para las&nbsp;<strong>12:10 de la tarde<\/strong>. A las&nbsp;<strong>12:15<\/strong>&nbsp;<strong>el jefe de delegaci\u00f3n<\/strong>&nbsp;de esta naci\u00f3n tendr\u00e1 a su cargo&nbsp;<strong>unas palabras<\/strong>.&nbsp;<\/p>\n\n\n\n<p><strong>El acto de clausura<\/strong>&nbsp;de la LVII Cumbre de Jefes de Estado y de Gobierno del Sistema de la Integraci\u00f3n Centroamericana (SICA) se har\u00e1 a las&nbsp;<strong>12:20 de la tarde<\/strong>.&nbsp; &nbsp;<\/p>\n\n\n\n<p>A las&nbsp;<strong>12:30 de la tarde<\/strong>, el presidente Abinader participar\u00e1 en un&nbsp;<strong>almuerzo<\/strong>&nbsp;ofrecido a los jefes de Estado y de Gobierno, as\u00ed como ministros de Relaciones Exteriores del SICA.&nbsp;<\/p>\n\n\n\n<p>El jefe de Estado viaja acompa\u00f1ado de una delegaci\u00f3n integrada por el ministro de Relaciones Exteriores,&nbsp;<strong>Roberto \u00c1lvarez<\/strong>, y el jefe del Cuerpo de Seguridad Presidencial (CUSEP), general de brigada&nbsp;<strong>Jimmy Arias Grull\u00f3n<\/strong>, adem\u00e1s de sus asistentes&nbsp;<strong>Eilyn Beltr\u00e1n y Mercedes Pichardo.<\/strong><\/p>\n\n\n\n<p>El retorno del gobernante y sus acompa\u00f1antes est\u00e1 previsto para el&nbsp;<strong>martes 27 en las primeras horas de la noche.&nbsp;<\/strong><\/p>\n","protected":false},"excerpt":{"rendered":"<p>Belice.-&nbsp;El presidente Luis Abinader lleg\u00f3 a las 5:00 de la tarde&nbsp;de este lunes, hora de Belice, a la referida naci\u00f3n centroamericana, donde participar\u00e1 en la&nbsp;LVll Cumbre de Jefes de Estado&hellip; <\/p>\n","protected":false},"author":2,"featured_media":3726,"comment_status":"open","ping_status":"open","sticky":false,"template":"","format":"standard","meta":{"fifu_image_url":"","fifu_image_alt":"","footnotes":""},"categories":[53],"tags":[],"class_list":["post-3725","post","type-post","status-publish","format-standard","has-post-thumbnail","hentry","category-gobierno"],"_links":{"self":[{"href":"https:\/\/elmundodelapolitica.com\/v1\/wp-json\/wp\/v2\/posts\/3725","targetHints":{"allow":["GET"]}}],"collection":[{"href":"https:\/\/elmundodelapolitica.com\/v1\/wp-json\/wp\/v2\/posts"}],"about":[{"href":"https:\/\/elmundodelapolitica.com\/v1\/wp-json\/wp\/v2\/types\/post"}],"author":[{"embeddable":true,"href":"https:\/\/elmundodelapolitica.com\/v1\/wp-json\/wp\/v2\/users\/2"}],"replies":[{"embeddable":true,"href":"https:\/\/elmundodelapolitica.com\/v1\/wp-json\/wp\/v2\/comments?post=3725"}],"version-history":[{"count":1,"href":"https:\/\/elmundodelapolitica.com\/v1\/wp-json\/wp\/v2\/posts\/3725\/revisions"}],"predecessor-version":[{"id":3727,"href":"https:\/\/elmundodelapolitica.com\/v1\/wp-json\/wp\/v2\/posts\/3725\/revisions\/3727"}],"wp:featuredmedia":[{"embeddable":true,"href":"https:\/\/elmundodelapolitica.com\/v1\/wp-json\/wp\/v2\/media\/3726"}],"wp:attachment":[{"href":"https:\/\/elmundodelapolitica.com\/v1\/wp-json\/wp\/v2\/media?parent=3725"}],"wp:term":[{"taxonomy":"category","embeddable":true,"href":"https:\/\/elmundodelapolitica.com\/v1\/wp-json\/wp\/v2\/categories?post=3725"},{"taxonomy":"post_tag","embeddable":true,"href":"https:\/\/elmundodelapolitica.com\/v1\/wp-json\/wp\/v2\/tags?post=3725"}],"curies":[{"name":"wp","href":"https:\/\/api.w.org\/{rel}","templated":true}]}}