{"id":372,"date":"2022-06-01T13:17:56","date_gmt":"2022-06-01T17:17:56","guid":{"rendered":"http:\/\/www.elmundodelapolitica.com\/v2\/?p=25436"},"modified":"2022-06-01T13:17:56","modified_gmt":"2022-06-01T17:17:56","slug":"presidente-ve-sector-empresarial-un-motor-de-recuperacion-de-rd","status":"publish","type":"post","link":"https:\/\/elmundodelapolitica.com\/v1\/presidente-ve-sector-empresarial-un-motor-de-recuperacion-de-rd\/","title":{"rendered":"Presidente ve sector empresarial un motor de recuperaci\u00f3n de RD"},"content":{"rendered":"\n<p>SANTO DOMIGO.- El presidente Luis Abinader resalt\u00f3&nbsp; este martes que el&nbsp;sector empresarial&nbsp;ha sido uno de los principales motores que ha influido en la recuperaci\u00f3n de la econom\u00eda en Rep\u00fablica Dominicana.<\/p>\n\n\n\n<p>Destac\u00f3 que la estrategia nacional para el desarrollo que \u00e9l ha impulsado desde el Gobierno, ha dado lugar a una fuerte alianza p\u00fablico-privada.<\/p>\n\n\n\n<p>El Mandatario habl\u00f3 en el hotel El Embajador de esta capital un acto con el cual fue celebrado el D\u00eda Nacional de la Empresa Privada y el 59 aniversario del&nbsp;Consejo Nacional de la Empresa Privada (CONEP). Ali fue recibido por el presidente del gremio, Pedro Brache, &nbsp;y el vicepresidente, C\u00e9sar Dargam.<\/p>\n\n\n\n<p><strong>PROMETE SEGUIR IMPULSANDO CAMBIOS<\/strong><\/p>\n\n\n\n<p>\u201cComo presidente de la Rep\u00fablica me comprometo a seguir trabajando para impulsar los cambios estructurales necesarios que nos permitan ser m\u00e1s competitivos; a abrir los espacios para generar las oportunidades que el sector empresarial necesita para seguir avanzando\u201d, dijo.<\/p>\n\n\n\n<p>Elogi\u00f3 &nbsp;la buena disposici\u00f3n de los empresarios, quienes -seg\u00fan dijo- se han tomado muy en serio el apoyo a las pol\u00edticas propuestas por el Gobierno en distintas materias.<\/p>\n\n\n\n<p>\u201cEsas pol\u00edticas han dado paso a un clima de colaboraci\u00f3n mutua muy positivo entre el Gobierno dominicano y el sector empresarial que en gran medida ha hecho posible la espectacular recuperaci\u00f3n de importantes sectores productivos que son pilares fundamentales de nuestra econom\u00eda\u201d, expres\u00f3.<\/p>\n\n\n\n<p>De su lado, el presidente del CONEP, Pedro Brache, destac\u00f3 que la recuperaci\u00f3n econ\u00f3mica de la Rep\u00fablica Dominicana ha sido m\u00e1s r\u00e1pida que la de muchos pa\u00edses de la regi\u00f3n, y esto incluye el rescate de los niveles de empleos.<\/p>\n","protected":false},"excerpt":{"rendered":"<p>SANTO DOMIGO.- El presidente Luis Abinader resalt\u00f3&nbsp; este martes que el&nbsp;sector empresarial&nbsp;ha sido uno de los principales motores que ha influido en la recuperaci\u00f3n de la econom\u00eda en Rep\u00fablica Dominicana.&hellip; <\/p>\n","protected":false},"author":2,"featured_media":373,"comment_status":"closed","ping_status":"open","sticky":false,"template":"","format":"standard","meta":{"fifu_image_url":"","fifu_image_alt":"","footnotes":""},"categories":[17],"tags":[],"class_list":["post-372","post","type-post","status-publish","format-standard","has-post-thumbnail","hentry","category-politica"],"_links":{"self":[{"href":"https:\/\/elmundodelapolitica.com\/v1\/wp-json\/wp\/v2\/posts\/372","targetHints":{"allow":["GET"]}}],"collection":[{"href":"https:\/\/elmundodelapolitica.com\/v1\/wp-json\/wp\/v2\/posts"}],"about":[{"href":"https:\/\/elmundodelapolitica.com\/v1\/wp-json\/wp\/v2\/types\/post"}],"author":[{"embeddable":true,"href":"https:\/\/elmundodelapolitica.com\/v1\/wp-json\/wp\/v2\/users\/2"}],"replies":[{"embeddable":true,"href":"https:\/\/elmundodelapolitica.com\/v1\/wp-json\/wp\/v2\/comments?post=372"}],"version-history":[{"count":0,"href":"https:\/\/elmundodelapolitica.com\/v1\/wp-json\/wp\/v2\/posts\/372\/revisions"}],"wp:featuredmedia":[{"embeddable":true,"href":"https:\/\/elmundodelapolitica.com\/v1\/wp-json\/wp\/v2\/media\/373"}],"wp:attachment":[{"href":"https:\/\/elmundodelapolitica.com\/v1\/wp-json\/wp\/v2\/media?parent=372"}],"wp:term":[{"taxonomy":"category","embeddable":true,"href":"https:\/\/elmundodelapolitica.com\/v1\/wp-json\/wp\/v2\/categories?post=372"},{"taxonomy":"post_tag","embeddable":true,"href":"https:\/\/elmundodelapolitica.com\/v1\/wp-json\/wp\/v2\/tags?post=372"}],"curies":[{"name":"wp","href":"https:\/\/api.w.org\/{rel}","templated":true}]}}