{"id":3715,"date":"2023-06-26T17:07:29","date_gmt":"2023-06-26T21:07:29","guid":{"rendered":"https:\/\/elmundodelapolitica.com\/v1\/?p=3715"},"modified":"2023-06-26T17:07:29","modified_gmt":"2023-06-26T21:07:29","slug":"directivos-camara-comercio-puerto-plata-realizan-presentacion-espana","status":"publish","type":"post","link":"https:\/\/elmundodelapolitica.com\/v1\/directivos-camara-comercio-puerto-plata-realizan-presentacion-espana\/","title":{"rendered":"Directivos C\u00e1mara Comercio Puerto Plata realizan presentaci\u00f3n Espa\u00f1a"},"content":{"rendered":"<div>\n<p><strong>Castell\u00f3n<\/strong>, Espa\u00f1a. Junio 26, 2023.- Una delegaci\u00f3n de la C\u00e1mara de Comercio y Producci\u00f3n de Puerto Plata realiz\u00f3 una presentaci\u00f3n de los atractivos y oportunidades de inversi\u00f3n de la provincia de Puerto Plata, en Castell\u00f3n en la Comunidad de Valencia, Espa\u00f1a.<\/p>\n<div class=\"wp-block-image\">\n<figure class=\"aligncenter size-large\"><img loading=\"lazy\" data-attachment-id=\"30511\" data-permalink=\"https:\/\/elmundodelosnegocios.com.do\/v1\/index.php\/2023\/06\/26\/directivos-camara-comercio-puerto-plata-realizan-presentacion-espana\/img-20230619-wa0134\/\" data-orig-file=\"https:\/\/i0.wp.com\/elmundodelosnegocios.com.do\/v1\/wp-content\/uploads\/2023\/06\/IMG-20230619-WA0134.jpg?fit=1280%2C634&amp;ssl=1\" data-orig-size=\"1280,634\" data-comments-opened=\"0\" data-image-meta='{\"aperture\":\"0\",\"credit\":\"\",\"camera\":\"\",\"caption\":\"\",\"created_timestamp\":\"0\",\"copyright\":\"\",\"focal_length\":\"0\",\"iso\":\"0\",\"shutter_speed\":\"0\",\"title\":\"\",\"orientation\":\"0\"}' data-image-title=\"IMG-20230619-WA0134\" data-image-description=\"\" data-image-caption=\"\" data-medium-file=\"https:\/\/i0.wp.com\/elmundodelosnegocios.com.do\/v1\/wp-content\/uploads\/2023\/06\/IMG-20230619-WA0134.jpg?fit=300%2C149&amp;ssl=1\" data-large-file=\"https:\/\/i0.wp.com\/elmundodelosnegocios.com.do\/v1\/wp-content\/uploads\/2023\/06\/IMG-20230619-WA0134.jpg?fit=1024%2C507&amp;ssl=1\" decoding=\"async\" width=\"1024\" height=\"507\" src=\"https:\/\/i0.wp.com\/elmundodelosnegocios.com.do\/v1\/wp-content\/uploads\/2023\/06\/IMG-20230619-WA0134-1024x507.jpg?resize=1024,507&amp;ssl=1\" alt=\"\" class=\"wp-image-30511\" srcset=\"https:\/\/i0.wp.com\/elmundodelosnegocios.com.do\/v1\/wp-content\/uploads\/2023\/06\/IMG-20230619-WA0134.jpg?resize=1024%2C507&amp;ssl=1 1024w, https:\/\/i0.wp.com\/elmundodelosnegocios.com.do\/v1\/wp-content\/uploads\/2023\/06\/IMG-20230619-WA0134.jpg?resize=300%2C149&amp;ssl=1 300w, https:\/\/i0.wp.com\/elmundodelosnegocios.com.do\/v1\/wp-content\/uploads\/2023\/06\/IMG-20230619-WA0134.jpg?resize=768%2C380&amp;ssl=1 768w, https:\/\/i0.wp.com\/elmundodelosnegocios.com.do\/v1\/wp-content\/uploads\/2023\/06\/IMG-20230619-WA0134.jpg?w=1280&amp;ssl=1 1280w\" sizes=\"auto, (max-width: 1024px) 100vw, 1024px\" data-recalc-dims=\"1\"><\/figure>\n<\/div>\n<p>La delegaci\u00f3n fue recibida por la presidenta de la C\u00e1mara de Comercio de Castell\u00f3n se\u00f1ora Mar\u00eda Dolores Guillamon<\/p>\n<p>La agenda de trabajo inici\u00f3 con un Foro hablando sobre las oportunidades de negocios e inversi\u00f3n entre Puerto Plata y Castellon.<\/p>\n<p>Castellon es una zona que se caracteriza por una amplia presencia de industrias de art\u00edculos construcci\u00f3n, cer\u00e1mica, ba\u00f1eras, inodoros y grifer\u00eda\u00a0<\/p>\n<p>La asistencia fue de 90 empresarios espa\u00f1oles los cuales compartieron con los representantes de Puerto Plata encabezados por la presidenta de la C\u00e1mara de Comercio y Producci\u00f3n de Puerto Plata Mileyka Brugal quien tuvo a su cargo la exposici\u00f3n: Proyectos clave en pa\u00eds e Inversi\u00f3n.<\/p>\n<\/div>\n","protected":false},"excerpt":{"rendered":"<p>Castell\u00f3n, Espa\u00f1a. Junio 26, 2023.- Una delegaci\u00f3n de la C\u00e1mara de Comercio y Producci\u00f3n de Puerto Plata realiz\u00f3 una presentaci\u00f3n de los atractivos y oportunidades de inversi\u00f3n de la provincia&hellip; <\/p>\n","protected":false},"author":2,"featured_media":3716,"comment_status":"closed","ping_status":"closed","sticky":false,"template":"","format":"standard","meta":{"fifu_image_url":"https:\/\/i0.wp.com\/elmundodelosnegocios.com.do\/v1\/wp-content\/uploads\/2023\/06\/IMG-20230619-WA0134-1024x507.jpg?resize=1024,507&ssl=1","fifu_image_alt":"Directivos C\u00e1mara Comercio Puerto Plata realizan presentaci\u00f3n Espa\u00f1a","footnotes":""},"categories":[63],"tags":[],"class_list":["post-3715","post","type-post","status-publish","format-standard","has-post-thumbnail","hentry","category-actualidad"],"_links":{"self":[{"href":"https:\/\/elmundodelapolitica.com\/v1\/wp-json\/wp\/v2\/posts\/3715","targetHints":{"allow":["GET"]}}],"collection":[{"href":"https:\/\/elmundodelapolitica.com\/v1\/wp-json\/wp\/v2\/posts"}],"about":[{"href":"https:\/\/elmundodelapolitica.com\/v1\/wp-json\/wp\/v2\/types\/post"}],"author":[{"embeddable":true,"href":"https:\/\/elmundodelapolitica.com\/v1\/wp-json\/wp\/v2\/users\/2"}],"replies":[{"embeddable":true,"href":"https:\/\/elmundodelapolitica.com\/v1\/wp-json\/wp\/v2\/comments?post=3715"}],"version-history":[{"count":0,"href":"https:\/\/elmundodelapolitica.com\/v1\/wp-json\/wp\/v2\/posts\/3715\/revisions"}],"wp:featuredmedia":[{"embeddable":true,"href":"https:\/\/elmundodelapolitica.com\/v1\/wp-json\/wp\/v2\/media\/3716"}],"wp:attachment":[{"href":"https:\/\/elmundodelapolitica.com\/v1\/wp-json\/wp\/v2\/media?parent=3715"}],"wp:term":[{"taxonomy":"category","embeddable":true,"href":"https:\/\/elmundodelapolitica.com\/v1\/wp-json\/wp\/v2\/categories?post=3715"},{"taxonomy":"post_tag","embeddable":true,"href":"https:\/\/elmundodelapolitica.com\/v1\/wp-json\/wp\/v2\/tags?post=3715"}],"curies":[{"name":"wp","href":"https:\/\/api.w.org\/{rel}","templated":true}]}}