{"id":3709,"date":"2023-06-26T10:41:18","date_gmt":"2023-06-26T14:41:18","guid":{"rendered":"https:\/\/elmundodelapolitica.com\/v1\/?p=3709"},"modified":"2023-06-26T10:41:18","modified_gmt":"2023-06-26T14:41:18","slug":"firman-unphu-y-grob-pharma-lam-convenio-colaboracion","status":"publish","type":"post","link":"https:\/\/elmundodelapolitica.com\/v1\/firman-unphu-y-grob-pharma-lam-convenio-colaboracion\/","title":{"rendered":"Firman UNPHU y Grob Pharma\/ LAM convenio colaboraci\u00f3n"},"content":{"rendered":"<div>\n<p>La Universidad Nacional Pedro Henr\u00edquez Ure\u00f1a (UNPHU), y Grob Pharma\/ LAM<strong> <\/strong>firmaron un convenio marco de colaboraci\u00f3n, con el objetivo de establecer un marco de actuaci\u00f3n para la colaboraci\u00f3n de actividades enmarcadas a potenciar la cooperaci\u00f3n acad\u00e9mica, cient\u00edfica y cultural.<\/p>\n<figure class=\"wp-block-image size-full\"><img loading=\"lazy\" data-attachment-id=\"30499\" data-permalink=\"https:\/\/elmundodelosnegocios.com.do\/v1\/index.php\/2023\/06\/26\/firman-unphu-y-grob-pharma-lam-convenio-colaboracion\/1-arq-miguel-fiallo-calderon-rector-de-la-unphu-y-ing-ludwig-martin-garcia-matos-vicepresidente-ejecutivo-de-grob-pharma-lam\/\" data-orig-file=\"https:\/\/i0.wp.com\/elmundodelosnegocios.com.do\/v1\/wp-content\/uploads\/2023\/06\/1.-Arq.-Miguel-Fiallo-Calderon-rector-de-la-UNPHU-y-Ing.-Ludwig-Martin-Garcia-Matos-vicepresidente-ejecutivo-de-Grob-Pharma-LAM.jpg?fit=1000%2C563&amp;ssl=1\" data-orig-size=\"1000,563\" data-comments-opened=\"0\" data-image-meta='{\"aperture\":\"1.8\",\"credit\":\"\",\"camera\":\"ILCE-7M3\",\"caption\":\"\",\"created_timestamp\":\"1678803671\",\"copyright\":\"\",\"focal_length\":\"50\",\"iso\":\"400\",\"shutter_speed\":\"0.0125\",\"title\":\"\",\"orientation\":\"1\"}' data-image-title=\"1.-Arq.-Miguel-Fiallo-Calderon-rector-de-la-UNPHU-y-Ing.-Ludwig-Martin-Garcia-Matos-vicepresidente-ejecutivo-de-Grob-Pharma-LAM\" data-image-description=\"&lt;p&gt;Arq. Miguel Fiallo Calder\u00f3n, rector de la UNPHU y el Ing. Ludwig Mart\u00edn Garc\u00eda Matos, vicepresidente ejecutivo de Grob Pharma LAM&lt;\/p&gt;\n\" data-image-caption=\"&lt;p&gt;Arq. Miguel Fiallo Calder\u00f3n, rector de la UNPHU y el Ing. Ludwig Mart\u00edn Garc\u00eda Matos, vicepresidente ejecutivo de Grob Pharma LAM&lt;\/p&gt;\n\" data-medium-file=\"https:\/\/i0.wp.com\/elmundodelosnegocios.com.do\/v1\/wp-content\/uploads\/2023\/06\/1.-Arq.-Miguel-Fiallo-Calderon-rector-de-la-UNPHU-y-Ing.-Ludwig-Martin-Garcia-Matos-vicepresidente-ejecutivo-de-Grob-Pharma-LAM.jpg?fit=300%2C169&amp;ssl=1\" data-large-file=\"https:\/\/i0.wp.com\/elmundodelosnegocios.com.do\/v1\/wp-content\/uploads\/2023\/06\/1.-Arq.-Miguel-Fiallo-Calderon-rector-de-la-UNPHU-y-Ing.-Ludwig-Martin-Garcia-Matos-vicepresidente-ejecutivo-de-Grob-Pharma-LAM.jpg?fit=1000%2C563&amp;ssl=1\" decoding=\"async\" width=\"1000\" height=\"563\" src=\"https:\/\/i0.wp.com\/elmundodelosnegocios.com.do\/v1\/wp-content\/uploads\/2023\/06\/1.-Arq.-Miguel-Fiallo-Calderon-rector-de-la-UNPHU-y-Ing.-Ludwig-Martin-Garcia-Matos-vicepresidente-ejecutivo-de-Grob-Pharma-LAM.jpg?resize=1000,563&amp;ssl=1\" alt=\"\" class=\"wp-image-30499\" srcset=\"https:\/\/i0.wp.com\/elmundodelosnegocios.com.do\/v1\/wp-content\/uploads\/2023\/06\/1.-Arq.-Miguel-Fiallo-Calderon-rector-de-la-UNPHU-y-Ing.-Ludwig-Martin-Garcia-Matos-vicepresidente-ejecutivo-de-Grob-Pharma-LAM.jpg?w=1000&amp;ssl=1 1000w, https:\/\/i0.wp.com\/elmundodelosnegocios.com.do\/v1\/wp-content\/uploads\/2023\/06\/1.-Arq.-Miguel-Fiallo-Calderon-rector-de-la-UNPHU-y-Ing.-Ludwig-Martin-Garcia-Matos-vicepresidente-ejecutivo-de-Grob-Pharma-LAM.jpg?resize=300%2C169&amp;ssl=1 300w, https:\/\/i0.wp.com\/elmundodelosnegocios.com.do\/v1\/wp-content\/uploads\/2023\/06\/1.-Arq.-Miguel-Fiallo-Calderon-rector-de-la-UNPHU-y-Ing.-Ludwig-Martin-Garcia-Matos-vicepresidente-ejecutivo-de-Grob-Pharma-LAM.jpg?resize=768%2C432&amp;ssl=1 768w\" sizes=\"auto, (max-width: 1000px) 100vw, 1000px\" data-recalc-dims=\"1\"><\/figure>\n<p>Con este acuerdo, buscan ampliar una gama de actividades a desarrollarse entre ambas instituciones, como son el desarrollo de programas de pasant\u00edas, la realizaci\u00f3n de talleres, charlas, conferencias, simposios y capacitaciones en temas de inter\u00e9s com\u00fan. Tambi\u00e9n acordaron desarrollar investigaciones conjuntas en temas de inter\u00e9s; as\u00ed como realizar publicaciones conjuntas de art\u00edculos cient\u00edficos en revistas indexadas.\u00a0<\/p>\n<figure class=\"wp-block-image size-large\"><img data-attachment-id=\"30500\" data-permalink=\"https:\/\/elmundodelosnegocios.com.do\/v1\/index.php\/2023\/06\/26\/firman-unphu-y-grob-pharma-lam-convenio-colaboracion\/2-arq-miguel-fiallo-calderon-rector-de-la-unphu-y-el-ing-ludwig-martin-garcia-matos-vicepresidente-ejecutivo-de-grob-pharma-lam\/\" data-orig-file=\"https:\/\/i0.wp.com\/elmundodelosnegocios.com.do\/v1\/wp-content\/uploads\/2023\/06\/2.-Arq.-Miguel-Fiallo-Calderon-rector-de-la-UNPHU-y-el-Ing.-Ludwig-Martin-Garcia-Matos-vicepresidente-ejecutivo-de-Grob-Pharma-LAM-scaled.jpg?fit=2560%2C1440&amp;ssl=1\" data-orig-size=\"2560,1440\" data-comments-opened=\"0\" data-image-meta='{\"aperture\":\"1.8\",\"credit\":\"\",\"camera\":\"ILCE-7M3\",\"caption\":\"\",\"created_timestamp\":\"1678804068\",\"copyright\":\"\",\"focal_length\":\"50\",\"iso\":\"400\",\"shutter_speed\":\"0.01\",\"title\":\"\",\"orientation\":\"1\"}' data-image-title=\"2.-Arq.-Miguel-Fiallo-Calderon-rector-de-la-UNPHU-y-el-Ing.-Ludwig-Martin-Garcia-Matos-vicepresidente-ejecutivo-de-Grob-Pharma-LAM\" data-image-description=\"\" data-image-caption=\"\" data-medium-file=\"https:\/\/i0.wp.com\/elmundodelosnegocios.com.do\/v1\/wp-content\/uploads\/2023\/06\/2.-Arq.-Miguel-Fiallo-Calderon-rector-de-la-UNPHU-y-el-Ing.-Ludwig-Martin-Garcia-Matos-vicepresidente-ejecutivo-de-Grob-Pharma-LAM-scaled.jpg?fit=300%2C169&amp;ssl=1\" data-large-file=\"https:\/\/i0.wp.com\/elmundodelosnegocios.com.do\/v1\/wp-content\/uploads\/2023\/06\/2.-Arq.-Miguel-Fiallo-Calderon-rector-de-la-UNPHU-y-el-Ing.-Ludwig-Martin-Garcia-Matos-vicepresidente-ejecutivo-de-Grob-Pharma-LAM-scaled.jpg?fit=1024%2C576&amp;ssl=1\" decoding=\"async\" loading=\"lazy\" width=\"1024\" height=\"576\" src=\"https:\/\/i0.wp.com\/elmundodelosnegocios.com.do\/v1\/wp-content\/uploads\/2023\/06\/2.-Arq.-Miguel-Fiallo-Calderon-rector-de-la-UNPHU-y-el-Ing.-Ludwig-Martin-Garcia-Matos-vicepresidente-ejecutivo-de-Grob-Pharma-LAM-1024x576.jpg?resize=1024,576&amp;ssl=1\" alt=\"\" class=\"wp-image-30500\" srcset=\"https:\/\/i0.wp.com\/elmundodelosnegocios.com.do\/v1\/wp-content\/uploads\/2023\/06\/2.-Arq.-Miguel-Fiallo-Calderon-rector-de-la-UNPHU-y-el-Ing.-Ludwig-Martin-Garcia-Matos-vicepresidente-ejecutivo-de-Grob-Pharma-LAM-scaled.jpg?resize=1024%2C576&amp;ssl=1 1024w, https:\/\/i0.wp.com\/elmundodelosnegocios.com.do\/v1\/wp-content\/uploads\/2023\/06\/2.-Arq.-Miguel-Fiallo-Calderon-rector-de-la-UNPHU-y-el-Ing.-Ludwig-Martin-Garcia-Matos-vicepresidente-ejecutivo-de-Grob-Pharma-LAM-scaled.jpg?resize=300%2C169&amp;ssl=1 300w, https:\/\/i0.wp.com\/elmundodelosnegocios.com.do\/v1\/wp-content\/uploads\/2023\/06\/2.-Arq.-Miguel-Fiallo-Calderon-rector-de-la-UNPHU-y-el-Ing.-Ludwig-Martin-Garcia-Matos-vicepresidente-ejecutivo-de-Grob-Pharma-LAM-scaled.jpg?resize=768%2C432&amp;ssl=1 768w, https:\/\/i0.wp.com\/elmundodelosnegocios.com.do\/v1\/wp-content\/uploads\/2023\/06\/2.-Arq.-Miguel-Fiallo-Calderon-rector-de-la-UNPHU-y-el-Ing.-Ludwig-Martin-Garcia-Matos-vicepresidente-ejecutivo-de-Grob-Pharma-LAM-scaled.jpg?resize=1536%2C864&amp;ssl=1 1536w, https:\/\/i0.wp.com\/elmundodelosnegocios.com.do\/v1\/wp-content\/uploads\/2023\/06\/2.-Arq.-Miguel-Fiallo-Calderon-rector-de-la-UNPHU-y-el-Ing.-Ludwig-Martin-Garcia-Matos-vicepresidente-ejecutivo-de-Grob-Pharma-LAM-scaled.jpg?resize=2048%2C1152&amp;ssl=1 2048w, https:\/\/i0.wp.com\/elmundodelosnegocios.com.do\/v1\/wp-content\/uploads\/2023\/06\/2.-Arq.-Miguel-Fiallo-Calderon-rector-de-la-UNPHU-y-el-Ing.-Ludwig-Martin-Garcia-Matos-vicepresidente-ejecutivo-de-Grob-Pharma-LAM-scaled.jpg?w=2220 2220w\" sizes=\"auto, (max-width: 1024px) 100vw, 1024px\" data-recalc-dims=\"1\"><\/figure>\n<p>Mediante el convenio se facilitar\u00e1 el intercambio de experiencias y conocimientos, y la prestaci\u00f3n de servicios entre ambas instituciones, teniendo como prioridad el progreso social, cultural y cient\u00edfico de las mismas.<\/p>\n<p>La firma del acuerdo se llev\u00f3 a cabo en la rector\u00eda de la universidad, entre el Arq. Miguel Fiallo Calder\u00f3n, rector de la UNPHU, y Ing. Ludwig Mart\u00edn Garc\u00eda Matos, vicepresidente ejecutivo de Grob Pharma\/ LAM.\u00a0<\/p>\n<p>Tambi\u00e9n estuvieron presentes por parte de la UNPHU, la Lcda. Josefina Pep\u00edn Ubr\u00ed, vicerrectora de Proyectos de Investigaci\u00f3n, Vinculaci\u00f3n, e Internacionalizaci\u00f3n y el Lcdo. Francisco Jos\u00e9 Garc\u00eda Perdomo, coordinador de la Direcci\u00f3n de Vinculaci\u00f3n, y por Grob Pharma\/ LAM, la Sra. Nicole De Sanctis, gerente Gesti\u00f3n Humana y la Sra. Eridania Mora, gerente Aseguramiento de la Calidad<\/p>\n<p><strong>Sobre la relaci\u00f3n UNPHU\/LAM<\/strong><\/p>\n<p>La UNPHU y Laboratorios LAM, han mantenido una vinculaci\u00f3n desde hace m\u00e1s de 10 a\u00f1os. El laboratorio ha recibido pasantes de farmacia provenientes de nuestra casa de altos de estudios, de manera informal.<\/p>\n<\/div>\n","protected":false},"excerpt":{"rendered":"<p>La Universidad Nacional Pedro Henr\u00edquez Ure\u00f1a (UNPHU), y Grob Pharma\/ LAM firmaron un convenio marco de colaboraci\u00f3n, con el objetivo de establecer un marco de actuaci\u00f3n para la colaboraci\u00f3n de&hellip; <\/p>\n","protected":false},"author":2,"featured_media":3710,"comment_status":"closed","ping_status":"closed","sticky":false,"template":"","format":"standard","meta":{"fifu_image_url":"https:\/\/i0.wp.com\/elmundodelosnegocios.com.do\/v1\/wp-content\/uploads\/2023\/06\/1.-Arq.-Miguel-Fiallo-Calderon-rector-de-la-UNPHU-y-Ing.-Ludwig-Martin-Garcia-Matos-vicepresidente-ejecutivo-de-Grob-Pharma-LAM.jpg?resize=1000,563&ssl=1","fifu_image_alt":"Firman UNPHU y Grob Pharma\/ LAM convenio colaboraci\u00f3n","footnotes":""},"categories":[63],"tags":[],"class_list":["post-3709","post","type-post","status-publish","format-standard","has-post-thumbnail","hentry","category-actualidad"],"_links":{"self":[{"href":"https:\/\/elmundodelapolitica.com\/v1\/wp-json\/wp\/v2\/posts\/3709","targetHints":{"allow":["GET"]}}],"collection":[{"href":"https:\/\/elmundodelapolitica.com\/v1\/wp-json\/wp\/v2\/posts"}],"about":[{"href":"https:\/\/elmundodelapolitica.com\/v1\/wp-json\/wp\/v2\/types\/post"}],"author":[{"embeddable":true,"href":"https:\/\/elmundodelapolitica.com\/v1\/wp-json\/wp\/v2\/users\/2"}],"replies":[{"embeddable":true,"href":"https:\/\/elmundodelapolitica.com\/v1\/wp-json\/wp\/v2\/comments?post=3709"}],"version-history":[{"count":0,"href":"https:\/\/elmundodelapolitica.com\/v1\/wp-json\/wp\/v2\/posts\/3709\/revisions"}],"wp:featuredmedia":[{"embeddable":true,"href":"https:\/\/elmundodelapolitica.com\/v1\/wp-json\/wp\/v2\/media\/3710"}],"wp:attachment":[{"href":"https:\/\/elmundodelapolitica.com\/v1\/wp-json\/wp\/v2\/media?parent=3709"}],"wp:term":[{"taxonomy":"category","embeddable":true,"href":"https:\/\/elmundodelapolitica.com\/v1\/wp-json\/wp\/v2\/categories?post=3709"},{"taxonomy":"post_tag","embeddable":true,"href":"https:\/\/elmundodelapolitica.com\/v1\/wp-json\/wp\/v2\/tags?post=3709"}],"curies":[{"name":"wp","href":"https:\/\/api.w.org\/{rel}","templated":true}]}}