{"id":3706,"date":"2023-06-26T09:56:14","date_gmt":"2023-06-26T13:56:14","guid":{"rendered":"https:\/\/elmundodelapolitica.com\/v1\/?p=3706"},"modified":"2023-06-26T09:56:17","modified_gmt":"2023-06-26T13:56:17","slug":"destinaran-mas-mil-millones-pesos-fortalecer-abastecimiento-hospitales","status":"publish","type":"post","link":"https:\/\/elmundodelapolitica.com\/v1\/destinaran-mas-mil-millones-pesos-fortalecer-abastecimiento-hospitales\/","title":{"rendered":"Destinar\u00e1n m\u00e1s mil millones pesos fortalecer abastecimiento hospitales"},"content":{"rendered":"\n<p>SANTO DOMINGO, R.D. Junio 26, 2023.- El Gobierno dominicano, a trav\u00e9s del Programa de Medicamentos Esenciales y Central de Apoyo Log\u00edstico (PROMESE\/CAL), destinar\u00e1 1,098, 585,524.70, en la compra de medicamentos e insumos sanitarios, para reforzar el abastecimiento de los hospitales y centros p\u00fablicos de salud de todo el pa\u00eds, durante el per\u00edodo agosto-diciembre de 2023.<\/p>\n\n\n\n<p>En ese sentido, PROMESE\/CAL llev\u00f3 a cabo el proceso de apertura y lectura de las propuestas econ\u00f3micas, de oferentes participantes en la Licitaci\u00f3n P\u00fablica Nacional referencia: PROMESE\/CAL-CCC-LPN-2023-0002, bajo estricto cumplimiento de la Ley de Compras y Contrataciones P\u00fablicas 340-06.<\/p>\n\n\n\n<p>El director general de PROMESE\/CAL, Adolfo P\u00e9rez, explic\u00f3 que con la compra se busca garantizar que la poblaci\u00f3n que asiste a los centros p\u00fablicos de salud, disponga de manera oportuna de los medicamentos esenciales.<\/p>\n\n\n\n<p>\u201cEsta licitaci\u00f3n, se trata de una compra extraordinaria, fuera de la planificaci\u00f3n habitual, que hemos podido llevar a cabo gracias al inter\u00e9s del presidente Luis Abinader, por garantizar la salud del pueblo dominicano, a trav\u00e9s de un incremento que para el 2023 realiz\u00f3 el Gobierno central a la partida presupuestaria que destinara PROMESE\/CAL para abastecer el Sistema P\u00fablico Nacional de Salud\u201d, indic\u00f3 P\u00e9rez.<\/p>\n\n\n\n<p>De su lado, el director de medicamentos del Servicio de Salud (SNS), Omar Garc\u00eda, valor\u00f3 la transparencia con la que PROMESE\/CAL viene realizando los procesos de compra; y el esfuerzo mancomunado entre SNS, encabeza por el doctor Mario Lama, PROMESE\/CAL y Hacienda, para lograr el aumento del presupuesto para la compra de m\u00e1s medicamentos e insumos, lo que permitir\u00e1 ajustar las necesidades de los hospitales y Centros de Atenci\u00f3n Primaria.<\/p>\n\n\n\n<p>Especific\u00f3 que, se licitaron 361 renglones entre los que se encuentran vitaminas, anticonvulsivos, &nbsp;neurol\u00e9pticos, antipsic\u00f3ticos, benzodiacepinas, antiinflamatorios, antihistam\u00ednicos y antihelm\u00ednticos.<\/p>\n\n\n\n<p>Tambi\u00e9n antidiab\u00e9ticos, &nbsp;antimicrobianos, inhibidores, eritropoyetina, insulina, agujas raqu\u00eddeas, bajantes de suero, c\u00e1nulas, cat\u00e9teres, jeringas, entre otros.<\/p>\n\n\n\n<p>Se trata de un proceso altamente competitivo, en el que participaron 70 oferentes. \u201cSe recibieron 1,206 muestras de productos, de las cuales 889 fueron admitidas conforme, y 309 no conformes; 118 renglones quedaron desiertos por no presentar muestras, por muestras no conforme y por inhabilitaci\u00f3n\u201d, indic\u00f3.<\/p>\n\n\n\n<p>El acto se llev\u00f3 a cabo de manera p\u00fablica, en un hotel de la capital, y transmitida virtualmente, &nbsp;frente a notarios p\u00fablicos, oferentes, un Oficial de Cumplimiento de la Direcci\u00f3n de Contrataciones P\u00fablicas, el comit\u00e9 de compras de PROMESE\/CAL, y medios de comunicaci\u00f3n.<\/p>\n","protected":false},"excerpt":{"rendered":"<p>SANTO DOMINGO, R.D. Junio 26, 2023.- El Gobierno dominicano, a trav\u00e9s del Programa de Medicamentos Esenciales y Central de Apoyo Log\u00edstico (PROMESE\/CAL), destinar\u00e1 1,098, 585,524.70, en la compra de medicamentos&hellip; <\/p>\n","protected":false},"author":2,"featured_media":3707,"comment_status":"open","ping_status":"open","sticky":false,"template":"","format":"standard","meta":{"fifu_image_url":"","fifu_image_alt":"","footnotes":""},"categories":[20],"tags":[],"class_list":["post-3706","post","type-post","status-publish","format-standard","has-post-thumbnail","hentry","category-salud"],"_links":{"self":[{"href":"https:\/\/elmundodelapolitica.com\/v1\/wp-json\/wp\/v2\/posts\/3706","targetHints":{"allow":["GET"]}}],"collection":[{"href":"https:\/\/elmundodelapolitica.com\/v1\/wp-json\/wp\/v2\/posts"}],"about":[{"href":"https:\/\/elmundodelapolitica.com\/v1\/wp-json\/wp\/v2\/types\/post"}],"author":[{"embeddable":true,"href":"https:\/\/elmundodelapolitica.com\/v1\/wp-json\/wp\/v2\/users\/2"}],"replies":[{"embeddable":true,"href":"https:\/\/elmundodelapolitica.com\/v1\/wp-json\/wp\/v2\/comments?post=3706"}],"version-history":[{"count":1,"href":"https:\/\/elmundodelapolitica.com\/v1\/wp-json\/wp\/v2\/posts\/3706\/revisions"}],"predecessor-version":[{"id":3708,"href":"https:\/\/elmundodelapolitica.com\/v1\/wp-json\/wp\/v2\/posts\/3706\/revisions\/3708"}],"wp:featuredmedia":[{"embeddable":true,"href":"https:\/\/elmundodelapolitica.com\/v1\/wp-json\/wp\/v2\/media\/3707"}],"wp:attachment":[{"href":"https:\/\/elmundodelapolitica.com\/v1\/wp-json\/wp\/v2\/media?parent=3706"}],"wp:term":[{"taxonomy":"category","embeddable":true,"href":"https:\/\/elmundodelapolitica.com\/v1\/wp-json\/wp\/v2\/categories?post=3706"},{"taxonomy":"post_tag","embeddable":true,"href":"https:\/\/elmundodelapolitica.com\/v1\/wp-json\/wp\/v2\/tags?post=3706"}],"curies":[{"name":"wp","href":"https:\/\/api.w.org\/{rel}","templated":true}]}}