{"id":3703,"date":"2023-06-26T09:50:05","date_gmt":"2023-06-26T13:50:05","guid":{"rendered":"https:\/\/elmundodelapolitica.com\/v1\/?p=3703"},"modified":"2023-06-26T09:50:08","modified_gmt":"2023-06-26T13:50:08","slug":"presidente-jce-se-reune-con-comision-oea-colaborara-en-procesos-electorales","status":"publish","type":"post","link":"https:\/\/elmundodelapolitica.com\/v1\/presidente-jce-se-reune-con-comision-oea-colaborara-en-procesos-electorales\/","title":{"rendered":"Presidente JCE se re\u00fane con comisi\u00f3n OEA colaborar\u00e1 en procesos electorales"},"content":{"rendered":"\n<p>Santo Domingo.- El presidente de la Junta Central Electoral (JCE), Rom\u00e1n Andr\u00e9s J\u00e1quez Liranzo, se reuni\u00f3 este martes con una comisi\u00f3n de la Organizaci\u00f3n de Estados Americanos (<strong>OEA<\/strong>), como parte de los trabajos relacionados con el acuerdo marco de cooperaci\u00f3n t\u00e9cnica, firmado entre ambas instituciones, para desarrollar mecanismos de colaboraci\u00f3n en materia electoral de cara a los procesos electorales que desarrollar\u00e1 la Rep\u00fablica Dominicana el a\u00f1o pr\u00f3ximo.<\/p>\n\n\n\n<p>La comisi\u00f3n que acudi\u00f3 a este primer encuentro, realizado en el despacho del presidente J\u00e1quez, est\u00e1 integrada por los especialistas del Departamento de Cooperaci\u00f3n y Observaci\u00f3n Electoral (<strong>DECO<\/strong>) Ignacio \u00c1lvarez y Alejandro Bravo, el Consultor H\u00e9ctor Hern\u00e1ndez, as\u00ed como Araceli Azuara, embajadora de la OEA en Rep\u00fablica Dominicana.<\/p>\n\n\n\n<p>En esta visita, la representaci\u00f3n de la OEA agotar\u00e1 una agenda que incluye, adem\u00e1s del citado encuentro, una reuni\u00f3n con los directores de Inform\u00e1tica y de Elecciones, de la JCE, Johnny Rivera y Mario N\u00fa\u00f1ez, en la que se expondr\u00e1 el plan para la implementaci\u00f3n del proceso de votaci\u00f3n manual, Escrutinio manual, Digitalizaci\u00f3n, Escaneo y Transmisi\u00f3n de Datos (<strong>EDET<\/strong>) en las elecciones de 2023 y 2024.De igual forma, se realizar\u00e1 una demostraci\u00f3n funcional del EDET para ampliar el contexto a los miembros de la misi\u00f3n. Asimismo, la comisi\u00f3n visitar\u00e1 el almac\u00e9n de la JCE Las Colinas.<\/p>\n\n\n\n<p>Se recuerda que el acuerdo firmado el pasado 12 de junio permitir\u00e1 a las dos instituciones desarrollar mecanismos de cooperaci\u00f3n, intercambiar experiencias, material bibliogr\u00e1fico e informaci\u00f3n con relaci\u00f3n a programas de trabajo, entre otros.<\/p>\n","protected":false},"excerpt":{"rendered":"<p>Santo Domingo.- El presidente de la Junta Central Electoral (JCE), Rom\u00e1n Andr\u00e9s J\u00e1quez Liranzo, se reuni\u00f3 este martes con una comisi\u00f3n de la Organizaci\u00f3n de Estados Americanos (OEA), como parte&hellip; <\/p>\n","protected":false},"author":2,"featured_media":3704,"comment_status":"open","ping_status":"open","sticky":false,"template":"","format":"standard","meta":{"fifu_image_url":"","fifu_image_alt":"","footnotes":""},"categories":[9],"tags":[],"class_list":["post-3703","post","type-post","status-publish","format-standard","has-post-thumbnail","hentry","category-elecciones"],"_links":{"self":[{"href":"https:\/\/elmundodelapolitica.com\/v1\/wp-json\/wp\/v2\/posts\/3703","targetHints":{"allow":["GET"]}}],"collection":[{"href":"https:\/\/elmundodelapolitica.com\/v1\/wp-json\/wp\/v2\/posts"}],"about":[{"href":"https:\/\/elmundodelapolitica.com\/v1\/wp-json\/wp\/v2\/types\/post"}],"author":[{"embeddable":true,"href":"https:\/\/elmundodelapolitica.com\/v1\/wp-json\/wp\/v2\/users\/2"}],"replies":[{"embeddable":true,"href":"https:\/\/elmundodelapolitica.com\/v1\/wp-json\/wp\/v2\/comments?post=3703"}],"version-history":[{"count":1,"href":"https:\/\/elmundodelapolitica.com\/v1\/wp-json\/wp\/v2\/posts\/3703\/revisions"}],"predecessor-version":[{"id":3705,"href":"https:\/\/elmundodelapolitica.com\/v1\/wp-json\/wp\/v2\/posts\/3703\/revisions\/3705"}],"wp:featuredmedia":[{"embeddable":true,"href":"https:\/\/elmundodelapolitica.com\/v1\/wp-json\/wp\/v2\/media\/3704"}],"wp:attachment":[{"href":"https:\/\/elmundodelapolitica.com\/v1\/wp-json\/wp\/v2\/media?parent=3703"}],"wp:term":[{"taxonomy":"category","embeddable":true,"href":"https:\/\/elmundodelapolitica.com\/v1\/wp-json\/wp\/v2\/categories?post=3703"},{"taxonomy":"post_tag","embeddable":true,"href":"https:\/\/elmundodelapolitica.com\/v1\/wp-json\/wp\/v2\/tags?post=3703"}],"curies":[{"name":"wp","href":"https:\/\/api.w.org\/{rel}","templated":true}]}}