{"id":370,"date":"2022-06-01T13:23:02","date_gmt":"2022-06-01T17:23:02","guid":{"rendered":"http:\/\/www.elmundodelapolitica.com\/v2\/?p=25439"},"modified":"2022-06-01T13:23:02","modified_gmt":"2022-06-01T17:23:02","slug":"pld-dice-dice-alta-inflacion-afecta-bolsillos-de-los-mas-pobres-en-rd","status":"publish","type":"post","link":"https:\/\/elmundodelapolitica.com\/v1\/pld-dice-dice-alta-inflacion-afecta-bolsillos-de-los-mas-pobres-en-rd\/","title":{"rendered":"PLD dice dice alta inflaci\u00f3n afecta bolsillos de los m\u00e1s pobres en RD"},"content":{"rendered":"\n<p>SANTO DOMINGO.- El titular de la Secretar\u00eda de Asuntos Econ\u00f3micos del Partido de la Liberaci\u00f3n Dominicana (PLD) Guarocuya F\u00e9lix, opin\u00f3 que el gobierno no debe jactarse del incremento de las recaudaciones, ya que no es una buena noticia.<\/p>\n\n\n\n<p>El exdirector&nbsp;General de Impuestos Internos dijo que ese aumento es un proceso logrado sobre la base de los niveles de inflaci\u00f3n que afecta los bolsillos de los m\u00e1s pobres.<\/p>\n\n\n\n<p>\u00abEl aumento de la recaudaci\u00f3n en un proceso inflacionario, ya que si se descuenta la inflaci\u00f3n en t\u00e9rminos reales las recaudaciones se mantienen m\u00e1s o menos estables\u00bb, manifest\u00f3.<\/p>\n\n\n\n<p>Entrevistado en el programa Abriendo la Ma\u00f1ana, expres\u00f3 que en un contexto de inflaci\u00f3n las recaudaciones de los pa\u00edses crecen, porque tienen un componente que est\u00e1 impactando por el incremento de los precios.<\/p>\n\n\n\n<p>\u201cNo es nada extraordinario, por el contrario, es algo que deber\u00eda preocupar porque son ingresos que en el mediano plazo se hacen negativos\u201d, indic\u00f3 el economista.<\/p>\n\n\n\n<p>F\u00e9lix&nbsp;dijo que cuando se habla de inflaci\u00f3n en un contexto de esa naturaleza lo que se refiere es a que es un impuesto indirecto que saca los recursos de los bolsillos de los m\u00e1s pobres.<\/p>\n","protected":false},"excerpt":{"rendered":"<p>SANTO DOMINGO.- El titular de la Secretar\u00eda de Asuntos Econ\u00f3micos del Partido de la Liberaci\u00f3n Dominicana (PLD) Guarocuya F\u00e9lix, opin\u00f3 que el gobierno no debe jactarse del incremento de las&hellip; <\/p>\n","protected":false},"author":2,"featured_media":371,"comment_status":"closed","ping_status":"open","sticky":false,"template":"","format":"standard","meta":{"fifu_image_url":"","fifu_image_alt":"","footnotes":""},"categories":[17],"tags":[],"class_list":["post-370","post","type-post","status-publish","format-standard","has-post-thumbnail","hentry","category-politica"],"_links":{"self":[{"href":"https:\/\/elmundodelapolitica.com\/v1\/wp-json\/wp\/v2\/posts\/370","targetHints":{"allow":["GET"]}}],"collection":[{"href":"https:\/\/elmundodelapolitica.com\/v1\/wp-json\/wp\/v2\/posts"}],"about":[{"href":"https:\/\/elmundodelapolitica.com\/v1\/wp-json\/wp\/v2\/types\/post"}],"author":[{"embeddable":true,"href":"https:\/\/elmundodelapolitica.com\/v1\/wp-json\/wp\/v2\/users\/2"}],"replies":[{"embeddable":true,"href":"https:\/\/elmundodelapolitica.com\/v1\/wp-json\/wp\/v2\/comments?post=370"}],"version-history":[{"count":0,"href":"https:\/\/elmundodelapolitica.com\/v1\/wp-json\/wp\/v2\/posts\/370\/revisions"}],"wp:featuredmedia":[{"embeddable":true,"href":"https:\/\/elmundodelapolitica.com\/v1\/wp-json\/wp\/v2\/media\/371"}],"wp:attachment":[{"href":"https:\/\/elmundodelapolitica.com\/v1\/wp-json\/wp\/v2\/media?parent=370"}],"wp:term":[{"taxonomy":"category","embeddable":true,"href":"https:\/\/elmundodelapolitica.com\/v1\/wp-json\/wp\/v2\/categories?post=370"},{"taxonomy":"post_tag","embeddable":true,"href":"https:\/\/elmundodelapolitica.com\/v1\/wp-json\/wp\/v2\/tags?post=370"}],"curies":[{"name":"wp","href":"https:\/\/api.w.org\/{rel}","templated":true}]}}