{"id":369,"date":"2022-06-06T17:08:55","date_gmt":"2022-06-06T21:08:55","guid":{"rendered":"http:\/\/www.elmundodelapolitica.com\/v2\/?p=25443"},"modified":"2022-06-06T17:08:55","modified_gmt":"2022-06-06T21:08:55","slug":"senado-aprueba-ley-que-crea-programa-nacional-de-audicion","status":"publish","type":"post","link":"https:\/\/elmundodelapolitica.com\/v1\/senado-aprueba-ley-que-crea-programa-nacional-de-audicion\/","title":{"rendered":"Senado aprueba Ley que crea Programa Nacional de Audici\u00f3n"},"content":{"rendered":"\n<p>Santo Domingo.- El Senado de la Rep\u00fablica aprob\u00f3 este mi\u00e9rcoles en segunda lectura el Proyecto de Ley que crea el Programa Nacional de Audici\u00f3n e Intervenci\u00f3n Temprana en Ni\u00f1os y Adultos, presentada por los senadores L\u00eda D\u00edaz Santana (Azua) y H\u00e9ctor Acosta (Monse\u00f1or Nouel).<\/p>\n\n\n\n<p>La Ley tiene por objetivo de desarrollar un esquema de estudios audiol\u00f3gicos para lograr la prevenci\u00f3n, detecci\u00f3n, atenci\u00f3n, correcci\u00f3n y seguimiento de la hipoacusia, a trav\u00e9s del Programa Nacional de Audici\u00f3n e Intervenci\u00f3n Temprana.<\/p>\n\n\n\n<p>Con la importante iniciativa se podr\u00e1 diagnosticar a tiempo la disminuci\u00f3n de la capacidad auditiva en el per\u00edodo neonatal e infantil, debido a que el tratamiento de esta condici\u00f3n constituye un elemento fundamental para definir el pron\u00f3stico auditivo en los ni\u00f1os.<\/p>\n\n\n\n<p>En los trabajos legislativos, tambi\u00e9n se aprob\u00f3 el Proyecto de Ley de Amnist\u00eda para Registro Legal o Entrega Voluntaria de Armas de Fuego, de Guerra y Materiales Relacionados, sin licencia de porte o tenencia y que no est\u00e1n registradas conforme a la Certificaci\u00f3n Legal de Registro de Armas de Fuego (CRLAF), presentada por el senador Franklin Romero (Duarte).<\/p>\n\n\n\n<p>Con la iniciativa, las personas f\u00edsicas y jur\u00eddicas que poseen armas de fuego, sin registro ni licencia, se les conceder\u00e1 un tiempo para su regularizaci\u00f3n.<\/p>\n\n\n\n<p>El Pleno aprob\u00f3 en segunda lectura el Proyecto de Ley que declara a la provincia El Seibo como Polo Tur\u00edstico, propuesta por el senador Santiago Zorrilla.<\/p>\n\n\n\n<p>En primera lectura, los senadores aprobaron el Proyecto de Ley que declara a Santiago como provincia de Turismo de Salud, propuesta presentada por el presidente del Senado, Eduardo Estrella.<\/p>\n\n\n\n<p>Con la ley, se impulsar\u00e1 el turismo de salud en la provincia de Santiago, en procura de optimizar la salud, el bienestar colectivo y el desarrollo econ\u00f3mico y social de la demarcaci\u00f3n.<\/p>\n\n\n\n<p>Adem\u00e1s, se sancion\u00f3 el Proyecto de Ley que regula la Asistencia a Actos Masivos y Espect\u00e1culos P\u00fablicos en la Rep\u00fablica Dominicana, presentada por el senador de El Seibo, Santiago Zorrilla.<\/p>\n\n\n\n<p>De igual manera, se aprob\u00f3 el Proyecto de Ley mediante el cual se crea el Consejo de Desarrollo Ecoturistico en la provincia San Pedro de Macor\u00eds, presentada por el senador Franklin Pe\u00f1a.<\/p>\n\n\n\n<p>Los senadores aprobaron el Proyecto de ley que establece los actos correspondientes a los Poderes Ejecutivo y Legislativo a ser Publicados en la Gaceta Oficial.<\/p>\n\n\n\n<p>Esta ley, presentada por los senadores F\u00e9lix Bautista (San Juan), Franklin Rodr\u00edguez (San Cristobal), derogar\u00eda y sustituir\u00eda en todas sus partes la Ley no.266 que dispone que solamente se publicaran en la Gaceta Oficial, los actos correspondientes a los poderes Legislativos y Ejecutivo, del 18 de marzo de 1985.<\/p>\n\n\n\n<p>Adem\u00e1s, fue conocido el Proyecto de ley que designa con el nombre de Ram\u00f3n Mat\u00edas Mella, el edificio principal que alberga al Ministerio de Defensa, para honrar la memoria de uno de los padres de la patria. La iniciativa fue presentada por el senador de San Crist\u00f3bal, Franklin Rodr\u00edguez.<\/p>\n\n\n\n<p>Tambi\u00e9n, se sancion\u00f3 el proyecto de Ley que designa con el nombre de Fausto Ysidro Lombert River\u00f3n el edificio que aloja las oficinas de las instituciones del sector agropecuario (Ministerio de Agricultura e Instituto Agrario Dominicano), en el municipio de Dajab\u00f3n, provincia Dajab\u00f3n, presentada por el senador David Sosa.<\/p>\n\n\n\n<p>Al inicio de la sesi\u00f3n los senadores guardaron un minuto de silencio por el fallecimiento del exsenador Fabi\u00e1n Antonio del Villar de la provincia de San Juan.<\/p>\n\n\n\n<p>El presidente del Senado, Eduardo Estrella, convoc\u00f3 a sesi\u00f3n para el martes 07 de junio a las dos de la tarde.<\/p>\n\n\n\n<p>Ponencias<\/p>\n\n\n\n<p>Durante el turno de ponencias, el senador Bautista Rojas G\u00f3mez (Hermanas Mirabal) demand\u00f3 de la C\u00e1mara de Cuentas investigar la contrataci\u00f3n de la carretera que une Los Cacaos, Los Tabucos, Montellanos.<\/p>\n\n\n\n<p>El senador de San Crist\u00f3bal, Franklin Rodr\u00edguez Garabitos, pidi\u00f3 mayor inclusi\u00f3n para las personas que viven con el trastorno del espectro autista en el pa\u00eds, al presentar el Proyecto de Ley que regula las pol\u00edticas p\u00fablicas para la atenci\u00f3n, protecci\u00f3n e inclusi\u00f3n de personas con Trastorno del Espectro Autista (TEA) que ser\u00e1 estudiado en una Comisi\u00f3n Bicameral.<\/p>\n\n\n\n<p>De igual modo, el senador de Pedernales Dionis S\u00e1nchez, valor\u00f3 la importancia de que el pa\u00eds tenga una Ley que regule las pol\u00edticas p\u00fablicas para la atenci\u00f3n, protecci\u00f3n e inclusi\u00f3n de personas con Trastorno del Espectro Autista (TEA). Indic\u00f3 que debe avanzarse para garantizar la inclusi\u00f3n de las personas que viven dentro del espectro autista.<\/p>\n\n\n\n<p>El senador Antonio Marte (Santiago Rodr\u00edguez) demand\u00f3 la agilizaci\u00f3n de los tr\u00e1mites de becas para los estudiantes de su provincia como prometi\u00f3 hace casi dos a\u00f1os el ministro Franklin Garc\u00eda Ferm\u00edn, titular del Ministerio de Educaci\u00f3n Superior, Ciencia y Tecnolog\u00eda (MESCyT).<\/p>\n\n\n\n<p>L\u00eda D\u00edaz (Azua) agradeci\u00f3 a EDESUR por la r\u00e1pida respuesta a su solicitud de electrificaci\u00f3n de las zonas rurales donde trabajan los productores de banano. Consider\u00f3 que tambi\u00e9n las buenas pol\u00edticas p\u00fablicas hay que resaltarlas.<\/p>\n\n\n\n<p>El senador Ram\u00f3n Rogelio Genao (La Vega) propuso enfrentar, con unidad, los males que afectan la sociedad, como el incremento de la violencia, la criminalidad y la delincuencia, dejando de lado el partidarismo pol\u00edtico.<\/p>\n\n\n\n<p>Ram\u00f3n Pimentel (Montecristi) valor\u00f3 las ejecutorias del Gobierno en su provincia, al resaltar la entrega de 10 millones de pesos para la construcci\u00f3n de la planta f\u00edsica de los salineros, obra con la cual avanzar\u00eda la industrializaci\u00f3n de la zona costera. Adem\u00e1s, destac\u00f3 la entrega de 800 t\u00edtulos de propiedad, un tractor a la Federaci\u00f3n Don Tomas Santana, entre otras acciones que buscan mejorar la calidad de vida de los montecriste\u00f1os.<\/p>\n","protected":false},"excerpt":{"rendered":"<p>Santo Domingo.- El Senado de la Rep\u00fablica aprob\u00f3 este mi\u00e9rcoles en segunda lectura el Proyecto de Ley que crea el Programa Nacional de Audici\u00f3n e Intervenci\u00f3n Temprana en Ni\u00f1os y&hellip; <\/p>\n","protected":false},"author":2,"featured_media":235,"comment_status":"closed","ping_status":"open","sticky":false,"template":"","format":"standard","meta":{"fifu_image_url":"","fifu_image_alt":"","footnotes":""},"categories":[55],"tags":[],"class_list":["post-369","post","type-post","status-publish","format-standard","has-post-thumbnail","hentry","category-congreso-y-legislacion"],"_links":{"self":[{"href":"https:\/\/elmundodelapolitica.com\/v1\/wp-json\/wp\/v2\/posts\/369","targetHints":{"allow":["GET"]}}],"collection":[{"href":"https:\/\/elmundodelapolitica.com\/v1\/wp-json\/wp\/v2\/posts"}],"about":[{"href":"https:\/\/elmundodelapolitica.com\/v1\/wp-json\/wp\/v2\/types\/post"}],"author":[{"embeddable":true,"href":"https:\/\/elmundodelapolitica.com\/v1\/wp-json\/wp\/v2\/users\/2"}],"replies":[{"embeddable":true,"href":"https:\/\/elmundodelapolitica.com\/v1\/wp-json\/wp\/v2\/comments?post=369"}],"version-history":[{"count":0,"href":"https:\/\/elmundodelapolitica.com\/v1\/wp-json\/wp\/v2\/posts\/369\/revisions"}],"wp:featuredmedia":[{"embeddable":true,"href":"https:\/\/elmundodelapolitica.com\/v1\/wp-json\/wp\/v2\/media\/235"}],"wp:attachment":[{"href":"https:\/\/elmundodelapolitica.com\/v1\/wp-json\/wp\/v2\/media?parent=369"}],"wp:term":[{"taxonomy":"category","embeddable":true,"href":"https:\/\/elmundodelapolitica.com\/v1\/wp-json\/wp\/v2\/categories?post=369"},{"taxonomy":"post_tag","embeddable":true,"href":"https:\/\/elmundodelapolitica.com\/v1\/wp-json\/wp\/v2\/tags?post=369"}],"curies":[{"name":"wp","href":"https:\/\/api.w.org\/{rel}","templated":true}]}}