{"id":367,"date":"2022-06-06T17:13:37","date_gmt":"2022-06-06T21:13:37","guid":{"rendered":"http:\/\/www.elmundodelapolitica.com\/v2\/?p=25445"},"modified":"2022-06-06T17:13:37","modified_gmt":"2022-06-06T21:13:37","slug":"pld-escoge-integrantes-de-su-tribunal-disciplinario","status":"publish","type":"post","link":"https:\/\/elmundodelapolitica.com\/v1\/pld-escoge-integrantes-de-su-tribunal-disciplinario\/","title":{"rendered":"PLD escoge integrantes de su tribunal disciplinario"},"content":{"rendered":"\n<p>Los seleccionados son: Elic Fern\u00e1ndez, John Garrido, Teodoro Ursino Reyes, Gustavo Guzm\u00e1n, Luis Garc\u00eda y Manuel Galv\u00e1n<\/p>\n\n\n\n<p>El Partido de la Liberaci\u00f3n Dominicana seleccion\u00f3 los integrantes del Tribunal Nacional de Disciplina y \u00c9tica cumpliendo un mandato de la Ley de Partidos, Agrupaciones y Movimientos Pol\u00edticos, as\u00ed como de sus Estatutos y el reglamento de Disciplina y \u00c9tica.<\/p>\n\n\n\n<p>Los elegidos son Elic Fern\u00e1ndez, John Garrido, Teodoro Ursino Reyes, Gustavo Guzm\u00e1n, Luis Garc\u00eda y Manuel Galv\u00e1n, dados a conocer este lunes por Alejandrina Germ\u00e1n, presidenta del Tribunal Nacional de Disciplina y \u00c9tica, en rueda de prensa realizada en la Casa Nacional del PLD Reinaldo Pared P\u00e9rez.<\/p>\n\n\n\n<p>Al dar a conocer los seleccionados y pronunciar unas breves palabras, Germ\u00e1n dijo que la conformaci\u00f3n de este Tribunal es fundamental porque contribuye con el fortalecimiento institucional y crea los mecanismos y las v\u00edas necesarias para que todos los pelede\u00edstas, que sean sometidos a un juicio disciplinario, cuenten con un \u00f3rgano que pueda hacer un juicio de manera imparcial en sinton\u00eda con los reglamentos.<\/p>\n\n\n\n<p>\u201cEstos tribunales funcionar\u00e1n desde los comit\u00e9s intermedios hasta el Comit\u00e9 Central, que es donde estar\u00e1 el Tribunal Nacional de Disciplina y \u00c9tica del Partido de la Liberaci\u00f3n Dominicana, que es el estamento de mayor jerarqu\u00eda\u201d, explic\u00f3 la tambi\u00e9n integrante del Comit\u00e9 Pol\u00edtico.<\/p>\n\n\n\n<p>Detall\u00f3 que en el proceso de elecci\u00f3n de los miembros del Tribunal votaron 1,045 integrantes del Comit\u00e9 Central, de un universo de 1,222, para un porcentaje de 86 por ciento, d\u00e1ndole la legitimidad y el poder que les otorgan los estatutos y reglamentos del PLD.<\/p>\n\n\n\n<p>Las elecciones para escoger a los integrantes del Tribunal Nacional de Disciplina y \u00c9tica se realizaron los d\u00edas 3, 4 y 5 de junio mediante el voto electr\u00f3nico en l\u00ednea de los miembros del Comit\u00e9 Central, en los que participaron 17 aspirantes para seleccionar 6 integrantes como lo establece el reglamento.<\/p>\n\n\n\n<p>Alejandrina Germ\u00e1n, en su calidad de presidenta del Tribunal Nacional de Disciplina y \u00c9tica coordin\u00f3 el proceso de elecci\u00f3n de sus integrantes, junto a Celenia Vidal, V\u00edctor Suarez, Ar\u00edstides Victoria, y Jaime Mart\u00ednez Duran, Mayobanex Escoto y Tommy Gal\u00e1n.<\/p>\n\n\n\n<p>A la conformaci\u00f3n del Tribunal Nacional sigue la fase de elecci\u00f3n de estructuras hom\u00f3logas en los niveles provincial, municipal, distritos municipales y comit\u00e9s intermedios en territorio dominicano, as\u00ed como las seccionales en el exterior.<\/p>\n","protected":false},"excerpt":{"rendered":"<p>Los seleccionados son: Elic Fern\u00e1ndez, John Garrido, Teodoro Ursino Reyes, Gustavo Guzm\u00e1n, Luis Garc\u00eda y Manuel Galv\u00e1n El Partido de la Liberaci\u00f3n Dominicana seleccion\u00f3 los integrantes del Tribunal Nacional de&hellip; <\/p>\n","protected":false},"author":2,"featured_media":368,"comment_status":"closed","ping_status":"open","sticky":false,"template":"","format":"standard","meta":{"fifu_image_url":"","fifu_image_alt":"","footnotes":""},"categories":[5],"tags":[],"class_list":["post-367","post","type-post","status-publish","format-standard","has-post-thumbnail","hentry","category-partidos"],"_links":{"self":[{"href":"https:\/\/elmundodelapolitica.com\/v1\/wp-json\/wp\/v2\/posts\/367","targetHints":{"allow":["GET"]}}],"collection":[{"href":"https:\/\/elmundodelapolitica.com\/v1\/wp-json\/wp\/v2\/posts"}],"about":[{"href":"https:\/\/elmundodelapolitica.com\/v1\/wp-json\/wp\/v2\/types\/post"}],"author":[{"embeddable":true,"href":"https:\/\/elmundodelapolitica.com\/v1\/wp-json\/wp\/v2\/users\/2"}],"replies":[{"embeddable":true,"href":"https:\/\/elmundodelapolitica.com\/v1\/wp-json\/wp\/v2\/comments?post=367"}],"version-history":[{"count":0,"href":"https:\/\/elmundodelapolitica.com\/v1\/wp-json\/wp\/v2\/posts\/367\/revisions"}],"wp:featuredmedia":[{"embeddable":true,"href":"https:\/\/elmundodelapolitica.com\/v1\/wp-json\/wp\/v2\/media\/368"}],"wp:attachment":[{"href":"https:\/\/elmundodelapolitica.com\/v1\/wp-json\/wp\/v2\/media?parent=367"}],"wp:term":[{"taxonomy":"category","embeddable":true,"href":"https:\/\/elmundodelapolitica.com\/v1\/wp-json\/wp\/v2\/categories?post=367"},{"taxonomy":"post_tag","embeddable":true,"href":"https:\/\/elmundodelapolitica.com\/v1\/wp-json\/wp\/v2\/tags?post=367"}],"curies":[{"name":"wp","href":"https:\/\/api.w.org\/{rel}","templated":true}]}}