{"id":3668,"date":"2023-06-22T15:18:29","date_gmt":"2023-06-22T19:18:29","guid":{"rendered":"https:\/\/elmundodelapolitica.com\/v1\/?p=3668"},"modified":"2023-06-22T15:18:29","modified_gmt":"2023-06-22T19:18:29","slug":"gobierno-considera-a-las-mipymes-como-el-pulmon-del-desarrollo-economico-dominicano","status":"publish","type":"post","link":"https:\/\/elmundodelapolitica.com\/v1\/gobierno-considera-a-las-mipymes-como-el-pulmon-del-desarrollo-economico-dominicano\/","title":{"rendered":"Gobierno considera a las mipymes como el pulm\u00f3n del desarrollo econ\u00f3mico dominicano"},"content":{"rendered":"<div>\n<p>Santo Domingo. \u2013 Desde el Gobierno dominicano se han dise\u00f1ado\u00a0<strong>pol\u00edticas p\u00fablicas para promover el desarrollo de las micro, peque\u00f1as y medianas empresas (mipymes),<\/strong>\u00a0que aportan m\u00e1s del\u00a0<strong>38 %<\/strong>\u00a0del Producto Interno Bruto (PIB).\u00a0<\/p>\n<div class=\"wp-block-image\">\n<figure class=\"aligncenter size-large\"><img loading=\"lazy\" data-attachment-id=\"30451\" data-permalink=\"https:\/\/elmundodelosnegocios.com.do\/v1\/index.php\/2023\/06\/22\/gobierno-considera-a-las-mipymes-como-el-pulmon-del-desarrollo-economico-dominicano\/1-1-31\/\" data-orig-file=\"https:\/\/i0.wp.com\/elmundodelosnegocios.com.do\/v1\/wp-content\/uploads\/2023\/06\/1-1.jpeg?fit=1300%2C731&amp;ssl=1\" data-orig-size=\"1300,731\" data-comments-opened=\"0\" data-image-meta='{\"aperture\":\"0\",\"credit\":\"\",\"camera\":\"\",\"caption\":\"\",\"created_timestamp\":\"0\",\"copyright\":\"\",\"focal_length\":\"0\",\"iso\":\"0\",\"shutter_speed\":\"0\",\"title\":\"\",\"orientation\":\"0\"}' data-image-title=\"1-1\" data-image-description=\"\" data-image-caption=\"\" data-medium-file=\"https:\/\/i0.wp.com\/elmundodelosnegocios.com.do\/v1\/wp-content\/uploads\/2023\/06\/1-1.jpeg?fit=300%2C169&amp;ssl=1\" data-large-file=\"https:\/\/i0.wp.com\/elmundodelosnegocios.com.do\/v1\/wp-content\/uploads\/2023\/06\/1-1.jpeg?fit=1024%2C576&amp;ssl=1\" decoding=\"async\" width=\"1024\" height=\"576\" src=\"https:\/\/i0.wp.com\/elmundodelosnegocios.com.do\/v1\/wp-content\/uploads\/2023\/06\/1-1-1024x576.jpeg?resize=1024,576&amp;ssl=1\" alt=\"\" class=\"wp-image-30451\" srcset=\"https:\/\/i0.wp.com\/elmundodelosnegocios.com.do\/v1\/wp-content\/uploads\/2023\/06\/1-1.jpeg?resize=1024%2C576&amp;ssl=1 1024w, https:\/\/i0.wp.com\/elmundodelosnegocios.com.do\/v1\/wp-content\/uploads\/2023\/06\/1-1.jpeg?resize=300%2C169&amp;ssl=1 300w, https:\/\/i0.wp.com\/elmundodelosnegocios.com.do\/v1\/wp-content\/uploads\/2023\/06\/1-1.jpeg?resize=768%2C432&amp;ssl=1 768w, https:\/\/i0.wp.com\/elmundodelosnegocios.com.do\/v1\/wp-content\/uploads\/2023\/06\/1-1.jpeg?w=1300&amp;ssl=1 1300w\" sizes=\"auto, (max-width: 1024px) 100vw, 1024px\" data-recalc-dims=\"1\"><\/figure>\n<\/div>\n<p>As\u00ed lo afirmaron tanto la vicepresidenta de la Rep\u00fablica,\u00a0<strong>Raquel Pe\u00f1a<\/strong>, como el ministro de Industria, Comercio y Mipymes,\u00a0<strong>V\u00edctor Bison\u00f3,\u00a0<\/strong>durante la inauguraci\u00f3n de la\u00a0<strong>sexta edici\u00f3n de la Semana Mipymes.<\/strong><\/p>\n<p>La vicepresidenta indic\u00f3 que el Gobierno est\u00e1 haciendo el mayor esfuerzo que jam\u00e1s se ha hecho en el pa\u00eds por estimular el crecimiento de las mipymes, a trav\u00e9s del\u00a0<strong>acceso a financiamiento, la implementaci\u00f3n de soluciones tecnol\u00f3gicas y espacios para incentivar la productividad y el crecimiento de estos negocios.<\/strong><\/p>\n<p>Manifest\u00f3 que el\u00a0<strong>98 %<\/strong>\u00a0del tejido empresarial se compone de mipymes que generan m\u00e1s del\u00a0<strong>54 %<\/strong>\u00a0de los empleos dominicanos, una\u00a0<strong>gran raz\u00f3n para invertir tiempo, recursos y personal en abrir nuevas oportunidades para esos emprendedores<\/strong>, por lo que el Gobierno impulsa herramientas para la\u00a0<strong>Inteligencia Comercial, el Sistema Electr\u00f3nico de Garant\u00edas Mobiliarias<\/strong>\u00a0y espacios como la\u00a0<strong>Ventanilla \u00danica<\/strong>\u00a0de formalizaci\u00f3n para facilitar el intercambio comercial de esos negocios.<\/p>\n<p><em>\u201cActualmente, las micro, peque\u00f1as y medianas empresas son consideradas como la fuerza motriz de la econom\u00eda dominicana, gracias a sus importantes aportes al Producto Interno Bruto y a su rol en la creaci\u00f3n de millones de puestos de trabajo que representan aproximadamente el 55 % de la poblaci\u00f3n activa del mercado laboral nacional\u201d,<\/em>\u00a0precis\u00f3 Raquel Pe\u00f1a.\u00a0<\/p>\n<figure class=\"wp-block-image\"><img decoding=\"async\" src=\"https:\/\/i0.wp.com\/presidencia.gob.do\/sites\/default\/files\/inline-images\/WhatsApp Image 2023-06-22 at 4.41.00 PM (1).jpeg?w=1110&amp;ssl=1\" alt=\"\" data-recalc-dims=\"1\"><\/figure>\n<p>De su lado, Bison\u00f3 consider\u00f3 que las Mipymes son el<strong>\u00a0pulm\u00f3n del desarrollo en nuestro pa\u00eds<\/strong>.<em>\u00a0\u201cEntre la cantidad de empleos que generan, los ingresos que aportan al PIB, superando el 38 %, y el alcance que tienen a nivel nacional, es impensable ninguna pol\u00edtica de bienestar que deje fuera a los micro, peque\u00f1os y medianos emprendedores\u201d,<\/em>\u00a0manifest\u00f3.<\/p>\n<p>El ministro tambi\u00e9n destac\u00f3 la inversi\u00f3n que se ha hecho para estimular el crecimiento y la creaci\u00f3n de las mipymes y explic\u00f3 que<strong>\u00a0<\/strong>a trav\u00e9s de\u00a0<strong>PROMIPYME\u00a0<\/strong>se ha invertido<strong>\u00a0un monto superior a los 19,000 millones de pesos en financiamiento para m\u00e1s de 161,000 Mipymes y emprendedores.<\/strong><\/p>\n<p><em>\u201cEl 66 % de los pr\u00e9stamos otorgados correspondieron a mujeres, con un monto total destinado a la equidad de g\u00e9nero de RD 10,419 millones equivalente al 54 % por ciento de los recursos destinados a este sector\u201d,<\/em>\u00a0indic\u00f3.<\/p>\n<p>La Semana Mipymes, que organiza el\u00a0<strong>Ministerio de Industria, Comercio y Mipymes<\/strong>\u00a0(MICM), re\u00fane a\u00a0<strong>inversionistas, empresas multinacionales, emprendedores y compradores<\/strong>\u00a0de diversos sectores productivos. Este a\u00f1o, el evento est\u00e1 centrado en la\u00a0<strong>expansi\u00f3n a nuevos mercados y el uso de la digitalizaci\u00f3n como medio para el crecimiento<\/strong>. Durante toda la semana, los asistentes participaron en rondas de negocios, talleres, asesor\u00edas t\u00e9cnicas y las participaciones de las mipymes.<\/p>\n<p>La Semana Mipymes es el evento empresarial m\u00e1s importante de la Rep\u00fablica Dominicana y este a\u00f1o cuenta con el apoyo principal de\u00a0<strong>Banreservas, EQUIFAX, PROMIPYME y Diario Libre<\/strong>, entre otras empresas. En su pasada edici\u00f3n reuni\u00f3 a m\u00e1s de 10,000 participantes, entre pymes, inversionistas, multinacionales y p\u00fablico en general.<\/p>\n<\/div>\n","protected":false},"excerpt":{"rendered":"<p>Santo Domingo. \u2013 Desde el Gobierno dominicano se han dise\u00f1ado\u00a0pol\u00edticas p\u00fablicas para promover el desarrollo de las micro, peque\u00f1as y medianas empresas (mipymes),\u00a0que aportan m\u00e1s del\u00a038 %\u00a0del Producto Interno Bruto&hellip; <\/p>\n","protected":false},"author":2,"featured_media":3669,"comment_status":"closed","ping_status":"closed","sticky":false,"template":"","format":"standard","meta":{"fifu_image_url":"https:\/\/i0.wp.com\/elmundodelosnegocios.com.do\/v1\/wp-content\/uploads\/2023\/06\/1-1-1024x576.jpeg?resize=1024,576&ssl=1","fifu_image_alt":"Gobierno considera a las mipymes como el pulm\u00f3n del desarrollo econ\u00f3mico dominicano","footnotes":""},"categories":[63],"tags":[],"class_list":["post-3668","post","type-post","status-publish","format-standard","has-post-thumbnail","hentry","category-actualidad"],"_links":{"self":[{"href":"https:\/\/elmundodelapolitica.com\/v1\/wp-json\/wp\/v2\/posts\/3668","targetHints":{"allow":["GET"]}}],"collection":[{"href":"https:\/\/elmundodelapolitica.com\/v1\/wp-json\/wp\/v2\/posts"}],"about":[{"href":"https:\/\/elmundodelapolitica.com\/v1\/wp-json\/wp\/v2\/types\/post"}],"author":[{"embeddable":true,"href":"https:\/\/elmundodelapolitica.com\/v1\/wp-json\/wp\/v2\/users\/2"}],"replies":[{"embeddable":true,"href":"https:\/\/elmundodelapolitica.com\/v1\/wp-json\/wp\/v2\/comments?post=3668"}],"version-history":[{"count":0,"href":"https:\/\/elmundodelapolitica.com\/v1\/wp-json\/wp\/v2\/posts\/3668\/revisions"}],"wp:featuredmedia":[{"embeddable":true,"href":"https:\/\/elmundodelapolitica.com\/v1\/wp-json\/wp\/v2\/media\/3669"}],"wp:attachment":[{"href":"https:\/\/elmundodelapolitica.com\/v1\/wp-json\/wp\/v2\/media?parent=3668"}],"wp:term":[{"taxonomy":"category","embeddable":true,"href":"https:\/\/elmundodelapolitica.com\/v1\/wp-json\/wp\/v2\/categories?post=3668"},{"taxonomy":"post_tag","embeddable":true,"href":"https:\/\/elmundodelapolitica.com\/v1\/wp-json\/wp\/v2\/tags?post=3668"}],"curies":[{"name":"wp","href":"https:\/\/api.w.org\/{rel}","templated":true}]}}