{"id":3662,"date":"2023-06-22T09:21:01","date_gmt":"2023-06-22T13:21:01","guid":{"rendered":"https:\/\/elmundodelapolitica.com\/v1\/?p=3662"},"modified":"2023-06-22T09:21:01","modified_gmt":"2023-06-22T13:21:01","slug":"dga-presenta-avances-del-operativo-de-adecuacion-de-licencias-otorgadas-a-agentes-aduanales-y-consolidadores-de-carga","status":"publish","type":"post","link":"https:\/\/elmundodelapolitica.com\/v1\/dga-presenta-avances-del-operativo-de-adecuacion-de-licencias-otorgadas-a-agentes-aduanales-y-consolidadores-de-carga\/","title":{"rendered":"DGA presenta avances del Operativo de Adecuaci\u00f3n de Licencias otorgadas a agentes aduanales y consolidadores de carga"},"content":{"rendered":"<div>\n<p>Santo Domingo. \u2013 Desde la puesta en marcha del\u00a0<strong>operativo de adecuaci\u00f3n<\/strong>, en octubre de 2022, la\u00a0<strong>Direcci\u00f3n General de Aduanas\u00a0<\/strong>ha evaluado a un total de<strong>\u00a0986 empresas licenciatarias<\/strong>. Hasta la fecha, se han encontrado y atendido situaciones diversas, identificando\u00a0<strong>687 empresas en pleno cumplimiento de las regulaciones establecidas, 62 empresas canceladas y 237 empresas suspendidas.<\/strong><\/p>\n<figure class=\"wp-block-image size-large\"><img data-attachment-id=\"26787\" data-permalink=\"https:\/\/elmundodelosnegocios.com.do\/v1\/index.php\/2023\/03\/21\/aduanas-y-empresas-logisticas-aunan-esfuerzos-para-hacer-del-pais-un-hub-de-carga-aerea-internacional\/aduanas-3\/\" data-orig-file=\"https:\/\/i0.wp.com\/elmundodelosnegocios.com.do\/v1\/wp-content\/uploads\/2023\/03\/Aduanas.jpg?fit=1300%2C731&amp;ssl=1\" data-orig-size=\"1300,731\" data-comments-opened=\"0\" data-image-meta='{\"aperture\":\"0\",\"credit\":\"\",\"camera\":\"\",\"caption\":\"\",\"created_timestamp\":\"0\",\"copyright\":\"\",\"focal_length\":\"0\",\"iso\":\"0\",\"shutter_speed\":\"0\",\"title\":\"\",\"orientation\":\"0\"}' data-image-title=\"Aduanas\" data-image-description=\"\" data-image-caption=\"\" data-medium-file=\"https:\/\/i0.wp.com\/elmundodelosnegocios.com.do\/v1\/wp-content\/uploads\/2023\/03\/Aduanas.jpg?fit=300%2C169&amp;ssl=1\" data-large-file=\"https:\/\/i0.wp.com\/elmundodelosnegocios.com.do\/v1\/wp-content\/uploads\/2023\/03\/Aduanas.jpg?fit=1024%2C576&amp;ssl=1\" decoding=\"async\" loading=\"lazy\" width=\"1024\" height=\"576\" src=\"https:\/\/i0.wp.com\/elmundodelosnegocios.com.do\/v1\/wp-content\/uploads\/2023\/03\/Aduanas.jpg?resize=1024,576\" alt=\"\" class=\"wp-image-26787\" srcset=\"https:\/\/i0.wp.com\/elmundodelosnegocios.com.do\/v1\/wp-content\/uploads\/2023\/03\/Aduanas.jpg?resize=1024,576&amp;ssl=1 1024w, https:\/\/i0.wp.com\/elmundodelosnegocios.com.do\/v1\/wp-content\/uploads\/2023\/03\/Aduanas.jpg?resize=300%2C169&amp;ssl=1 300w, https:\/\/i0.wp.com\/elmundodelosnegocios.com.do\/v1\/wp-content\/uploads\/2023\/03\/Aduanas.jpg?resize=768%2C432&amp;ssl=1 768w, https:\/\/i0.wp.com\/elmundodelosnegocios.com.do\/v1\/wp-content\/uploads\/2023\/03\/Aduanas.jpg?w=1300&amp;ssl=1 1300w\" sizes=\"auto, (max-width: 1024px) 100vw, 1024px\" data-recalc-dims=\"1\"><\/figure>\n<p>Con el fin de llevar a cabo este operativo, se ha establecido un comit\u00e9 a nivel interno que desempe\u00f1a un papel fundamental en la\u00a0<strong>correcta aplicaci\u00f3n de las nuevas normas y en el aumento de la transparencia del procedimiento<\/strong>. Gracias al an\u00e1lisis realizado por este comit\u00e9, se han identificado\u00a0<strong>oportunidades de mejora<\/strong>\u00a0que garantizan el\u00a0<strong>cumplimiento de las necesidades de los usuarios en el futuro<\/strong>.<\/p>\n<p>Este proceso incluye la revisi\u00f3n exhaustiva y auditor\u00eda de todos los\u00a0<strong>registros, licencias y solicitudes tramitadas<\/strong>\u00a0previamente con miras a validar el cumplimiento de los requisitos legales aplicables. Dentro de la fase de revisi\u00f3n, se est\u00e1 realizando\u00a0<strong>acercamiento con los operadores aduaneros\u00a0<\/strong>en torno al estatus de sus expedientes.\u00a0<\/p>\n<p>Pr\u00f3ximamente,\u00a0<strong>una vez concluido este operativo<\/strong>, la instituci\u00f3n se enfocar\u00e1 en la emisi\u00f3n de licencias alineadas a los requisitos del programa\u00a0<strong>\u00abBurocracia Cero\u00bb.<\/strong>\u00a0<\/p>\n<p>Este programa simplificar\u00e1 y agilizar\u00e1 notablemente la\u00a0<strong>obtenci\u00f3n de licencias y permisos<\/strong>\u00a0a trav\u00e9s de la plataforma digital de aduanas, lo que permitir\u00e1 brindar un servicio m\u00e1s eficiente y, al mismo tiempo, impulsar\u00e1 de manera significativa la\u00a0<strong>eficiencia y la transparencia en el sector aduanero.<\/strong><\/p>\n<p>Con este plan de trabajo,\u00a0<strong>la DGA fortalece la actividad log\u00edstica del pa\u00eds<\/strong>\u00a0y mejora la eficiencia en la expedici\u00f3n de permisos y licencias. La instituci\u00f3n se mantiene comprometida en su labor de proporcionar un entorno aduanero m\u00e1s \u00e1gil y transparente, impulsando el desarrollo econ\u00f3mico de la Rep\u00fablica Dominicana.<\/p>\n<\/div>\n","protected":false},"excerpt":{"rendered":"<p>Santo Domingo. \u2013 Desde la puesta en marcha del\u00a0operativo de adecuaci\u00f3n, en octubre de 2022, la\u00a0Direcci\u00f3n General de Aduanas\u00a0ha evaluado a un total de\u00a0986 empresas licenciatarias. Hasta la fecha, se&hellip; <\/p>\n","protected":false},"author":2,"featured_media":3663,"comment_status":"closed","ping_status":"closed","sticky":false,"template":"","format":"standard","meta":{"fifu_image_url":"https:\/\/i0.wp.com\/elmundodelosnegocios.com.do\/v1\/wp-content\/uploads\/2023\/03\/Aduanas.jpg?resize=1024,576","fifu_image_alt":"DGA presenta avances del Operativo de Adecuaci\u00f3n de Licencias otorgadas a agentes aduanales y consolidadores de carga","footnotes":""},"categories":[63],"tags":[],"class_list":["post-3662","post","type-post","status-publish","format-standard","has-post-thumbnail","hentry","category-actualidad"],"_links":{"self":[{"href":"https:\/\/elmundodelapolitica.com\/v1\/wp-json\/wp\/v2\/posts\/3662","targetHints":{"allow":["GET"]}}],"collection":[{"href":"https:\/\/elmundodelapolitica.com\/v1\/wp-json\/wp\/v2\/posts"}],"about":[{"href":"https:\/\/elmundodelapolitica.com\/v1\/wp-json\/wp\/v2\/types\/post"}],"author":[{"embeddable":true,"href":"https:\/\/elmundodelapolitica.com\/v1\/wp-json\/wp\/v2\/users\/2"}],"replies":[{"embeddable":true,"href":"https:\/\/elmundodelapolitica.com\/v1\/wp-json\/wp\/v2\/comments?post=3662"}],"version-history":[{"count":0,"href":"https:\/\/elmundodelapolitica.com\/v1\/wp-json\/wp\/v2\/posts\/3662\/revisions"}],"wp:featuredmedia":[{"embeddable":true,"href":"https:\/\/elmundodelapolitica.com\/v1\/wp-json\/wp\/v2\/media\/3663"}],"wp:attachment":[{"href":"https:\/\/elmundodelapolitica.com\/v1\/wp-json\/wp\/v2\/media?parent=3662"}],"wp:term":[{"taxonomy":"category","embeddable":true,"href":"https:\/\/elmundodelapolitica.com\/v1\/wp-json\/wp\/v2\/categories?post=3662"},{"taxonomy":"post_tag","embeddable":true,"href":"https:\/\/elmundodelapolitica.com\/v1\/wp-json\/wp\/v2\/tags?post=3662"}],"curies":[{"name":"wp","href":"https:\/\/api.w.org\/{rel}","templated":true}]}}