{"id":3660,"date":"2023-06-22T09:10:17","date_gmt":"2023-06-22T13:10:17","guid":{"rendered":"https:\/\/elmundodelapolitica.com\/v1\/?p=3660"},"modified":"2023-06-22T09:10:17","modified_gmt":"2023-06-22T13:10:17","slug":"cesac-inicia-jornada-de-plenarias-en-la-xi-reunion-del-grupo-regional-sobre-seguridad-de-la-aviacion-y-facilitacion","status":"publish","type":"post","link":"https:\/\/elmundodelapolitica.com\/v1\/cesac-inicia-jornada-de-plenarias-en-la-xi-reunion-del-grupo-regional-sobre-seguridad-de-la-aviacion-y-facilitacion\/","title":{"rendered":"CESAC inicia jornada de plenarias en la XI Reuni\u00f3n del Grupo Regional sobre Seguridad de la Aviaci\u00f3n y Facilitaci\u00f3n"},"content":{"rendered":"<div>\n<p>Santo Domingo.- A partir de hoy y hasta el viernes 23 de junio se lleva a cabo\u00a0<strong>la jornada de plenarias<\/strong>, las cuales tienen como misi\u00f3n revisar, modificar y establecer normas y procedimientos que mejorar\u00e1n la\u00a0<strong>eficacia del manejo de la seguridad de la aviaci\u00f3n civil<\/strong>, en el marco del desarrollo de la\u00a0<strong>Und\u00e9cima Reuni\u00f3n del Grupo Regional sobre Seguridad de la Aviaci\u00f3n y Facilitaci\u00f3n<\/strong>\u00a0de la Organizaci\u00f3n de Aviaci\u00f3n Civil Internacional\u00a0<strong>(OACI)<\/strong>\u00a0y la Comisi\u00f3n Latinoamericana de Aviaci\u00f3n Civil\u00a0<strong>(CLAC)<\/strong>.<\/p>\n<div class=\"wp-block-image\">\n<figure class=\"aligncenter size-large\"><img data-attachment-id=\"30439\" data-permalink=\"https:\/\/elmundodelosnegocios.com.do\/v1\/index.php\/2023\/06\/22\/cesac-inicia-jornada-de-plenarias-en-la-xi-reunion-del-grupo-regional-sobre-seguridad-de-la-aviacion-y-facilitacion\/00-1-13\/\" data-orig-file=\"https:\/\/i0.wp.com\/elmundodelosnegocios.com.do\/v1\/wp-content\/uploads\/2023\/06\/00-1.jpg?fit=1300%2C731&amp;ssl=1\" data-orig-size=\"1300,731\" data-comments-opened=\"0\" data-image-meta='{\"aperture\":\"0\",\"credit\":\"\",\"camera\":\"\",\"caption\":\"\",\"created_timestamp\":\"0\",\"copyright\":\"\",\"focal_length\":\"0\",\"iso\":\"0\",\"shutter_speed\":\"0\",\"title\":\"\",\"orientation\":\"0\"}' data-image-title=\"00-1\" data-image-description=\"\" data-image-caption=\"\" data-medium-file=\"https:\/\/i0.wp.com\/elmundodelosnegocios.com.do\/v1\/wp-content\/uploads\/2023\/06\/00-1.jpg?fit=300%2C169&amp;ssl=1\" data-large-file=\"https:\/\/i0.wp.com\/elmundodelosnegocios.com.do\/v1\/wp-content\/uploads\/2023\/06\/00-1.jpg?fit=1024%2C576&amp;ssl=1\" decoding=\"async\" loading=\"lazy\" width=\"1024\" height=\"576\" src=\"https:\/\/i0.wp.com\/elmundodelosnegocios.com.do\/v1\/wp-content\/uploads\/2023\/06\/00-1.jpg?resize=1024,576\" alt=\"\" class=\"wp-image-30439\" srcset=\"https:\/\/i0.wp.com\/elmundodelosnegocios.com.do\/v1\/wp-content\/uploads\/2023\/06\/00-1.jpg?resize=1024,576&amp;ssl=1 1024w, https:\/\/i0.wp.com\/elmundodelosnegocios.com.do\/v1\/wp-content\/uploads\/2023\/06\/00-1.jpg?resize=300%2C169&amp;ssl=1 300w, https:\/\/i0.wp.com\/elmundodelosnegocios.com.do\/v1\/wp-content\/uploads\/2023\/06\/00-1.jpg?resize=768%2C432&amp;ssl=1 768w, https:\/\/i0.wp.com\/elmundodelosnegocios.com.do\/v1\/wp-content\/uploads\/2023\/06\/00-1.jpg?w=1300&amp;ssl=1 1300w\" sizes=\"auto, (max-width: 1024px) 100vw, 1024px\" data-recalc-dims=\"1\"><\/figure>\n<\/div>\n<p>El director general del Cuerpo Especializado en Seguridad Aeroportuaria y de la Aviaci\u00f3n Civil\u00a0<strong>(CESAC)<\/strong>\u00a0general de brigada piloto\u00a0<strong>Floreal Su\u00e1rez Mart\u00ednez<\/strong>, FARD, dej\u00f3 iniciada la\u00a0<strong>segunda fase de toma de decisiones<\/strong>\u00a0tras la culminaci\u00f3n de los talleres en el d\u00eda de ayer.\u00a0<\/p>\n<p>Al ofrecer las palabras de bienvenida, Su\u00e1rez Mart\u00ednez agradeci\u00f3 a Dios y a las autoridades civiles y militares por mejorar continuamente con sus aportes las estructuras que hacen posible el\u00a0<strong>progreso continuo de la seguridad aeroportuaria, la aviaci\u00f3n civil y la facilitaci\u00f3n.\u00a0<\/strong><\/p>\n<p><em>\u201cDamos gracias a Dios por la oportunidad de realizar la actividad, as\u00ed como el apoyo irrestricto de nuestras autoridades, encabezadas por nuestro se\u00f1or presidente constitucional de la Rep\u00fablica, Luis Rodolfo Abinader Corona; el de nuestro ministro de Defensa, teniente general Carlos Luciano D\u00edaz Morfa, y del ministro de Turismo, David Collado Morales; de igual forma es preciso destacar la cooperaci\u00f3n solidaria de todo el sector de la aviaci\u00f3n en Rep\u00fablica Dominicana\u201d.\u00a0<\/em><\/p>\n<figure class=\"wp-block-image\"><img decoding=\"async\" src=\"https:\/\/i0.wp.com\/presidencia.gob.do\/sites\/default\/files\/inline-images\/FOTO GRUPAL mie\u0301rcoles 21.JPG?w=1110&amp;ssl=1\" alt=\"\" data-recalc-dims=\"1\"><\/figure>\n<p>La agenda que convoca a los\u00a0<strong>m\u00e1s de veinte pa\u00edses y territorios del continente americano<\/strong>\u00a0ofrece un nuevo paso para que juntos, se avance cada vez m\u00e1s firmemente hacia la consolidaci\u00f3n de un sistema de gesti\u00f3n de seguridad, fundamentado en una\u00a0<strong>adecuada identificaci\u00f3n de riesgos<\/strong>, as\u00ed como en los objetivos del\u00a0<strong>Plan Global para la Seguridad de la Aviaci\u00f3n<\/strong>, capaz de anticiparse a las dificultades para reducir los eventos que generan p\u00e9rdidas humanas y materiales, vinculadas a la seguridad operacional.<\/p>\n<p>Su\u00e1rez Mart\u00ednez expres\u00f3 que<em>\u00a0\u201ceste evento constituye motivo de gran satisfacci\u00f3n, por la gran trascendencia de los temas abordados, as\u00ed como la diversidad de actores aqu\u00ed reunidos y unidos con la m\u00e1s profunda convicci\u00f3n de que una aviaci\u00f3n segura es garant\u00eda de desarrollo econ\u00f3mico y social de los Estados\u201d.<\/em><\/p>\n<p>Entre los temas que se trabajan en las plenarias se cita el control de calidad en la seguridad de la aviaci\u00f3n civil, como v\u00eda para garantizar la\u00a0<strong>correcta aplicaci\u00f3n de las normativas y procedimientos<\/strong>\u00a0establecidos en los Programas Nacionales de Seguridad de la Aviaci\u00f3n Civil, y el de la\u00a0<strong>necesaria colaboraci\u00f3n entre aerol\u00edneas, aeropuertos y autoridades de aviaci\u00f3n civil.<\/strong><\/p>\n<p><strong>Expertos internacionales destacan la labor del CESAC<\/strong><\/p>\n<p>Durante sus presentaciones, expertos internacionales en diversos temas sustantivos para el desarrollo de la seguridad de la aviaci\u00f3n y facilitaci\u00f3n, entre ellos, el\u00a0especialista regional AVSEC\/FAL OACI SAM\u00a0<strong>Leonardo Boszczowski y Fernando Cohelo<\/strong>, especialista OACI secci\u00f3n ISD-SEC destacaron que:\u00a0<em>\u201cRep\u00fablica Dominicana est\u00e1 ofreciendo la soluci\u00f3n, desde su ejemplo, aplicando entre un 97 y 98 %\u00a0\u00a0en la implementaci\u00f3n efectiva de aplicaci\u00f3n de\u00a0\u00a0procedimientos cr\u00edticos y\u00a0\u00a0el cumplimiento de las normas AVSEC, lo que coloca a la naci\u00f3n entre los primeros cinco pa\u00edses con mayor posicionamiento a nivel mundial\u201d.<\/em><\/p>\n<p>De su lado,\u00a0<strong>Fabio Rabbani<\/strong>, director de la oficina regional SAM de la OACI consider\u00f3 que\u00a0<em>\u201cRep\u00fablica Dominicana trabaja con gran profesionalismo y dedicaci\u00f3n, lo que se evidencia en este evento en el que\u00a0\u00a0m\u00e1s de 20 delegaciones y 130 participantes conocen, comparten experiencias y debaten sobre factores humanos, tecnolog\u00eda, procesos y acuerdos internacionales que viabilizan la impartici\u00f3n de conocimientos y experiencias entre nuestros Estados. Felicito al CESAC y a la JAC por la consecuci\u00f3n de este evento\u201d.<\/em><\/p>\n<\/div>\n","protected":false},"excerpt":{"rendered":"<p>Santo Domingo.- A partir de hoy y hasta el viernes 23 de junio se lleva a cabo\u00a0la jornada de plenarias, las cuales tienen como misi\u00f3n revisar, modificar y establecer normas&hellip; <\/p>\n","protected":false},"author":2,"featured_media":3661,"comment_status":"closed","ping_status":"closed","sticky":false,"template":"","format":"standard","meta":{"fifu_image_url":"https:\/\/i0.wp.com\/elmundodelosnegocios.com.do\/v1\/wp-content\/uploads\/2023\/06\/00-1.jpg?resize=1024,576","fifu_image_alt":"CESAC inicia jornada de plenarias en la XI Reuni\u00f3n del Grupo Regional sobre Seguridad de la Aviaci\u00f3n y Facilitaci\u00f3n","footnotes":""},"categories":[63],"tags":[],"class_list":["post-3660","post","type-post","status-publish","format-standard","has-post-thumbnail","hentry","category-actualidad"],"_links":{"self":[{"href":"https:\/\/elmundodelapolitica.com\/v1\/wp-json\/wp\/v2\/posts\/3660","targetHints":{"allow":["GET"]}}],"collection":[{"href":"https:\/\/elmundodelapolitica.com\/v1\/wp-json\/wp\/v2\/posts"}],"about":[{"href":"https:\/\/elmundodelapolitica.com\/v1\/wp-json\/wp\/v2\/types\/post"}],"author":[{"embeddable":true,"href":"https:\/\/elmundodelapolitica.com\/v1\/wp-json\/wp\/v2\/users\/2"}],"replies":[{"embeddable":true,"href":"https:\/\/elmundodelapolitica.com\/v1\/wp-json\/wp\/v2\/comments?post=3660"}],"version-history":[{"count":0,"href":"https:\/\/elmundodelapolitica.com\/v1\/wp-json\/wp\/v2\/posts\/3660\/revisions"}],"wp:featuredmedia":[{"embeddable":true,"href":"https:\/\/elmundodelapolitica.com\/v1\/wp-json\/wp\/v2\/media\/3661"}],"wp:attachment":[{"href":"https:\/\/elmundodelapolitica.com\/v1\/wp-json\/wp\/v2\/media?parent=3660"}],"wp:term":[{"taxonomy":"category","embeddable":true,"href":"https:\/\/elmundodelapolitica.com\/v1\/wp-json\/wp\/v2\/categories?post=3660"},{"taxonomy":"post_tag","embeddable":true,"href":"https:\/\/elmundodelapolitica.com\/v1\/wp-json\/wp\/v2\/tags?post=3660"}],"curies":[{"name":"wp","href":"https:\/\/api.w.org\/{rel}","templated":true}]}}