{"id":3658,"date":"2023-06-22T09:08:09","date_gmt":"2023-06-22T13:08:09","guid":{"rendered":"https:\/\/elmundodelapolitica.com\/v1\/?p=3658"},"modified":"2023-06-22T09:08:09","modified_gmt":"2023-06-22T13:08:09","slug":"index-y-cenapec-acuerdan-ampliar-la-oferta-academica-de-la-comunidad-dominicana-en-el-exterior","status":"publish","type":"post","link":"https:\/\/elmundodelapolitica.com\/v1\/index-y-cenapec-acuerdan-ampliar-la-oferta-academica-de-la-comunidad-dominicana-en-el-exterior\/","title":{"rendered":"INDEX y CENAPEC acuerdan ampliar la oferta acad\u00e9mica de la comunidad dominicana en el exterior"},"content":{"rendered":"<div>\n<p>Santo Domingo.-\u00a0<strong>El Instituto de Dominicanos y Dominicanas en el Exterior (INDEX)<\/strong>\u00a0firm\u00f3 un acuerdo de colaboraci\u00f3n interinstitucional con\u00a0<strong>Centros APEC de Educaci\u00f3n a Distancia (CENAPEC),<\/strong>\u00a0con el objetivo de promover y ejecutar estrategias, programas y propuestas dirigidas a la\u00a0<strong>comunidad dominicana residente en el extranjero.<\/strong><strong>\u00a0<\/strong><\/p>\n<div class=\"wp-block-image\">\n<figure class=\"aligncenter size-large\"><img data-attachment-id=\"30436\" data-permalink=\"https:\/\/elmundodelosnegocios.com.do\/v1\/index.php\/2023\/06\/22\/index-y-cenapec-acuerdan-ampliar-la-oferta-academica-de-la-comunidad-dominicana-en-el-exterior\/000-1\/\" data-orig-file=\"https:\/\/i0.wp.com\/elmundodelosnegocios.com.do\/v1\/wp-content\/uploads\/2023\/06\/000-1.jpg?fit=1300%2C731&amp;ssl=1\" data-orig-size=\"1300,731\" data-comments-opened=\"0\" data-image-meta='{\"aperture\":\"0\",\"credit\":\"\",\"camera\":\"\",\"caption\":\"\",\"created_timestamp\":\"0\",\"copyright\":\"\",\"focal_length\":\"0\",\"iso\":\"0\",\"shutter_speed\":\"0\",\"title\":\"\",\"orientation\":\"0\"}' data-image-title=\"000-1\" data-image-description=\"\" data-image-caption=\"\" data-medium-file=\"https:\/\/i0.wp.com\/elmundodelosnegocios.com.do\/v1\/wp-content\/uploads\/2023\/06\/000-1.jpg?fit=300%2C169&amp;ssl=1\" data-large-file=\"https:\/\/i0.wp.com\/elmundodelosnegocios.com.do\/v1\/wp-content\/uploads\/2023\/06\/000-1.jpg?fit=1024%2C576&amp;ssl=1\" decoding=\"async\" loading=\"lazy\" width=\"1024\" height=\"576\" src=\"https:\/\/i0.wp.com\/elmundodelosnegocios.com.do\/v1\/wp-content\/uploads\/2023\/06\/000-1.jpg?resize=1024,576\" alt=\"\" class=\"wp-image-30436\" srcset=\"https:\/\/i0.wp.com\/elmundodelosnegocios.com.do\/v1\/wp-content\/uploads\/2023\/06\/000-1.jpg?resize=1024,576&amp;ssl=1 1024w, https:\/\/i0.wp.com\/elmundodelosnegocios.com.do\/v1\/wp-content\/uploads\/2023\/06\/000-1.jpg?resize=300%2C169&amp;ssl=1 300w, https:\/\/i0.wp.com\/elmundodelosnegocios.com.do\/v1\/wp-content\/uploads\/2023\/06\/000-1.jpg?resize=768%2C432&amp;ssl=1 768w, https:\/\/i0.wp.com\/elmundodelosnegocios.com.do\/v1\/wp-content\/uploads\/2023\/06\/000-1.jpg?w=1300&amp;ssl=1 1300w\" sizes=\"auto, (max-width: 1024px) 100vw, 1024px\" data-recalc-dims=\"1\"><\/figure>\n<\/div>\n<p>Este convenio promover\u00e1 los programas virtuales de CENAPEC en\u00a0<strong>educaci\u00f3n b\u00e1sica y secundaria para adultos, y de educaci\u00f3n continuada a trav\u00e9s de su plataforma ActualizaTec<\/strong>\u00a0by CENAPEC. Adem\u00e1s, facilitar\u00e1\u00a0<strong>becas y descuentos<\/strong>\u00a0educativos para los connacionales en el exterior interesados.\u00a0<\/p>\n<p>A trav\u00e9s de este acuerdo, el INDEX y CENAPEC se comprometieron a impulsar un\u00a0<strong>sistema educativo accesible de calidad<\/strong>, que fomente el aprendizaje y el desarrollo de los dominicanos y dominicanas en el exterior, para propiciar as\u00ed sus oportunidades de\u00a0<strong>inserci\u00f3n laboral y continuidad a su formaci\u00f3n de educaci\u00f3n superior<\/strong>.\u00a0<\/p>\n<p>El convenio fue firmado por el viceministro para las Comunidades Dominicanas en el Exterior del Ministerio de Relaciones Exteriores, y director ejecutivo del INDEX,\u00a0<strong>Carlos de la Mota,<\/strong>\u00a0y la se\u00f1ora\u00a0<strong>Sonia Villanueva,<\/strong>\u00a0presidente de Junta Directiva de CENAPEC, quienes recalcaron la importancia del convenio para continuar elevando\u00a0<strong>las competencias profesionales y las oportunidades empresariales<\/strong>\u00a0de la comunidad dominicana emigrante.\u00a0<\/p>\n<p>El viceministro De la Mota expres\u00f3 que este convenio representa una plataforma de oportunidades para que la comunidad dominicana pueda avanzar en la formaci\u00f3n continua y la educaci\u00f3n a distancia.<em>\u00a0\u201cComo Gobierno estamos conscientes de que apostar al fomento de la educaci\u00f3n en nuestros connacionales es crear un puente hacia su desarrollo econ\u00f3mico y el de sus familias, al desarrollo de sus comunidades de origen y al de su pa\u00eds de residencia, es por esto que el INDEX continuar\u00e1 dando pasos firmes para que se sienta el cambio y el bienestar en la calidad de vida de nuestra gente donde quiera que se encuentren\u201d,<\/em>\u00a0afirm\u00f3.\u00a0<\/p>\n<p>Por su parte, la se\u00f1ora Villanueva apunt\u00f3 que\u00a0<em>\u201cestoy segura de que, al darle facilidades a la di\u00e1spora en materia de educaci\u00f3n, vamos a reducir la brecha de deserci\u00f3n escolar en esta poblaci\u00f3n que ha sido impactada por tantos a\u00f1os\u201d.\u00a0<\/em><\/p>\n<p>Estuvieron presentes, de parte del INDEX, el director de Investigaci\u00f3n y Estudio, Pablo Asencio; la directora de Vinculaci\u00f3n y Codesarrollo, Anna Hern\u00e1ndez, y la directora de Fomento de la Identidad Nacional, Reina Rosario. Por CENAPEC, participaron el se\u00f1or Enrique de Marchena, miembro de la Junta de Directores; la doctora Pilar Constanzo, directora ejecutiva, y Karina Garc\u00eda, gerente de Identidad Corporativa.<\/p>\n<\/div>\n","protected":false},"excerpt":{"rendered":"<p>Santo Domingo.-\u00a0El Instituto de Dominicanos y Dominicanas en el Exterior (INDEX)\u00a0firm\u00f3 un acuerdo de colaboraci\u00f3n interinstitucional con\u00a0Centros APEC de Educaci\u00f3n a Distancia (CENAPEC),\u00a0con el objetivo de promover y ejecutar estrategias,&hellip; <\/p>\n","protected":false},"author":2,"featured_media":3659,"comment_status":"closed","ping_status":"closed","sticky":false,"template":"","format":"standard","meta":{"fifu_image_url":"https:\/\/i0.wp.com\/elmundodelosnegocios.com.do\/v1\/wp-content\/uploads\/2023\/06\/000-1.jpg?resize=1024,576","fifu_image_alt":"INDEX y CENAPEC acuerdan ampliar la oferta acad\u00e9mica de la comunidad dominicana en el exterior","footnotes":""},"categories":[63],"tags":[],"class_list":["post-3658","post","type-post","status-publish","format-standard","has-post-thumbnail","hentry","category-actualidad"],"_links":{"self":[{"href":"https:\/\/elmundodelapolitica.com\/v1\/wp-json\/wp\/v2\/posts\/3658","targetHints":{"allow":["GET"]}}],"collection":[{"href":"https:\/\/elmundodelapolitica.com\/v1\/wp-json\/wp\/v2\/posts"}],"about":[{"href":"https:\/\/elmundodelapolitica.com\/v1\/wp-json\/wp\/v2\/types\/post"}],"author":[{"embeddable":true,"href":"https:\/\/elmundodelapolitica.com\/v1\/wp-json\/wp\/v2\/users\/2"}],"replies":[{"embeddable":true,"href":"https:\/\/elmundodelapolitica.com\/v1\/wp-json\/wp\/v2\/comments?post=3658"}],"version-history":[{"count":0,"href":"https:\/\/elmundodelapolitica.com\/v1\/wp-json\/wp\/v2\/posts\/3658\/revisions"}],"wp:featuredmedia":[{"embeddable":true,"href":"https:\/\/elmundodelapolitica.com\/v1\/wp-json\/wp\/v2\/media\/3659"}],"wp:attachment":[{"href":"https:\/\/elmundodelapolitica.com\/v1\/wp-json\/wp\/v2\/media?parent=3658"}],"wp:term":[{"taxonomy":"category","embeddable":true,"href":"https:\/\/elmundodelapolitica.com\/v1\/wp-json\/wp\/v2\/categories?post=3658"},{"taxonomy":"post_tag","embeddable":true,"href":"https:\/\/elmundodelapolitica.com\/v1\/wp-json\/wp\/v2\/tags?post=3658"}],"curies":[{"name":"wp","href":"https:\/\/api.w.org\/{rel}","templated":true}]}}