{"id":365,"date":"2022-06-07T01:37:51","date_gmt":"2022-06-07T05:37:51","guid":{"rendered":"http:\/\/www.elmundodelapolitica.com\/v2\/?p=25448"},"modified":"2022-06-07T01:37:51","modified_gmt":"2022-06-07T05:37:51","slug":"circulan-banco-mundial-y-ministerio-economia-estudio-urbanizacion-y-desarrollo-territorial-r-d","status":"publish","type":"post","link":"https:\/\/elmundodelapolitica.com\/v1\/circulan-banco-mundial-y-ministerio-economia-estudio-urbanizacion-y-desarrollo-territorial-r-d\/","title":{"rendered":"Circulan Banco Mundial y Ministerio Econom\u00eda estudio urbanizaci\u00f3n y desarrollo territorial R. D."},"content":{"rendered":"\n<p><strong>Santo Domingo<\/strong>, R.D.,  junio de 2022.-\u00a0El\u00a0<strong>Banco Mundial (BM),\u00a0<\/strong>y el<strong>\u00a0Ministerio de Econom\u00eda, Planificaci\u00f3n y Desarrollo (MEPyD)<\/strong>,<strong>\u00a0<\/strong>dieron a conocer, el estudio de urbanizaci\u00f3n y desarrollo territorial:\u00a0<strong><em>Habilitar el camino para el desarrollo de ciudades y territorios pr\u00f3speros en la Rep\u00fablica Dominicana<\/em><\/strong>, con el objetivo de aportar datos sobre los principales desaf\u00edos territoriales a los que se enfrenta actualmente el pa\u00eds caribe\u00f1o, tales como: gestionar las pol\u00edticas p\u00fablicas, regular el uso de los suelos y facilitar la gesti\u00f3n integral de riesgos a nivel nacional y local.<\/p>\n\n\n\n<p>El documento, realizado bajo el liderazgo t\u00e9cnico de especialistas en urbanismo y desarrollo sostenible del&nbsp;<strong>Banco Mundial<\/strong>, con el apoyo financiero de la Uni\u00f3n Europea y el Fondo Mundial para la Reducci\u00f3n y Recuperaci\u00f3n de Desastres (GFDRR), se centra en siete ejes fundamentales: entender los hitos de la urbanizaci\u00f3n, abordar las disparidades territoriales a diferentes escalas, adoptar un nuevo marco para la planificaci\u00f3n territorial, empoderar a los gobiernos locales, habilitar un sector de vivienda inclusivo, potenciar la integraci\u00f3n del turismo y el territorio y como eje destacado, adaptar los instrumentos de desarrollo territorial en el sector de zonas francas.<\/p>\n\n\n\n<p>La presentaci\u00f3n estuvo encabezada por Alexandria Valerio,&nbsp;representante residente para la Rep\u00fablica Dominicana,&nbsp;acompa\u00f1ada por el ministro de Econom\u00eda Planificaci\u00f3n y Desarrollo, Miguel Ceara Hatton y el viceministro de Ordenamiento Territorial y Desarrollo Regional, Domingo Mat\u00edas.<\/p>\n\n\n\n<p>\u201cEl pa\u00eds est\u00e1 en un buen momento para generar ciudades y territorios m\u00e1s pr\u00f3speros,\u201d expres\u00f3 Alexandria Valerio\u201d. \u201cCon el acompa\u00f1amiento del Banco Mundial a trav\u00e9s de nuestro Marco de Alianza con el Pa\u00eds, estamos apoyando a los programas del Gobierno para la construcci\u00f3n de lugares m\u00e1s seguros, que brinden a los ciudadanos mejores servicios, mejor calidad de vida con dignidad, y un mejor porvenir,\u201d expres\u00f3.<\/p>\n\n\n\n<p>Seg\u00fan datos del informe, el pa\u00eds ha experimentado un proceso acelerado de urbanizaci\u00f3n en las \u00faltimas d\u00e9cadas (creciendo a tasas del 4.5% anual). El porcentaje de la poblaci\u00f3n que viv\u00eda en \u00e1reas urbanas creci\u00f3 de 57%&nbsp;a 82% entre 1994 y 2018, alcanzando el promedio de Am\u00e9rica Latina y el Caribe.&nbsp;&nbsp;<\/p>\n\n\n\n<p>En este contexto, el&nbsp;<strong>Banco Mundial<\/strong>&nbsp;est\u00e1 apoyando a la Rep\u00fablica Dominicana en la implementaci\u00f3n de pol\u00edticas y regulaciones para fortalecer la resiliencia en los sectores de protecci\u00f3n social, agua y vivienda; en el financiamiento de un programa para incentivar vivienda asequible; as\u00ed como en un programa que promueve un mejor desempe\u00f1o del sector de agua mediante incentivos financieros. &nbsp;<\/p>\n\n\n\n<p>Ante el panorama descrito, el Ministerio de Econom\u00eda, Planificaci\u00f3n y Desarrollo ha definido un plan de asistencia t\u00e9cnica para un grupo de ayuntamientos con municipios de vocaci\u00f3n tur\u00edstica y agr\u00edcola, para que dispongan de sus planes de ordenamiento territorial y las normativas correspondientes.&nbsp;<\/p>\n\n\n\n<p>Seg\u00fan el informe, las ciudades y los diferentes polos tur\u00edsticos dominicanos no cuentan con la infraestructura y los servicios b\u00e1sicos que garanticen la calidad de vida de sus ciudadanos y con ello poder fomentar inversiones locales o extranjeras. El acceso a servicios b\u00e1sicos de calidad (electricidad, agua y saneamiento, y recolecci\u00f3n y disposici\u00f3n segura de residuos) siguen rezagados en las grandes \u00e1reas urbanas y polos tur\u00edsticos. Una gran parte de los dominicanos carece de acceso a una vivienda adecuada, mientras que m\u00e1s de un tercio de la poblaci\u00f3n vive en edificios considerados estructuralmente vulnerables a eventos naturales.<\/p>\n\n\n\n<p>IMG_FLH00823:&nbsp;<strong>Erick Dorrejo, director de Pol\u00edticas de Desarrollo de la Zona Fronteriza, Faride Raful, senadora del Distrito Nacional, Domingo Mat\u00edas, viceministro de Ordenamiento Territorial y Desarrollo Regional del Viceministerio de Ordenamiento Territorial de la Rep\u00fablica Dominicana, Alexandria Valerio, representante residente del Banco Mundial para la Rep\u00fablica Dominicana, ministro Miguel Ceara Hatton, Ministerio de Econom\u00eda, Planificaci\u00f3n y Desarrollo, Shaney Pe\u00f1a, directora de Planificaci\u00f3n y Proyectos Tur\u00edsticos.<\/strong><\/p>\n","protected":false},"excerpt":{"rendered":"<p>Santo Domingo, R.D., junio de 2022.-\u00a0El\u00a0Banco Mundial (BM),\u00a0y el\u00a0Ministerio de Econom\u00eda, Planificaci\u00f3n y Desarrollo (MEPyD),\u00a0dieron a conocer, el estudio de urbanizaci\u00f3n y desarrollo territorial:\u00a0Habilitar el camino para el desarrollo de&hellip; <\/p>\n","protected":false},"author":2,"featured_media":366,"comment_status":"closed","ping_status":"open","sticky":false,"template":"","format":"standard","meta":{"fifu_image_url":"","fifu_image_alt":"","footnotes":""},"categories":[25],"tags":[],"class_list":["post-365","post","type-post","status-publish","format-standard","has-post-thumbnail","hentry","category-construccion"],"_links":{"self":[{"href":"https:\/\/elmundodelapolitica.com\/v1\/wp-json\/wp\/v2\/posts\/365","targetHints":{"allow":["GET"]}}],"collection":[{"href":"https:\/\/elmundodelapolitica.com\/v1\/wp-json\/wp\/v2\/posts"}],"about":[{"href":"https:\/\/elmundodelapolitica.com\/v1\/wp-json\/wp\/v2\/types\/post"}],"author":[{"embeddable":true,"href":"https:\/\/elmundodelapolitica.com\/v1\/wp-json\/wp\/v2\/users\/2"}],"replies":[{"embeddable":true,"href":"https:\/\/elmundodelapolitica.com\/v1\/wp-json\/wp\/v2\/comments?post=365"}],"version-history":[{"count":0,"href":"https:\/\/elmundodelapolitica.com\/v1\/wp-json\/wp\/v2\/posts\/365\/revisions"}],"wp:featuredmedia":[{"embeddable":true,"href":"https:\/\/elmundodelapolitica.com\/v1\/wp-json\/wp\/v2\/media\/366"}],"wp:attachment":[{"href":"https:\/\/elmundodelapolitica.com\/v1\/wp-json\/wp\/v2\/media?parent=365"}],"wp:term":[{"taxonomy":"category","embeddable":true,"href":"https:\/\/elmundodelapolitica.com\/v1\/wp-json\/wp\/v2\/categories?post=365"},{"taxonomy":"post_tag","embeddable":true,"href":"https:\/\/elmundodelapolitica.com\/v1\/wp-json\/wp\/v2\/tags?post=365"}],"curies":[{"name":"wp","href":"https:\/\/api.w.org\/{rel}","templated":true}]}}