{"id":3649,"date":"2023-06-22T01:03:58","date_gmt":"2023-06-22T05:03:58","guid":{"rendered":"https:\/\/elmundodelapolitica.com\/v1\/?p=3649"},"modified":"2023-06-22T01:03:58","modified_gmt":"2023-06-22T05:03:58","slug":"resumen-vanpowers-lanza-urbanglide-en-europa-esta-bicicleta-electrica-inteligente-y-conectada-disenada-a-medida-para-desplazamientos-diarios-recorre-110-km-con-una-sola-carga","status":"publish","type":"post","link":"https:\/\/elmundodelapolitica.com\/v1\/resumen-vanpowers-lanza-urbanglide-en-europa-esta-bicicleta-electrica-inteligente-y-conectada-disenada-a-medida-para-desplazamientos-diarios-recorre-110-km-con-una-sola-carga\/","title":{"rendered":"Resumen: Vanpowers lanza UrbanGlide en Europa. Esta bicicleta el\u00e9ctrica inteligente y conectada, dise\u00f1ada a medida para desplazamientos diarios, recorre 110 km con una sola carga"},"content":{"rendered":"<p>Cada UrbanGlide, equipada con motores de 500 vatios, frenos de disco hidr\u00e1ulicos, suspensi\u00f3n de asiento y horquilla y bater\u00edas de 690 vatios\/hora, incluye una aplicaci\u00f3n inteligente para ayudar a los usuarios europeos a desplazarse por la jungla de cemento.FRANKFURT, Alemania&#8211;(BUSINESS WIRE)&#8211;Vanpowers ha anunciado oficialmente el lanzamiento europeo de su \u00faltima bicicleta el\u00e9ctrica, UrbanGlide, una bicicleta de gran precisi\u00f3n, alto par y suave propulsi\u00f3n con un motor de 500 vatios dise\u00f1ada para desplazamientos urbanos y capaz de recorrer 110 kil\u00f3metros con una sola carga.<br \/>\nLa UrbanGlide-Ultra ya est\u00e1 disponible para pedidos por anticipado al precio de 2599 euros.<br \/>\nLa bicicleta el\u00e9ctrica inteligente y conectada podr\u00e1 probarse en persona por primera vez en Europa en la EUROBIKE de Frankfurt, del 21 al 25 de junio, en el pabell\u00f3n 8.0 H32.<br \/>\nEl comunicado en el idioma original es la versi\u00f3n oficial y autorizada del mismo. Esta traducci\u00f3n es solamente un medio de ayuda y deber\u00e1 ser comparada con el texto en idioma original, que es la \u00fanica versi\u00f3n del texto que tendr\u00e1 validez legal. Contacts<br \/>\nTiff<br \/>\n(213) 221-5330<br \/>\ntiff@venturepr.co<\/p>\n","protected":false},"excerpt":{"rendered":"<div>\n<p>\n<i>Cada UrbanGlide, equipada con motores de 500 vatios, frenos de disco hidr\u00e1ulicos, suspensi\u00f3n de asiento y horquilla y bater\u00edas de 690 vatios\/hora, incluye una aplicaci\u00f3n inteligente para ayudar a los usuarios europeos a desplazarse por la jungla de cemento.<\/i><\/p>\n<p><a href=\"https:\/\/mms.businesswire.com\/media\/20230621199926\/es\/1824222\/5\/UrbanGlide.jpg\"><img decoding=\"async\" src=\"https:\/\/mms.businesswire.com\/media\/20230621166757\/en\/1824222\/21\/UrbanGlide.jpg\"><\/a><br \/><a href=\"https:\/\/mms.businesswire.com\/media\/20230621199926\/es\/1824368\/5\/Vanpowers_Logo_final_copy_2.jpg\"><img decoding=\"async\" src=\"https:\/\/mms.businesswire.com\/media\/20230621166757\/en\/1824368\/21\/Vanpowers_Logo_final_copy_2.jpg\"><\/a><\/p>\n<p>FRANKFURT, Alemania&#8211;(BUSINESS WIRE)&#8211;Vanpowers ha anunciado oficialmente el lanzamiento europeo de su \u00faltima bicicleta el\u00e9ctrica, UrbanGlide, una bicicleta de gran precisi\u00f3n, alto par y suave propulsi\u00f3n con un motor de 500 vatios dise\u00f1ada para desplazamientos urbanos y capaz de recorrer 110 kil\u00f3metros con una sola carga.<\/p>\n<p>\nLa UrbanGlide-Ultra ya est\u00e1 disponible para pedidos por anticipado al precio de 2599 euros.<\/p>\n<p>\nLa bicicleta el\u00e9ctrica inteligente y conectada podr\u00e1 probarse en persona por primera vez en Europa en la EUROBIKE de Frankfurt, del 21 al 25 de junio, en el pabell\u00f3n 8.0 H32.<\/p>\n<p>\nEl comunicado en el idioma original es la versi\u00f3n oficial y autorizada del mismo. Esta traducci\u00f3n es solamente un medio de ayuda y deber\u00e1 ser comparada con el texto en idioma original, que es la \u00fanica versi\u00f3n del texto que tendr\u00e1 validez legal.<\/p>\n<p> <b>Contacts<\/b> <\/p>\n<p>\nTiff<br \/>\n<br \/>(213) 221-5330<br \/>\n<br \/><a target=\"_blank\" href=\"mailto:tiff@venturepr.co\" rel=\"nofollow noopener\">tiff@venturepr.co<\/a><\/p>\n<\/div>\n","protected":false},"author":2,"featured_media":3650,"comment_status":"closed","ping_status":"closed","sticky":false,"template":"","format":"standard","meta":{"fifu_image_url":"https:\/\/mms.businesswire.com\/media\/20230621166757\/en\/1824222\/21\/UrbanGlide.jpg","fifu_image_alt":"Resumen: Vanpowers lanza UrbanGlide en Europa. Esta bicicleta el\u00e9ctrica inteligente y conectada, dise\u00f1ada a medida para desplazamientos diarios, recorre 110 km con una sola carga","footnotes":""},"categories":[44],"tags":[],"class_list":["post-3649","post","type-post","status-publish","format-standard","has-post-thumbnail","hentry","category-business-wire"],"_links":{"self":[{"href":"https:\/\/elmundodelapolitica.com\/v1\/wp-json\/wp\/v2\/posts\/3649","targetHints":{"allow":["GET"]}}],"collection":[{"href":"https:\/\/elmundodelapolitica.com\/v1\/wp-json\/wp\/v2\/posts"}],"about":[{"href":"https:\/\/elmundodelapolitica.com\/v1\/wp-json\/wp\/v2\/types\/post"}],"author":[{"embeddable":true,"href":"https:\/\/elmundodelapolitica.com\/v1\/wp-json\/wp\/v2\/users\/2"}],"replies":[{"embeddable":true,"href":"https:\/\/elmundodelapolitica.com\/v1\/wp-json\/wp\/v2\/comments?post=3649"}],"version-history":[{"count":0,"href":"https:\/\/elmundodelapolitica.com\/v1\/wp-json\/wp\/v2\/posts\/3649\/revisions"}],"wp:featuredmedia":[{"embeddable":true,"href":"https:\/\/elmundodelapolitica.com\/v1\/wp-json\/wp\/v2\/media\/3650"}],"wp:attachment":[{"href":"https:\/\/elmundodelapolitica.com\/v1\/wp-json\/wp\/v2\/media?parent=3649"}],"wp:term":[{"taxonomy":"category","embeddable":true,"href":"https:\/\/elmundodelapolitica.com\/v1\/wp-json\/wp\/v2\/categories?post=3649"},{"taxonomy":"post_tag","embeddable":true,"href":"https:\/\/elmundodelapolitica.com\/v1\/wp-json\/wp\/v2\/tags?post=3649"}],"curies":[{"name":"wp","href":"https:\/\/api.w.org\/{rel}","templated":true}]}}