{"id":3631,"date":"2023-06-20T09:40:55","date_gmt":"2023-06-20T13:40:55","guid":{"rendered":"https:\/\/elmundodelapolitica.com\/v1\/?p=3631"},"modified":"2023-06-20T09:40:55","modified_gmt":"2023-06-20T13:40:55","slug":"intrant-inicia-programa-de-formacion-vial-a-choferes-supervisores-y-auxiliares-del-sistema-nacional-de-movilidad-escolar","status":"publish","type":"post","link":"https:\/\/elmundodelapolitica.com\/v1\/intrant-inicia-programa-de-formacion-vial-a-choferes-supervisores-y-auxiliares-del-sistema-nacional-de-movilidad-escolar\/","title":{"rendered":"INTRANT inicia programa de Formaci\u00f3n Vial a Choferes, Supervisores y Auxiliares del Sistema Nacional de Movilidad Escolar"},"content":{"rendered":"<div>\n<p>Santo Domingo.- El Instituto Nacional de Tr\u00e1nsito y Transporte Terrestre\u00a0<strong>(INTRANT)<\/strong>, a trav\u00e9s de la Escuela Nacional de Educaci\u00f3n Vial\u00a0<strong>(ENEVIAL)<\/strong>, inici\u00f3 el programa de<strong>\u00a0Formaci\u00f3n Vial a Choferes, Supervisores y Auxiliares del Sistema Nacional de Movilidad Escolar.\u00a0<\/strong><\/p>\n<div class=\"wp-block-image\">\n<figure class=\"aligncenter size-large\"><img data-attachment-id=\"30407\" data-permalink=\"https:\/\/elmundodelosnegocios.com.do\/v1\/index.php\/2023\/06\/20\/intrant-inicia-programa-de-formacion-vial-a-choferes-supervisores-y-auxiliares-del-sistema-nacional-de-movilidad-escolar\/img_8927\/\" data-orig-file=\"https:\/\/i0.wp.com\/elmundodelosnegocios.com.do\/v1\/wp-content\/uploads\/2023\/06\/IMG_8927.jpeg?fit=1300%2C731&amp;ssl=1\" data-orig-size=\"1300,731\" data-comments-opened=\"0\" data-image-meta='{\"aperture\":\"0\",\"credit\":\"\",\"camera\":\"\",\"caption\":\"\",\"created_timestamp\":\"0\",\"copyright\":\"\",\"focal_length\":\"0\",\"iso\":\"0\",\"shutter_speed\":\"0\",\"title\":\"\",\"orientation\":\"0\"}' data-image-title=\"IMG_8927\" data-image-description=\"\" data-image-caption=\"\" data-medium-file=\"https:\/\/i0.wp.com\/elmundodelosnegocios.com.do\/v1\/wp-content\/uploads\/2023\/06\/IMG_8927.jpeg?fit=300%2C169&amp;ssl=1\" data-large-file=\"https:\/\/i0.wp.com\/elmundodelosnegocios.com.do\/v1\/wp-content\/uploads\/2023\/06\/IMG_8927.jpeg?fit=1024%2C576&amp;ssl=1\" decoding=\"async\" loading=\"lazy\" width=\"1024\" height=\"576\" src=\"https:\/\/i0.wp.com\/elmundodelosnegocios.com.do\/v1\/wp-content\/uploads\/2023\/06\/IMG_8927-1024x576.jpeg?resize=1024,576&amp;ssl=1\" alt=\"\" class=\"wp-image-30407\" srcset=\"https:\/\/i0.wp.com\/elmundodelosnegocios.com.do\/v1\/wp-content\/uploads\/2023\/06\/IMG_8927.jpeg?resize=1024%2C576&amp;ssl=1 1024w, https:\/\/i0.wp.com\/elmundodelosnegocios.com.do\/v1\/wp-content\/uploads\/2023\/06\/IMG_8927.jpeg?resize=300%2C169&amp;ssl=1 300w, https:\/\/i0.wp.com\/elmundodelosnegocios.com.do\/v1\/wp-content\/uploads\/2023\/06\/IMG_8927.jpeg?resize=768%2C432&amp;ssl=1 768w, https:\/\/i0.wp.com\/elmundodelosnegocios.com.do\/v1\/wp-content\/uploads\/2023\/06\/IMG_8927.jpeg?w=1300&amp;ssl=1 1300w\" sizes=\"auto, (max-width: 1024px) 100vw, 1024px\" data-recalc-dims=\"1\"><\/figure>\n<\/div>\n<p>La capacitaci\u00f3n, que ser\u00e1 impartida en\u00a0<strong>cuatro m\u00f3dulos<\/strong>, forma parte del compromiso del INTRANT para instruir y formar en\u00a0<strong>conducci\u00f3n segura<\/strong>\u00a0al personal contratado para brindar servicio de\u00a0<strong>transporte y asistencia a los estudiantes que utilizar\u00e1n este servicio en diferentes puntos del pa\u00eds.\u00a0<\/strong><\/p>\n<p>En ese sentido,\u00a0<strong>el director de la ENEVIAL, Jonathan Cabral,<\/strong>\u00a0indic\u00f3 que\u00a0<em>\u201cpara nosotros es muy importante que este proyecto se ejecute y que ustedes puedan sacar el provecho necesario para aplicar esos conocimientos dentro y fuera de los autobuses, por la seguridad de los estudiantes\u201d.\u00a0<\/em><\/p>\n<p>Por su lado,\u00a0<strong>el subdirector del Sistema de Movilidad Escolar, Gabino Hern\u00e1ndez<\/strong>, dijo que\u00a0<em>\u201centendemos que el personal que estar\u00e1 dando servicio en el transporte escolar debe estar capacitado y para eso est\u00e1n los facilitadores y t\u00e9cnicos de la ENEVIAL en respaldo a esta iniciativa del Gobierno\u201d.<\/em><\/p>\n<p>Asimismo, Hern\u00e1ndez sostuvo que se contempla capacitar\u00a0<strong>a un estimado de 1,400 servidores\u00a0<\/strong>durante las vacaciones de verano 2023, que dar\u00e1n servicio en los buses para el pr\u00f3ximo a\u00f1o escolar.\u00a0<\/p>\n<p>El programa impartido por ENEVIAL contempla talleres como \u201cFundamentos y Alcances de la Ley 63-17\u201d, \u201cRelaciones Humanas y Servicio al Usuario\u201d, \u201cT\u00e9cnicas, F\u00f3rmulas y Estrategias del Manejo Defensivo\u201d, \u201cSeguridad Vial y Compromiso Ciudadano\u201d, \u201cT\u00e9cnicas y Procedimientos de Primeros Auxilios\u201d, adem\u00e1s, \u201cManejo de Ni\u00f1os con Movilidad Reducida\u201d.\u00a0<\/p>\n<p><strong>La Ley 63-17 de Movilidad, Transporte Terrestre, Tr\u00e1nsito y Seguridad Vial<\/strong>\u00a0faculta a la ENEVIAL para<em>\u00a0\u201corganizar la impartici\u00f3n de cursos, charlas y seminarios de capacitaci\u00f3n a t\u00e9cnicos y funcionarios nacionales, provinciales, municipales e instituciones p\u00fablicas y privadas\u201d.<\/em><\/p>\n<\/div>\n","protected":false},"excerpt":{"rendered":"<p>Santo Domingo.- El Instituto Nacional de Tr\u00e1nsito y Transporte Terrestre\u00a0(INTRANT), a trav\u00e9s de la Escuela Nacional de Educaci\u00f3n Vial\u00a0(ENEVIAL), inici\u00f3 el programa de\u00a0Formaci\u00f3n Vial a Choferes, Supervisores y Auxiliares del&hellip; <\/p>\n","protected":false},"author":2,"featured_media":3632,"comment_status":"closed","ping_status":"closed","sticky":false,"template":"","format":"standard","meta":{"fifu_image_url":"https:\/\/i0.wp.com\/elmundodelosnegocios.com.do\/v1\/wp-content\/uploads\/2023\/06\/IMG_8927-1024x576.jpeg?resize=1024,576&ssl=1","fifu_image_alt":"INTRANT inicia programa de Formaci\u00f3n Vial a Choferes, Supervisores y Auxiliares del Sistema Nacional de Movilidad Escolar","footnotes":""},"categories":[63],"tags":[],"class_list":["post-3631","post","type-post","status-publish","format-standard","has-post-thumbnail","hentry","category-actualidad"],"_links":{"self":[{"href":"https:\/\/elmundodelapolitica.com\/v1\/wp-json\/wp\/v2\/posts\/3631","targetHints":{"allow":["GET"]}}],"collection":[{"href":"https:\/\/elmundodelapolitica.com\/v1\/wp-json\/wp\/v2\/posts"}],"about":[{"href":"https:\/\/elmundodelapolitica.com\/v1\/wp-json\/wp\/v2\/types\/post"}],"author":[{"embeddable":true,"href":"https:\/\/elmundodelapolitica.com\/v1\/wp-json\/wp\/v2\/users\/2"}],"replies":[{"embeddable":true,"href":"https:\/\/elmundodelapolitica.com\/v1\/wp-json\/wp\/v2\/comments?post=3631"}],"version-history":[{"count":0,"href":"https:\/\/elmundodelapolitica.com\/v1\/wp-json\/wp\/v2\/posts\/3631\/revisions"}],"wp:featuredmedia":[{"embeddable":true,"href":"https:\/\/elmundodelapolitica.com\/v1\/wp-json\/wp\/v2\/media\/3632"}],"wp:attachment":[{"href":"https:\/\/elmundodelapolitica.com\/v1\/wp-json\/wp\/v2\/media?parent=3631"}],"wp:term":[{"taxonomy":"category","embeddable":true,"href":"https:\/\/elmundodelapolitica.com\/v1\/wp-json\/wp\/v2\/categories?post=3631"},{"taxonomy":"post_tag","embeddable":true,"href":"https:\/\/elmundodelapolitica.com\/v1\/wp-json\/wp\/v2\/tags?post=3631"}],"curies":[{"name":"wp","href":"https:\/\/api.w.org\/{rel}","templated":true}]}}