{"id":3627,"date":"2023-06-20T09:16:00","date_gmt":"2023-06-20T13:16:00","guid":{"rendered":"https:\/\/elmundodelapolitica.com\/v1\/?p=3627"},"modified":"2023-06-20T09:16:00","modified_gmt":"2023-06-20T13:16:00","slug":"ministro-de-trabajo-participara-en-dialogo-internacional-sobre-sistemas-de-pensiones-en-la-region","status":"publish","type":"post","link":"https:\/\/elmundodelapolitica.com\/v1\/ministro-de-trabajo-participara-en-dialogo-internacional-sobre-sistemas-de-pensiones-en-la-region\/","title":{"rendered":"Ministro de Trabajo participar\u00e1 en di\u00e1logo internacional sobre sistemas de pensiones en la regi\u00f3n"},"content":{"rendered":"<div>\n<p>Santo Domingo. \u2013\u00a0<strong>El ministro de Trabajo, Luis Miguel De Camps Garc\u00eda<\/strong>, participar\u00e1 en un\u00a0<strong>di\u00e1logo internacional sobre sistemas de pensiones en la regi\u00f3n<\/strong>, a celebrarse en la sede del\u00a0<strong>Banco Interamericano de Desarrollo<\/strong>\u00a0en Washington, Estados Unidos, los d\u00edas 20, 21 y 22 del mes en curso.<\/p>\n<div class=\"wp-block-image\">\n<figure class=\"aligncenter size-large\"><img data-attachment-id=\"30401\" data-permalink=\"https:\/\/elmundodelosnegocios.com.do\/v1\/index.php\/2023\/06\/20\/ministro-de-trabajo-participara-en-dialogo-internacional-sobre-sistemas-de-pensiones-en-la-region\/1-photo_4938650750867843989_y-1\/\" data-orig-file=\"https:\/\/i0.wp.com\/elmundodelosnegocios.com.do\/v1\/wp-content\/uploads\/2023\/06\/1-photo_4938650750867843989_y-1.jpg?fit=1300%2C731&amp;ssl=1\" data-orig-size=\"1300,731\" data-comments-opened=\"0\" data-image-meta='{\"aperture\":\"0\",\"credit\":\"\",\"camera\":\"\",\"caption\":\"\",\"created_timestamp\":\"0\",\"copyright\":\"\",\"focal_length\":\"0\",\"iso\":\"0\",\"shutter_speed\":\"0\",\"title\":\"\",\"orientation\":\"0\"}' data-image-title=\"1-photo_4938650750867843989_y-1\" data-image-description=\"\" data-image-caption=\"\" data-medium-file=\"https:\/\/i0.wp.com\/elmundodelosnegocios.com.do\/v1\/wp-content\/uploads\/2023\/06\/1-photo_4938650750867843989_y-1.jpg?fit=300%2C169&amp;ssl=1\" data-large-file=\"https:\/\/i0.wp.com\/elmundodelosnegocios.com.do\/v1\/wp-content\/uploads\/2023\/06\/1-photo_4938650750867843989_y-1.jpg?fit=1024%2C576&amp;ssl=1\" decoding=\"async\" loading=\"lazy\" width=\"1024\" height=\"576\" src=\"https:\/\/i0.wp.com\/elmundodelosnegocios.com.do\/v1\/wp-content\/uploads\/2023\/06\/1-photo_4938650750867843989_y-1-1024x576.jpg?resize=1024,576&amp;ssl=1\" alt=\"\" class=\"wp-image-30401\" srcset=\"https:\/\/i0.wp.com\/elmundodelosnegocios.com.do\/v1\/wp-content\/uploads\/2023\/06\/1-photo_4938650750867843989_y-1.jpg?resize=1024%2C576&amp;ssl=1 1024w, https:\/\/i0.wp.com\/elmundodelosnegocios.com.do\/v1\/wp-content\/uploads\/2023\/06\/1-photo_4938650750867843989_y-1.jpg?resize=300%2C169&amp;ssl=1 300w, https:\/\/i0.wp.com\/elmundodelosnegocios.com.do\/v1\/wp-content\/uploads\/2023\/06\/1-photo_4938650750867843989_y-1.jpg?resize=768%2C432&amp;ssl=1 768w, https:\/\/i0.wp.com\/elmundodelosnegocios.com.do\/v1\/wp-content\/uploads\/2023\/06\/1-photo_4938650750867843989_y-1.jpg?w=1300&amp;ssl=1 1300w\" sizes=\"auto, (max-width: 1024px) 100vw, 1024px\" data-recalc-dims=\"1\"><\/figure>\n<\/div>\n<p>De Camps Garc\u00eda disertar\u00e1 como panelista en\u00a0<strong>dos de los ocho paneles del evento<\/strong>, en los cuales el funcionario tratar\u00e1 sobre los\u00a0<strong>desaf\u00edos globales<\/strong>\u00a0de los sistemas de pensiones y c\u00f3mo dise\u00f1ar sistemas pensionales que enfrenten los desaf\u00edos de la\u00a0<strong>informalidad laboral<\/strong>.<\/p>\n<p>En los dem\u00e1s paneles participar\u00e1n los ministros de Econom\u00eda, Inclusi\u00f3n, Seguridad Social y Migraci\u00f3n de Espa\u00f1a, la ministra de Econom\u00eda y Finanzas de Uruguay, el ministro de Hacienda de Chile, la ministra de Trabajo de Colombia, el ministro de Econom\u00eda y Finanzas de Per\u00fa y el ministro de Prevenci\u00f3n Social de Brasil.<\/p>\n<p>El evento contar\u00e1 con la participaci\u00f3n especial de\u00a0<strong>Oliver Hart, Premio Nobel de Econom\u00eda<\/strong>, quien disertar\u00e1 sobre\u00a0<strong>el valor de las estrategias ESG en pensiones.<\/strong><\/p>\n<p>De igual manera, ser\u00e1n expositores\u00a0<strong>David Kaplan<\/strong>, especialista l\u00edder de la Divisi\u00f3n de Mercados Laborales y Seguridad Social del BID;\u00a0<strong>Gina Ria\u00f1o<\/strong>, secretaria general de la Organizaci\u00f3n Iberoamericana de Seguridad Social (OISS), y\u00a0<strong>Angela Antonelli<\/strong>, directora ejecutiva del Centro de Iniciativas para el retiro de la Universidad de Georgetown.<\/p>\n<p>El Banco Interamericano de Desarrollo cre\u00f3 hace unos a\u00f1os la\u00a0<strong>Red de Pensiones en Am\u00e9rica Latina y el Caribe,<\/strong>\u00a0con el objetivo de apoyar los esfuerzos regionales para mejorar la capacidad institucional y t\u00e9cnicas de las instituciones pensionales.\u00a0<strong>La Rep\u00fablica Dominicana es asignataria de dicha red.<\/strong><\/p>\n<\/div>\n","protected":false},"excerpt":{"rendered":"<p>Santo Domingo. \u2013\u00a0El ministro de Trabajo, Luis Miguel De Camps Garc\u00eda, participar\u00e1 en un\u00a0di\u00e1logo internacional sobre sistemas de pensiones en la regi\u00f3n, a celebrarse en la sede del\u00a0Banco Interamericano de&hellip; <\/p>\n","protected":false},"author":2,"featured_media":3628,"comment_status":"closed","ping_status":"closed","sticky":false,"template":"","format":"standard","meta":{"fifu_image_url":"https:\/\/i0.wp.com\/elmundodelosnegocios.com.do\/v1\/wp-content\/uploads\/2023\/06\/1-photo_4938650750867843989_y-1-1024x576.jpg?resize=1024,576&ssl=1","fifu_image_alt":"Ministro de Trabajo participar\u00e1 en di\u00e1logo internacional sobre sistemas de pensiones en la regi\u00f3n","footnotes":""},"categories":[63],"tags":[],"class_list":["post-3627","post","type-post","status-publish","format-standard","has-post-thumbnail","hentry","category-actualidad"],"_links":{"self":[{"href":"https:\/\/elmundodelapolitica.com\/v1\/wp-json\/wp\/v2\/posts\/3627","targetHints":{"allow":["GET"]}}],"collection":[{"href":"https:\/\/elmundodelapolitica.com\/v1\/wp-json\/wp\/v2\/posts"}],"about":[{"href":"https:\/\/elmundodelapolitica.com\/v1\/wp-json\/wp\/v2\/types\/post"}],"author":[{"embeddable":true,"href":"https:\/\/elmundodelapolitica.com\/v1\/wp-json\/wp\/v2\/users\/2"}],"replies":[{"embeddable":true,"href":"https:\/\/elmundodelapolitica.com\/v1\/wp-json\/wp\/v2\/comments?post=3627"}],"version-history":[{"count":0,"href":"https:\/\/elmundodelapolitica.com\/v1\/wp-json\/wp\/v2\/posts\/3627\/revisions"}],"wp:featuredmedia":[{"embeddable":true,"href":"https:\/\/elmundodelapolitica.com\/v1\/wp-json\/wp\/v2\/media\/3628"}],"wp:attachment":[{"href":"https:\/\/elmundodelapolitica.com\/v1\/wp-json\/wp\/v2\/media?parent=3627"}],"wp:term":[{"taxonomy":"category","embeddable":true,"href":"https:\/\/elmundodelapolitica.com\/v1\/wp-json\/wp\/v2\/categories?post=3627"},{"taxonomy":"post_tag","embeddable":true,"href":"https:\/\/elmundodelapolitica.com\/v1\/wp-json\/wp\/v2\/tags?post=3627"}],"curies":[{"name":"wp","href":"https:\/\/api.w.org\/{rel}","templated":true}]}}