{"id":3614,"date":"2023-06-19T13:50:19","date_gmt":"2023-06-19T17:50:19","guid":{"rendered":"https:\/\/elmundodelapolitica.com\/v1\/?p=3614"},"modified":"2023-06-19T13:50:19","modified_gmt":"2023-06-19T17:50:19","slug":"presentan-directiva-cluster-de-artesania-para-exportacion-rd","status":"publish","type":"post","link":"https:\/\/elmundodelapolitica.com\/v1\/presentan-directiva-cluster-de-artesania-para-exportacion-rd\/","title":{"rendered":"Presentan directiva Cl\u00faster de Artesan\u00eda para Exportaci\u00f3n RD"},"content":{"rendered":"<div>\n<p><strong>SANTO DOMINGO<\/strong>, R.D. Junio 2023.- Con la intenci\u00f3n de fomentar la artesan\u00eda como motor de desarrollo econ\u00f3mico, impulsar el crecimiento del sector y posicionar los productos dominicanos en los mercados internacionales, fue inaugurado el Cl\u00faster de Artesan\u00eda para Exportaci\u00f3n de la Rep\u00fablica Dominicana (CLARDEXPO).\u00a0<\/p>\n<div class=\"wp-block-image\">\n<figure class=\"aligncenter size-large\"><img loading=\"lazy\" data-attachment-id=\"30385\" data-permalink=\"https:\/\/elmundodelosnegocios.com.do\/v1\/index.php\/2023\/06\/19\/presentan-directiva-cluster-de-artesania-para-exportacion-rd\/directiva-cluster-de-artesania-de-rd-para-exportaciones-clardexpo\/\" data-orig-file=\"https:\/\/i0.wp.com\/elmundodelosnegocios.com.do\/v1\/wp-content\/uploads\/2023\/06\/Directiva-Cluster-de-Artesania-de-RD-para-Exportaciones-CLARDEXPO.jpg?fit=1069%2C674&amp;ssl=1\" data-orig-size=\"1069,674\" data-comments-opened=\"0\" data-image-meta='{\"aperture\":\"4\",\"credit\":\"\",\"camera\":\"NIKON D750\",\"caption\":\"\",\"created_timestamp\":\"1686680748\",\"copyright\":\"\",\"focal_length\":\"24\",\"iso\":\"640\",\"shutter_speed\":\"0.016666666666667\",\"title\":\"\",\"orientation\":\"1\"}' data-image-title=\"Directiva-Cluster-de-Artesania-de-RD-para-Exportaciones-CLARDEXPO\" data-image-description=\"&lt;p&gt;Directiva Cluster de Artesan\u00eda de RD para Exportaciones CLARDEXPO&lt;\/p&gt;\n\" data-image-caption=\"&lt;p&gt;Directiva Cluster de Artesan\u00eda de RD para Exportaciones CLARDEXPO&lt;\/p&gt;\n\" data-medium-file=\"https:\/\/i0.wp.com\/elmundodelosnegocios.com.do\/v1\/wp-content\/uploads\/2023\/06\/Directiva-Cluster-de-Artesania-de-RD-para-Exportaciones-CLARDEXPO.jpg?fit=300%2C189&amp;ssl=1\" data-large-file=\"https:\/\/i0.wp.com\/elmundodelosnegocios.com.do\/v1\/wp-content\/uploads\/2023\/06\/Directiva-Cluster-de-Artesania-de-RD-para-Exportaciones-CLARDEXPO.jpg?fit=1024%2C646&amp;ssl=1\" decoding=\"async\" width=\"1024\" height=\"646\" src=\"https:\/\/i0.wp.com\/elmundodelosnegocios.com.do\/v1\/wp-content\/uploads\/2023\/06\/Directiva-Cluster-de-Artesania-de-RD-para-Exportaciones-CLARDEXPO-1024x646.jpg?resize=1024,646&amp;ssl=1\" alt=\"\" class=\"wp-image-30385\" srcset=\"https:\/\/i0.wp.com\/elmundodelosnegocios.com.do\/v1\/wp-content\/uploads\/2023\/06\/Directiva-Cluster-de-Artesania-de-RD-para-Exportaciones-CLARDEXPO.jpg?resize=1024%2C646&amp;ssl=1 1024w, https:\/\/i0.wp.com\/elmundodelosnegocios.com.do\/v1\/wp-content\/uploads\/2023\/06\/Directiva-Cluster-de-Artesania-de-RD-para-Exportaciones-CLARDEXPO.jpg?resize=300%2C189&amp;ssl=1 300w, https:\/\/i0.wp.com\/elmundodelosnegocios.com.do\/v1\/wp-content\/uploads\/2023\/06\/Directiva-Cluster-de-Artesania-de-RD-para-Exportaciones-CLARDEXPO.jpg?resize=768%2C484&amp;ssl=1 768w, https:\/\/i0.wp.com\/elmundodelosnegocios.com.do\/v1\/wp-content\/uploads\/2023\/06\/Directiva-Cluster-de-Artesania-de-RD-para-Exportaciones-CLARDEXPO.jpg?w=1069&amp;ssl=1 1069w\" sizes=\"auto, (max-width: 1024px) 100vw, 1024px\" data-recalc-dims=\"1\"><figcaption class=\"wp-element-caption\">Directiva Cluster de Artesan\u00eda de RD para Exportaciones CLARDEXPO<\/figcaption><\/figure>\n<\/div>\n<p>Materializado bajo el auspicio de la Uni\u00f3n Europea, este proyecto fue creado mediante el\u00a0\u00a0<\/p>\n<p>Componente de Apoyo al Comercio y Sector Privado del Programa de Cooperaci\u00f3n Binacional Hait\u00ed \u2013 Rep\u00fablica Dominicana, en el marco del 11mo. Fondo Europeo para el Desarrollo (FED), que implementa Caribbean Export Development Agency.\u00a0\u00a0<\/p>\n<p>Actualmente abarca los sectores\u00a0joyer\u00eda, moda, accesorios, textil, decoraci\u00f3n, hogar, madera y reciclaje.\u00a0\u00a0Esta iniciativa surgi\u00f3 como resultado de la creaci\u00f3n de la cadena de valor de artesan\u00eda binacional. Est\u00e1 formada por empresas, instituciones p\u00fablicas y universidades relacionadas con la industria artesanal en la Rep\u00fablica Dominicana que trabajan en conjunto para promover y fortalecer la exportaci\u00f3n de productos creativos dominicanos.\u00a0<\/p>\n<p>Durante el encuentro fue juramentada la primera directiva, con vigencia hasta el 2024, presidida por\u00a0Antonio Ramos Fern\u00e1ndez, vicepresidente ejecutivo de la C\u00e1mara de Comercio y Producci\u00f3n de Santo Domingo; acompa\u00f1ado de Carla Qui\u00f1ones Polanco, vicepresidenta y gestora de proyectos de la Fundaci\u00f3n Jenny Polanco como vicepresidenta; Ada Lora Compr\u00e9s,\u00a0secretaria, Antrop\u00f3loga, t\u00e9cnica en el Viceministerio de \u00c1reas Protegidas y Biodiversidad y Jorge Caridad, presidente del Museo Mundo del \u00c1mbar, como tesorero.\u00a0\u00a0<\/p>\n<p>Adem\u00e1s, como vocales fungen\u00a0Mariano Frontera Mart\u00ednez, director ejecutivo de la Fundaci\u00f3n Dominicana de Desarrollo; F\u00e1tima Ivette Polanco, dise\u00f1adora de joyas y gerente 3 Estilos SRL y representante de Rep\u00fablica Dominicana a eventos internacionales de prestigio; Giselle Mancebo Castillo, reconocida dise\u00f1adora de joyas; Elba Espinal G\u00f3mez, tesorera de la Asociaci\u00f3n de artesanos Ciudad Coraz\u00f3n de Santiago; Ram\u00f3n Quezada Batista, presidente de la Asociaci\u00f3n de Artesanos de las Chacabanas dominicanas (ACHADOM); Norkelly Acosta Collado, dise\u00f1adora ambiental y muralista con trayectoria en el arte urbano del pa\u00eds; y Yazm\u00edn Guerrero Ure\u00f1a, gerente de Cayenart, empresa de artesan\u00edas dominicanas hechas a mano.\u00a0<\/p>\n<p>Asimismo, sus miembros honor\u00edficos lo constituyen el Ministerio de Industria, Comercio y Mipymes por su Viceministerio de Fomento a las Mipymes, representado por Jos\u00e9 De Ferrari; el Ministerio de Cultura desde el \u00e1rea de Fomento y Desarrollo de Industrias Culturales, por su Director Richarson D\u00edaz; FODEARTE por la Direcci\u00f3n de Fomento y Desarrollo de la Artesan\u00eda Nacional, en la persona de su Director General Ram\u00f3n Guill\u00e9n; ProDominicana por su Centro Mipymes de Exportaci\u00f3n, representado por su gerente V\u00edctor Encarnaci\u00f3n; Comercio Solidario de SUP\u00c9RATE, con su directora Esther Castillo;; as\u00ed como el sector acad\u00e9mico representado por la\u00a0Universidad Cat\u00f3lica Tecnol\u00f3gica de Barahona (UCATEBA), en la persona de su rector P. Marco Antonio P\u00e9rez, y la Pontificia Universidad Cat\u00f3lica Madre y Maestra (PUCMM) con Roselys Arias, directora del Centro Mipymes.\u00a0<\/p>\n<p>Caribbean Export, como la entidad regional dedicada a promover el desarrollo econ\u00f3mico y comercial de los pa\u00edses del CARIFORO, continuar\u00e1 su apoyo al cl\u00faster con miras de potenciar su crecimiento a trav\u00e9s de los programas de apoyo al sector privado que implementa.\u00a0<\/p>\n<p>Adicionalmente este proyecto buscar\u00e1 apoyo gubernamental para favorecer la artesan\u00eda, proveer transparencia en los procesos\u00a0y hacer efectivo el alto posicionamiento de la oferta exportable artesanal dominicana.<\/p>\n<\/div>\n","protected":false},"excerpt":{"rendered":"<p>SANTO DOMINGO, R.D. Junio 2023.- Con la intenci\u00f3n de fomentar la artesan\u00eda como motor de desarrollo econ\u00f3mico, impulsar el crecimiento del sector y posicionar los productos dominicanos en los mercados&hellip; <\/p>\n","protected":false},"author":2,"featured_media":3615,"comment_status":"closed","ping_status":"closed","sticky":false,"template":"","format":"standard","meta":{"fifu_image_url":"https:\/\/i0.wp.com\/elmundodelosnegocios.com.do\/v1\/wp-content\/uploads\/2023\/06\/Directiva-Cluster-de-Artesania-de-RD-para-Exportaciones-CLARDEXPO-1024x646.jpg?resize=1024,646&ssl=1","fifu_image_alt":"Presentan directiva Cl\u00faster de Artesan\u00eda para Exportaci\u00f3n RD","footnotes":""},"categories":[63],"tags":[],"class_list":["post-3614","post","type-post","status-publish","format-standard","has-post-thumbnail","hentry","category-actualidad"],"_links":{"self":[{"href":"https:\/\/elmundodelapolitica.com\/v1\/wp-json\/wp\/v2\/posts\/3614","targetHints":{"allow":["GET"]}}],"collection":[{"href":"https:\/\/elmundodelapolitica.com\/v1\/wp-json\/wp\/v2\/posts"}],"about":[{"href":"https:\/\/elmundodelapolitica.com\/v1\/wp-json\/wp\/v2\/types\/post"}],"author":[{"embeddable":true,"href":"https:\/\/elmundodelapolitica.com\/v1\/wp-json\/wp\/v2\/users\/2"}],"replies":[{"embeddable":true,"href":"https:\/\/elmundodelapolitica.com\/v1\/wp-json\/wp\/v2\/comments?post=3614"}],"version-history":[{"count":0,"href":"https:\/\/elmundodelapolitica.com\/v1\/wp-json\/wp\/v2\/posts\/3614\/revisions"}],"wp:featuredmedia":[{"embeddable":true,"href":"https:\/\/elmundodelapolitica.com\/v1\/wp-json\/wp\/v2\/media\/3615"}],"wp:attachment":[{"href":"https:\/\/elmundodelapolitica.com\/v1\/wp-json\/wp\/v2\/media?parent=3614"}],"wp:term":[{"taxonomy":"category","embeddable":true,"href":"https:\/\/elmundodelapolitica.com\/v1\/wp-json\/wp\/v2\/categories?post=3614"},{"taxonomy":"post_tag","embeddable":true,"href":"https:\/\/elmundodelapolitica.com\/v1\/wp-json\/wp\/v2\/tags?post=3614"}],"curies":[{"name":"wp","href":"https:\/\/api.w.org\/{rel}","templated":true}]}}