{"id":3612,"date":"2023-06-19T09:17:49","date_gmt":"2023-06-19T13:17:49","guid":{"rendered":"https:\/\/elmundodelapolitica.com\/v1\/?p=3612"},"modified":"2023-06-19T09:17:49","modified_gmt":"2023-06-19T13:17:49","slug":"valoran-industriales-la-ley-facturacion-electronica","status":"publish","type":"post","link":"https:\/\/elmundodelapolitica.com\/v1\/valoran-industriales-la-ley-facturacion-electronica\/","title":{"rendered":"Valoran industriales la ley facturaci\u00f3n electr\u00f3nica"},"content":{"rendered":"<div>\n<p><em>La DGII expone ventajas y caracter\u00edsticas de los comprobantes fiscales electr\u00f3nicos<\/em><\/p>\n<p><strong>Santo Domingo.<\/strong> La Asociaci\u00f3n de Industrias de la Rep\u00fablica Dominicana (AIRD) consider\u00f3 que la implementaci\u00f3n de la facturaci\u00f3n electr\u00f3nica es un elemento clave que regular\u00e1 el sistema fiscal dominicano y un paso positivo para reducir la informalidad, la evasi\u00f3n y la competencia desleal.<\/p>\n<div class=\"wp-block-image\">\n<figure class=\"aligncenter size-large\"><img loading=\"lazy\" data-attachment-id=\"30381\" data-permalink=\"https:\/\/elmundodelosnegocios.com.do\/v1\/index.php\/2023\/06\/19\/valoran-industriales-la-ley-facturacion-electronica\/01-encuentro-industrial-aird-dgii\/\" data-orig-file=\"https:\/\/i0.wp.com\/elmundodelosnegocios.com.do\/v1\/wp-content\/uploads\/2023\/06\/01-Encuentro-Industrial-AIRD-DGII.jpg?fit=1035%2C778&amp;ssl=1\" data-orig-size=\"1035,778\" data-comments-opened=\"0\" data-image-meta='{\"aperture\":\"5.6\",\"credit\":\"\",\"camera\":\"Canon EOS RP\",\"caption\":\"\",\"created_timestamp\":\"1686820909\",\"copyright\":\"\",\"focal_length\":\"24\",\"iso\":\"1600\",\"shutter_speed\":\"0.008\",\"title\":\"\",\"orientation\":\"1\"}' data-image-title=\"01-Encuentro-Industrial-AIRD-DGII\" data-image-description=\"\" data-image-caption=\"\" data-medium-file=\"https:\/\/i0.wp.com\/elmundodelosnegocios.com.do\/v1\/wp-content\/uploads\/2023\/06\/01-Encuentro-Industrial-AIRD-DGII.jpg?fit=300%2C226&amp;ssl=1\" data-large-file=\"https:\/\/i0.wp.com\/elmundodelosnegocios.com.do\/v1\/wp-content\/uploads\/2023\/06\/01-Encuentro-Industrial-AIRD-DGII.jpg?fit=1024%2C770&amp;ssl=1\" decoding=\"async\" width=\"1024\" height=\"770\" src=\"https:\/\/i0.wp.com\/elmundodelosnegocios.com.do\/v1\/wp-content\/uploads\/2023\/06\/01-Encuentro-Industrial-AIRD-DGII-1024x770.jpg?resize=1024,770&amp;ssl=1\" alt=\"\" class=\"wp-image-30381\" srcset=\"https:\/\/i0.wp.com\/elmundodelosnegocios.com.do\/v1\/wp-content\/uploads\/2023\/06\/01-Encuentro-Industrial-AIRD-DGII.jpg?resize=1024%2C770&amp;ssl=1 1024w, https:\/\/i0.wp.com\/elmundodelosnegocios.com.do\/v1\/wp-content\/uploads\/2023\/06\/01-Encuentro-Industrial-AIRD-DGII.jpg?resize=300%2C226&amp;ssl=1 300w, https:\/\/i0.wp.com\/elmundodelosnegocios.com.do\/v1\/wp-content\/uploads\/2023\/06\/01-Encuentro-Industrial-AIRD-DGII.jpg?resize=768%2C577&amp;ssl=1 768w, https:\/\/i0.wp.com\/elmundodelosnegocios.com.do\/v1\/wp-content\/uploads\/2023\/06\/01-Encuentro-Industrial-AIRD-DGII.jpg?w=1035&amp;ssl=1 1035w\" sizes=\"auto, (max-width: 1024px) 100vw, 1024px\" data-recalc-dims=\"1\"><\/figure>\n<\/div>\n<p>Julio Virgilio Brache, presidente de la AIRD, quien tuvo las palabras introductorias en el Encuentro Industrial que sirvi\u00f3 de escenario para abordar los aspectos t\u00e9cnicos y jur\u00eddicos de la Facturaci\u00f3n Electr\u00f3nica por parte del Director de la Direcci\u00f3n General de Impuestos Internos, Luis Valdez, y un equipo de esa instituci\u00f3n, se\u00f1al\u00f3 que en la lucha contra estos desaf\u00edos la DGII es un aliado esencial del sector industrial.<\/p>\n<div class=\"wp-block-image\">\n<figure class=\"aligncenter size-large\"><img data-attachment-id=\"30382\" data-permalink=\"https:\/\/elmundodelosnegocios.com.do\/v1\/index.php\/2023\/06\/19\/valoran-industriales-la-ley-facturacion-electronica\/02-panel-con-representantes-dgii\/\" data-orig-file=\"https:\/\/i0.wp.com\/elmundodelosnegocios.com.do\/v1\/wp-content\/uploads\/2023\/06\/02-Panel-con-representantes-DGII.jpg?fit=1035%2C778&amp;ssl=1\" data-orig-size=\"1035,778\" data-comments-opened=\"0\" data-image-meta='{\"aperture\":\"5.6\",\"credit\":\"\",\"camera\":\"Canon EOS RP\",\"caption\":\"\",\"created_timestamp\":\"1686824541\",\"copyright\":\"\",\"focal_length\":\"35\",\"iso\":\"800\",\"shutter_speed\":\"0.00625\",\"title\":\"\",\"orientation\":\"1\"}' data-image-title=\"02-Panel-con-representantes-DGII\" data-image-description=\"\" data-image-caption=\"\" data-medium-file=\"https:\/\/i0.wp.com\/elmundodelosnegocios.com.do\/v1\/wp-content\/uploads\/2023\/06\/02-Panel-con-representantes-DGII.jpg?fit=300%2C226&amp;ssl=1\" data-large-file=\"https:\/\/i0.wp.com\/elmundodelosnegocios.com.do\/v1\/wp-content\/uploads\/2023\/06\/02-Panel-con-representantes-DGII.jpg?fit=1024%2C770&amp;ssl=1\" decoding=\"async\" loading=\"lazy\" width=\"1024\" height=\"770\" src=\"https:\/\/i0.wp.com\/elmundodelosnegocios.com.do\/v1\/wp-content\/uploads\/2023\/06\/02-Panel-con-representantes-DGII-1024x770.jpg?resize=1024,770&amp;ssl=1\" alt=\"\" class=\"wp-image-30382\" srcset=\"https:\/\/i0.wp.com\/elmundodelosnegocios.com.do\/v1\/wp-content\/uploads\/2023\/06\/02-Panel-con-representantes-DGII.jpg?resize=1024%2C770&amp;ssl=1 1024w, https:\/\/i0.wp.com\/elmundodelosnegocios.com.do\/v1\/wp-content\/uploads\/2023\/06\/02-Panel-con-representantes-DGII.jpg?resize=300%2C226&amp;ssl=1 300w, https:\/\/i0.wp.com\/elmundodelosnegocios.com.do\/v1\/wp-content\/uploads\/2023\/06\/02-Panel-con-representantes-DGII.jpg?resize=768%2C577&amp;ssl=1 768w, https:\/\/i0.wp.com\/elmundodelosnegocios.com.do\/v1\/wp-content\/uploads\/2023\/06\/02-Panel-con-representantes-DGII.jpg?w=1035&amp;ssl=1 1035w\" sizes=\"auto, (max-width: 1024px) 100vw, 1024px\" data-recalc-dims=\"1\"><\/figure>\n<\/div>\n<p>Valor\u00f3 el esfuerzo de la DGII para que sea una transici\u00f3n informada y as\u00ed poder alcanzar -poco a poco- a todos los niveles de organizaci\u00f3n empresarial. Expres\u00f3 que \u201ces un proceso de cambio y, como todo proceso de cambio, debemos estar abiertos y atentos a las mejoras\u201d.<\/p>\n<p><strong>La Facturaci\u00f3n Electr\u00f3nica<\/strong><\/p>\n<p>La implementaci\u00f3n de esta modalidad permitir\u00e1 que las empresas se vayan adaptando a la norma de manera obligatoria, para que los mecanismos de pagos sean regulados de forma electr\u00f3nica y el sistema fiscal alcance puntos \u00f3ptimos.<\/p>\n<p>\u201cA trav\u00e9s del sistema fiscal de facturaci\u00f3n electr\u00f3nica se validan y acreditan todas las facturas electr\u00f3nicas emitidas en el pa\u00eds, permitiendo la interconexi\u00f3n entre Impuestos Internos y los contribuyentes. <strong>La DGII es el administrador del Sistema Fiscal de Facturaci\u00f3n Electr\u00f3nica<\/strong><strong><em> <\/em><\/strong>y el responsable de asegurar la integridad de la informaci\u00f3n que se env\u00eda instant\u00e1neamente para validaci\u00f3n y acreditaci\u00f3n\u201d, expres\u00f3 el equipo de la DGII.<\/p>\n<p>El Director General de la DGII, Luis Valdez, expuso sobre los aspectos generales de la Ley de Facturaci\u00f3n Electr\u00f3nica, mientras que Yorlin V\u00e1squez, subdirectora jur\u00eddica; Carolina Yamamoto, subdirectora de facilitaci\u00f3n y servicios, y Ricela Spraus, subdirectora de gesti\u00f3n de cumplimiento trataron los aspectos jur\u00eddicos y t\u00e9cnicos de esta Ley..<\/p>\n<p>Destacaron que el comprobante fiscal electr\u00f3nico (e-CF) se emite y recibe electr\u00f3nicamente, tiene igual validez y efecto legal que una factura impresa, cuenta con el respaldo de una firma digital con garant\u00eda de seguridad e integridad.<\/p>\n<p>Esta herramienta facilita el cumplimiento de las obligaciones tributarias, estandariza las relaciones entre empresas, reduce costos y p\u00e9rdidas de documentos y se logra un mayor eficiencia al automatizar los procesos administrativos.<\/p>\n<p>Al concluir la presentaci\u00f3n t\u00e9cnica, los funcionarios de la DGII participaron en una sesi\u00f3n de preguntas y respuestas moderada por el vicepresidente ejecutivo de la AIRD, Mario E. Pujols.<\/p>\n<p><strong>Sobre Encuentro Industrial<\/strong><\/p>\n<p>\u201cEncuentro Industrial\u201d es el nuevo nombre que ha recibido el ic\u00f3nico \u201cDesayuno Tem\u00e1tico\u201d de la AIRD, un espacio creado con el objetivo de activar conversaciones y analizar los principales temas que ocupan la agenda del sector industrial.\u00a0<\/p>\n<\/div>\n","protected":false},"excerpt":{"rendered":"<p>La DGII expone ventajas y caracter\u00edsticas de los comprobantes fiscales electr\u00f3nicos Santo Domingo. La Asociaci\u00f3n de Industrias de la Rep\u00fablica Dominicana (AIRD) consider\u00f3 que la implementaci\u00f3n de la facturaci\u00f3n electr\u00f3nica&hellip; <\/p>\n","protected":false},"author":2,"featured_media":3613,"comment_status":"closed","ping_status":"closed","sticky":false,"template":"","format":"standard","meta":{"fifu_image_url":"https:\/\/i0.wp.com\/elmundodelosnegocios.com.do\/v1\/wp-content\/uploads\/2023\/06\/01-Encuentro-Industrial-AIRD-DGII-1024x770.jpg?resize=1024,770&ssl=1","fifu_image_alt":"Valoran industriales la ley facturaci\u00f3n electr\u00f3nica","footnotes":""},"categories":[63],"tags":[],"class_list":["post-3612","post","type-post","status-publish","format-standard","has-post-thumbnail","hentry","category-actualidad"],"_links":{"self":[{"href":"https:\/\/elmundodelapolitica.com\/v1\/wp-json\/wp\/v2\/posts\/3612","targetHints":{"allow":["GET"]}}],"collection":[{"href":"https:\/\/elmundodelapolitica.com\/v1\/wp-json\/wp\/v2\/posts"}],"about":[{"href":"https:\/\/elmundodelapolitica.com\/v1\/wp-json\/wp\/v2\/types\/post"}],"author":[{"embeddable":true,"href":"https:\/\/elmundodelapolitica.com\/v1\/wp-json\/wp\/v2\/users\/2"}],"replies":[{"embeddable":true,"href":"https:\/\/elmundodelapolitica.com\/v1\/wp-json\/wp\/v2\/comments?post=3612"}],"version-history":[{"count":0,"href":"https:\/\/elmundodelapolitica.com\/v1\/wp-json\/wp\/v2\/posts\/3612\/revisions"}],"wp:featuredmedia":[{"embeddable":true,"href":"https:\/\/elmundodelapolitica.com\/v1\/wp-json\/wp\/v2\/media\/3613"}],"wp:attachment":[{"href":"https:\/\/elmundodelapolitica.com\/v1\/wp-json\/wp\/v2\/media?parent=3612"}],"wp:term":[{"taxonomy":"category","embeddable":true,"href":"https:\/\/elmundodelapolitica.com\/v1\/wp-json\/wp\/v2\/categories?post=3612"},{"taxonomy":"post_tag","embeddable":true,"href":"https:\/\/elmundodelapolitica.com\/v1\/wp-json\/wp\/v2\/tags?post=3612"}],"curies":[{"name":"wp","href":"https:\/\/api.w.org\/{rel}","templated":true}]}}