{"id":3589,"date":"2023-06-17T12:31:15","date_gmt":"2023-06-17T16:31:15","guid":{"rendered":"https:\/\/elmundodelapolitica.com\/v1\/?p=3589"},"modified":"2023-06-17T12:31:15","modified_gmt":"2023-06-17T16:31:15","slug":"sipen-participa-en-la-reunion-de-comites-de-iops-celebrada-en-paris-francia","status":"publish","type":"post","link":"https:\/\/elmundodelapolitica.com\/v1\/sipen-participa-en-la-reunion-de-comites-de-iops-celebrada-en-paris-francia\/","title":{"rendered":"SIPEN participa en la reuni\u00f3n de Comit\u00e9s de IOPS celebrada en Par\u00eds, Francia"},"content":{"rendered":"<div>\n<p>Santo Domingo. \u2013 La Superintendencia de Pensiones\u00a0<strong>(SIPEN)<\/strong>\u00a0particip\u00f3 en la\u00a0<strong>Reuni\u00f3n de Comit\u00e9s de la Organizaci\u00f3n Internacional de Supervisores de Pensiones (IOPS<\/strong>\u00a0por sus siglas en ingl\u00e9s), celebrada en Par\u00eds, Francia.\u00a0<\/p>\n<div class=\"wp-block-image\">\n<figure class=\"aligncenter size-large\"><img loading=\"lazy\" data-attachment-id=\"28832\" data-permalink=\"https:\/\/elmundodelosnegocios.com.do\/v1\/index.php\/2023\/06\/17\/sipen-participa-en-la-reunion-de-comites-de-iops-celebrada-en-paris-francia\/bpd06231-scaled-e1686678632715\/\" data-orig-file=\"https:\/\/i0.wp.com\/elmundodelosnegocios.com.do\/v1\/wp-content\/uploads\/2023\/06\/BPD06231-scaled-e1686678632715.jpg?fit=1300%2C731&amp;ssl=1\" data-orig-size=\"1300,731\" data-comments-opened=\"0\" data-image-meta='{\"aperture\":\"0\",\"credit\":\"\",\"camera\":\"\",\"caption\":\"\",\"created_timestamp\":\"0\",\"copyright\":\"\",\"focal_length\":\"0\",\"iso\":\"0\",\"shutter_speed\":\"0\",\"title\":\"\",\"orientation\":\"0\"}' data-image-title=\"BPD06231-scaled-e1686678632715\" data-image-description=\"\" data-image-caption=\"\" data-medium-file=\"https:\/\/i0.wp.com\/elmundodelosnegocios.com.do\/v1\/wp-content\/uploads\/2023\/06\/BPD06231-scaled-e1686678632715.jpg?fit=300%2C169&amp;ssl=1\" data-large-file=\"https:\/\/i0.wp.com\/elmundodelosnegocios.com.do\/v1\/wp-content\/uploads\/2023\/06\/BPD06231-scaled-e1686678632715.jpg?fit=1024%2C576&amp;ssl=1\" decoding=\"async\" width=\"1024\" height=\"576\" src=\"https:\/\/i0.wp.com\/elmundodelosnegocios.com.do\/v1\/wp-content\/uploads\/2023\/06\/BPD06231-scaled-e1686678632715-1024x576.jpg?resize=1024,576&amp;ssl=1\" alt=\"\" class=\"wp-image-28832\" srcset=\"https:\/\/i0.wp.com\/elmundodelosnegocios.com.do\/v1\/wp-content\/uploads\/2023\/06\/BPD06231-scaled-e1686678632715.jpg?resize=1024%2C576&amp;ssl=1 1024w, https:\/\/i0.wp.com\/elmundodelosnegocios.com.do\/v1\/wp-content\/uploads\/2023\/06\/BPD06231-scaled-e1686678632715.jpg?resize=300%2C169&amp;ssl=1 300w, https:\/\/i0.wp.com\/elmundodelosnegocios.com.do\/v1\/wp-content\/uploads\/2023\/06\/BPD06231-scaled-e1686678632715.jpg?resize=768%2C432&amp;ssl=1 768w, https:\/\/i0.wp.com\/elmundodelosnegocios.com.do\/v1\/wp-content\/uploads\/2023\/06\/BPD06231-scaled-e1686678632715.jpg?w=1300&amp;ssl=1 1300w\" sizes=\"auto, (max-width: 1024px) 100vw, 1024px\" data-recalc-dims=\"1\"><\/figure>\n<\/div>\n<p>La Organizaci\u00f3n Internacional de Supervisores de Pensiones (IOPS) es un\u00a0<strong>organismo internacional independiente<\/strong>\u00a0que aglutina a las instituciones involucradas en la supervisi\u00f3n de los\u00a0<strong>reg\u00edmenes de pensiones privados a nivel mundial.<\/strong>\u00a0<\/p>\n<p>Del 12 al 14 de junio se llev\u00f3 a cabo una agenda extensa de actividades que incluy\u00f3\u00a0<strong>seminarios, investigaciones, conferencias acad\u00e9micas, reuniones de comit\u00e9s y talleres de capacitaci\u00f3n<\/strong>\u00a0en los que participaron los invitados, miembros delegados y observadores de la IOPS.<\/p>\n<p>Como parte de la agenda, el<strong>\u00a0superintendente de Pensiones, Francisco A. Torres D\u00edaz,<\/strong>\u00a0particip\u00f3 en la\u00a0<strong>8<\/strong>\u00aa\u00a0<strong>Conferencia de la Asociaci\u00f3n Internacional de Investigaci\u00f3n de Pensiones (IPRA),<\/strong>\u00a0organizaci\u00f3n internacional establecida con el objetivo de mejorar la calidad y el impacto de la\u00a0<strong>investigaci\u00f3n sobre las pensiones y los problemas relacionados con el envejecimiento<\/strong>\u00a0para optimizar los resultados sociales y econ\u00f3micos.<\/p>\n<p>En las distintas sesiones de trabajo se abordaron los temas de gesti\u00f3n de los ingresos de jubilaci\u00f3n:\u00a0<strong>educaci\u00f3n financiera, deterioro cognitivo y opciones de desacumulaci\u00f3n de riqueza para la jubilaci\u00f3n<\/strong>; los m\u00e9todos de prueba para mejorar la\u00a0<strong>conciencia de la longevidad,<\/strong>\u00a0y c\u00f3mo la\u00a0<strong>pandemia<\/strong>\u00a0alter\u00f3 la carga de la deuda y la preparaci\u00f3n para la jubilaci\u00f3n de los estadounidenses.<\/p>\n<p>Tambi\u00e9n se desarrollaron otros temas como la\u00a0<strong>reforma de las pensiones y desigualdad de la riquezas<\/strong>, teor\u00edas y evidencias con una evaluaci\u00f3n de la reforma de las pensiones holandesas.<\/p>\n<p>Con la participaci\u00f3n de la SIPEN en estos encuentros internacionales, se reafirma el\u00a0<strong>compromiso de resguardar los derechos previsionales de los afiliados<\/strong>, teniendo en cuenta los factores sociales y econ\u00f3micos que inciden en las condiciones para una\u00a0<strong>jubilaci\u00f3n digna en la Rep\u00fablica Dominicana.<\/strong><\/p>\n<\/div>\n","protected":false},"excerpt":{"rendered":"<p>Santo Domingo. \u2013 La Superintendencia de Pensiones\u00a0(SIPEN)\u00a0particip\u00f3 en la\u00a0Reuni\u00f3n de Comit\u00e9s de la Organizaci\u00f3n Internacional de Supervisores de Pensiones (IOPS\u00a0por sus siglas en ingl\u00e9s), celebrada en Par\u00eds, Francia.\u00a0 La Organizaci\u00f3n&hellip; <\/p>\n","protected":false},"author":2,"featured_media":3590,"comment_status":"closed","ping_status":"closed","sticky":false,"template":"","format":"standard","meta":{"fifu_image_url":"https:\/\/i0.wp.com\/elmundodelosnegocios.com.do\/v1\/wp-content\/uploads\/2023\/06\/BPD06231-scaled-e1686678632715-1024x576.jpg?resize=1024,576&ssl=1","fifu_image_alt":"SIPEN participa en la reuni\u00f3n de Comit\u00e9s de IOPS celebrada en Par\u00eds, Francia","footnotes":""},"categories":[63],"tags":[],"class_list":["post-3589","post","type-post","status-publish","format-standard","has-post-thumbnail","hentry","category-actualidad"],"_links":{"self":[{"href":"https:\/\/elmundodelapolitica.com\/v1\/wp-json\/wp\/v2\/posts\/3589","targetHints":{"allow":["GET"]}}],"collection":[{"href":"https:\/\/elmundodelapolitica.com\/v1\/wp-json\/wp\/v2\/posts"}],"about":[{"href":"https:\/\/elmundodelapolitica.com\/v1\/wp-json\/wp\/v2\/types\/post"}],"author":[{"embeddable":true,"href":"https:\/\/elmundodelapolitica.com\/v1\/wp-json\/wp\/v2\/users\/2"}],"replies":[{"embeddable":true,"href":"https:\/\/elmundodelapolitica.com\/v1\/wp-json\/wp\/v2\/comments?post=3589"}],"version-history":[{"count":0,"href":"https:\/\/elmundodelapolitica.com\/v1\/wp-json\/wp\/v2\/posts\/3589\/revisions"}],"wp:featuredmedia":[{"embeddable":true,"href":"https:\/\/elmundodelapolitica.com\/v1\/wp-json\/wp\/v2\/media\/3590"}],"wp:attachment":[{"href":"https:\/\/elmundodelapolitica.com\/v1\/wp-json\/wp\/v2\/media?parent=3589"}],"wp:term":[{"taxonomy":"category","embeddable":true,"href":"https:\/\/elmundodelapolitica.com\/v1\/wp-json\/wp\/v2\/categories?post=3589"},{"taxonomy":"post_tag","embeddable":true,"href":"https:\/\/elmundodelapolitica.com\/v1\/wp-json\/wp\/v2\/tags?post=3589"}],"curies":[{"name":"wp","href":"https:\/\/api.w.org\/{rel}","templated":true}]}}