{"id":3587,"date":"2023-06-17T12:28:09","date_gmt":"2023-06-17T16:28:09","guid":{"rendered":"https:\/\/elmundodelapolitica.com\/v1\/?p=3587"},"modified":"2023-06-17T12:28:09","modified_gmt":"2023-06-17T16:28:09","slug":"primer-congreso-nacional-de-industrias-creativas-rd-naranja-inicia-con-gran-aceptacion-de-emprendedores-y-publico-en-general","status":"publish","type":"post","link":"https:\/\/elmundodelapolitica.com\/v1\/primer-congreso-nacional-de-industrias-creativas-rd-naranja-inicia-con-gran-aceptacion-de-emprendedores-y-publico-en-general\/","title":{"rendered":"Primer Congreso Nacional de Industrias Creativas RD Naranja inicia con gran aceptaci\u00f3n de emprendedores y p\u00fablico en general"},"content":{"rendered":"<div>\n<p>Santo Domingo.- Cientos de\u00a0<strong>personas vinculadas al mundo de los negocios y el emprendimiento, as\u00ed como p\u00fablico en general<\/strong>, se han dado cita para aprovechar las interesantes\u00a0<strong>charlas y paneles\u00a0<\/strong>que se est\u00e1n desarrollando desde el viernes 16 hasta el domingo 18 de junio en el\u00a0<strong>Primer Congreso Nacional de Industrias Creativas RD Naranja.<\/strong><\/p>\n<div class=\"wp-block-image\">\n<figure class=\"aligncenter size-large\"><img data-attachment-id=\"28829\" data-permalink=\"https:\/\/elmundodelosnegocios.com.do\/v1\/index.php\/2023\/06\/17\/primer-congreso-nacional-de-industrias-creativas-rd-naranja-inicia-con-gran-aceptacion-de-emprendedores-y-publico-en-general\/1a45d08d-2f7c-4bd1-83d3-f412255490c8\/\" data-orig-file=\"https:\/\/i0.wp.com\/elmundodelosnegocios.com.do\/v1\/wp-content\/uploads\/2023\/06\/1a45d08d-2f7c-4bd1-83d3-f412255490c8.jpeg?fit=1300%2C731&amp;ssl=1\" data-orig-size=\"1300,731\" data-comments-opened=\"0\" data-image-meta='{\"aperture\":\"0\",\"credit\":\"\",\"camera\":\"\",\"caption\":\"\",\"created_timestamp\":\"0\",\"copyright\":\"\",\"focal_length\":\"0\",\"iso\":\"0\",\"shutter_speed\":\"0\",\"title\":\"\",\"orientation\":\"0\"}' data-image-title=\"1a45d08d-2f7c-4bd1-83d3-f412255490c8\" data-image-description=\"\" data-image-caption=\"\" data-medium-file=\"https:\/\/i0.wp.com\/elmundodelosnegocios.com.do\/v1\/wp-content\/uploads\/2023\/06\/1a45d08d-2f7c-4bd1-83d3-f412255490c8.jpeg?fit=300%2C169&amp;ssl=1\" data-large-file=\"https:\/\/i0.wp.com\/elmundodelosnegocios.com.do\/v1\/wp-content\/uploads\/2023\/06\/1a45d08d-2f7c-4bd1-83d3-f412255490c8.jpeg?fit=1024%2C576&amp;ssl=1\" decoding=\"async\" loading=\"lazy\" width=\"1024\" height=\"576\" src=\"https:\/\/i0.wp.com\/elmundodelosnegocios.com.do\/v1\/wp-content\/uploads\/2023\/06\/1a45d08d-2f7c-4bd1-83d3-f412255490c8-1024x576.jpeg?resize=1024,576&amp;ssl=1\" alt=\"\" class=\"wp-image-28829\" srcset=\"https:\/\/i0.wp.com\/elmundodelosnegocios.com.do\/v1\/wp-content\/uploads\/2023\/06\/1a45d08d-2f7c-4bd1-83d3-f412255490c8.jpeg?resize=1024%2C576&amp;ssl=1 1024w, https:\/\/i0.wp.com\/elmundodelosnegocios.com.do\/v1\/wp-content\/uploads\/2023\/06\/1a45d08d-2f7c-4bd1-83d3-f412255490c8.jpeg?resize=300%2C169&amp;ssl=1 300w, https:\/\/i0.wp.com\/elmundodelosnegocios.com.do\/v1\/wp-content\/uploads\/2023\/06\/1a45d08d-2f7c-4bd1-83d3-f412255490c8.jpeg?resize=768%2C432&amp;ssl=1 768w, https:\/\/i0.wp.com\/elmundodelosnegocios.com.do\/v1\/wp-content\/uploads\/2023\/06\/1a45d08d-2f7c-4bd1-83d3-f412255490c8.jpeg?w=1300&amp;ssl=1 1300w\" sizes=\"auto, (max-width: 1024px) 100vw, 1024px\" data-recalc-dims=\"1\"><\/figure>\n<\/div>\n<p>El evento se celebra en la Cinemateca Dominicana y sus inmediaciones, en la Plaza de la Cultura Juan Pablo Duarte, y tiene como objetivo dotar a los participantes de las\u00a0<strong>herramientas necesarias para que puedan emprender y hacer de su creatividad un negocio rentable.<\/strong><\/p>\n<p>La primera charla, titulada \u201c<strong>Haz m\u00e1s dinero con tu talento creativo\u201d,<\/strong>\u00a0estuvo impartida por\u00a0<strong>Pamela Pichardo, por parte del Banco Popular Dominicano<\/strong>\u00a0y en la misma, decenas de personas aprovecharon los consejos ofrecidos sobre el buen\u00a0<strong>manejo en materia financiera.<\/strong><\/p>\n<p>Otra interesante disertaci\u00f3n que tuvo lugar este viernes fue\u00a0<strong>\u201cPonte en precio\u201d, a cargo de The Money Coach<\/strong>, ideal para emprendedores que quieren poner un\u00a0<strong>valor justo a su trabajo.<\/strong><\/p>\n<p>Asimismo, se desarroll\u00f3 el panel\u00a0<strong>\u201cMecenazgo: encontrando la media naranja de tu proyecto\u201d,<\/strong>\u00a0moderado por\u00a0<strong>Henry Mercedes<\/strong>, director general de Mecenazgo. Este acto tuvo la finalidad de compartir con el p\u00fablico la experiencia de la\u00a0<strong>Fundaci\u00f3n Sinfon\u00eda y el Centro Mirador<\/strong>\u00a0como modelo de gesti\u00f3n cultural con apoyo del sector privado.<\/p>\n<p>La agenda de actividades tambi\u00e9n incluy\u00f3, entre otras, los paneles \u201c<strong>El arte de vivir del arte\u201d<\/strong>, sobre el valor econ\u00f3mico de la cultura, y\u00a0<strong>\u201cDe nuestros fogones para el mundo\u201d,<\/strong>\u00a0acerca de la gastronom\u00eda dominicana\u201d.<\/p>\n<p>De igual modo, los presentes disfrutaron de un\u00a0<strong>entrem\u00e9s art\u00edstico<\/strong>\u00a0a cargo del\u00a0<strong>Ensamble Jazz Contempor\u00e1neo y de la Feria Nacional de Artesan\u00eda<\/strong>, que tambi\u00e9n tiene su espacio en el recinto ubicado en el coraz\u00f3n de la avenida M\u00e1ximo G\u00f3mez.<\/p>\n<p>Este magno evento est\u00e1 organizado por el\u00a0<strong>Ministerio de Cultura<\/strong>, con el coauspicio del\u00a0<strong>Ministerio de Industria, Comercio y Mipymes<\/strong>\u00a0(MICM), y cuenta con el apoyo del\u00a0<strong>Banco Popular, Propagas, Black &amp; Decker y la Cinemateca Dominicana.<\/strong><\/p>\n<p>El Primer Congreso Nacional de Industrias Creativas RD Naranja es un valioso proyecto que surge en respuesta a la necesidad de los\u00a0<strong>creativos<\/strong>\u00a0<strong>dominicanos que buscan sacar mejor provecho a su trabajo<\/strong>, as\u00ed como del p\u00fablico en general interesado en conocer, conectar y entender mejor las industrias creativas.<\/p>\n<p>El programa de actividades continuar\u00e1 este s\u00e1bado 17, d\u00eda de\u00a0<strong>\u201cInnovaci\u00f3n y Creatividad\u201d<\/strong>, con atractivas propuestas, como la que ofrecer\u00e1\u00a0<strong>Mr. Pich\u00f3n<\/strong>\u00a0con la charla\u00a0<strong>\u201cAlgoritmo naranja\u201d<\/strong>\u00a0y el panel\u00a0<strong>\u201cLevel up: tomando el control\u201d<\/strong>, en el cual se abordar\u00e1n temas relacionados con los videojuegos en la Rep\u00fablica Dominicana.\u00a0<\/p>\n<p>Adem\u00e1s,\u00a0<strong>Patricia Pe\u00f1a<\/strong>, en su disertaci\u00f3n\u00a0<strong>\u201cDeja tu marca\u201d,<\/strong>\u00a0ofrecer\u00e1 consejos para poder presentar adecuadamente un proyecto ante la industria creativa.<\/p>\n<p>La programaci\u00f3n completa de RD Naranja se encuentra disponible en el portal web del Ministerio de Cultura (www.cultura.gob.do).<\/p>\n<\/div>\n","protected":false},"excerpt":{"rendered":"<p>Santo Domingo.- Cientos de\u00a0personas vinculadas al mundo de los negocios y el emprendimiento, as\u00ed como p\u00fablico en general, se han dado cita para aprovechar las interesantes\u00a0charlas y paneles\u00a0que se est\u00e1n&hellip; <\/p>\n","protected":false},"author":2,"featured_media":3588,"comment_status":"closed","ping_status":"closed","sticky":false,"template":"","format":"standard","meta":{"fifu_image_url":"https:\/\/i0.wp.com\/elmundodelosnegocios.com.do\/v1\/wp-content\/uploads\/2023\/06\/1a45d08d-2f7c-4bd1-83d3-f412255490c8-1024x576.jpeg?resize=1024,576&ssl=1","fifu_image_alt":"Primer Congreso Nacional de Industrias Creativas RD Naranja inicia con gran aceptaci\u00f3n de emprendedores y p\u00fablico en general","footnotes":""},"categories":[63],"tags":[],"class_list":["post-3587","post","type-post","status-publish","format-standard","has-post-thumbnail","hentry","category-actualidad"],"_links":{"self":[{"href":"https:\/\/elmundodelapolitica.com\/v1\/wp-json\/wp\/v2\/posts\/3587","targetHints":{"allow":["GET"]}}],"collection":[{"href":"https:\/\/elmundodelapolitica.com\/v1\/wp-json\/wp\/v2\/posts"}],"about":[{"href":"https:\/\/elmundodelapolitica.com\/v1\/wp-json\/wp\/v2\/types\/post"}],"author":[{"embeddable":true,"href":"https:\/\/elmundodelapolitica.com\/v1\/wp-json\/wp\/v2\/users\/2"}],"replies":[{"embeddable":true,"href":"https:\/\/elmundodelapolitica.com\/v1\/wp-json\/wp\/v2\/comments?post=3587"}],"version-history":[{"count":0,"href":"https:\/\/elmundodelapolitica.com\/v1\/wp-json\/wp\/v2\/posts\/3587\/revisions"}],"wp:featuredmedia":[{"embeddable":true,"href":"https:\/\/elmundodelapolitica.com\/v1\/wp-json\/wp\/v2\/media\/3588"}],"wp:attachment":[{"href":"https:\/\/elmundodelapolitica.com\/v1\/wp-json\/wp\/v2\/media?parent=3587"}],"wp:term":[{"taxonomy":"category","embeddable":true,"href":"https:\/\/elmundodelapolitica.com\/v1\/wp-json\/wp\/v2\/categories?post=3587"},{"taxonomy":"post_tag","embeddable":true,"href":"https:\/\/elmundodelapolitica.com\/v1\/wp-json\/wp\/v2\/tags?post=3587"}],"curies":[{"name":"wp","href":"https:\/\/api.w.org\/{rel}","templated":true}]}}