{"id":3579,"date":"2023-06-16T09:55:47","date_gmt":"2023-06-16T13:55:47","guid":{"rendered":"https:\/\/elmundodelapolitica.com\/v1\/?p=3579"},"modified":"2023-06-16T09:55:47","modified_gmt":"2023-06-16T13:55:47","slug":"reconocen-dominicana-destino-mas-popular-caribe-y-9no-mundial-por-trip-advisor","status":"publish","type":"post","link":"https:\/\/elmundodelapolitica.com\/v1\/reconocen-dominicana-destino-mas-popular-caribe-y-9no-mundial-por-trip-advisor\/","title":{"rendered":"Reconocen Dominicana destino m\u00e1s popular Caribe y 9no mundial por Trip Advisor"},"content":{"rendered":"<div>\n<p>Santo Domingo.- La famosa web\u00a0<strong>Trip Advisor<\/strong>\u00a0public\u00f3 su premiaci\u00f3n de\u00a0<em><strong>Traveler\u2019s Choice Best of the Best 2023<\/strong><\/em>, en la cual reconocen a Rep\u00fablica Dominicana como el\u00a0<strong>noveno destino tur\u00edstico m\u00e1s popular del mundo, y el primero del Caribe.<\/strong><\/p>\n<div class=\"wp-block-image\">\n<figure class=\"aligncenter size-large\"><img loading=\"lazy\" data-attachment-id=\"28805\" data-permalink=\"https:\/\/elmundodelosnegocios.com.do\/v1\/index.php\/2023\/06\/16\/trip-advisor-reconoce-a-rd-como-el-destino-mas-popular-del-caribe-y-el-noveno-en-el-mundo\/44866_1686833054_medium\/\" data-orig-file=\"https:\/\/i0.wp.com\/elmundodelosnegocios.com.do\/v1\/wp-content\/uploads\/2023\/06\/44866_1686833054_medium.jpg?fit=1300%2C731&amp;ssl=1\" data-orig-size=\"1300,731\" data-comments-opened=\"0\" data-image-meta='{\"aperture\":\"0\",\"credit\":\"\",\"camera\":\"\",\"caption\":\"\",\"created_timestamp\":\"0\",\"copyright\":\"\",\"focal_length\":\"0\",\"iso\":\"0\",\"shutter_speed\":\"0\",\"title\":\"\",\"orientation\":\"0\"}' data-image-title=\"44866_1686833054_medium\" data-image-description=\"\" data-image-caption=\"\" data-medium-file=\"https:\/\/i0.wp.com\/elmundodelosnegocios.com.do\/v1\/wp-content\/uploads\/2023\/06\/44866_1686833054_medium.jpg?fit=300%2C169&amp;ssl=1\" data-large-file=\"https:\/\/i0.wp.com\/elmundodelosnegocios.com.do\/v1\/wp-content\/uploads\/2023\/06\/44866_1686833054_medium.jpg?fit=1024%2C576&amp;ssl=1\" decoding=\"async\" width=\"1024\" height=\"576\" src=\"https:\/\/i0.wp.com\/elmundodelosnegocios.com.do\/v1\/wp-content\/uploads\/2023\/06\/44866_1686833054_medium-1024x576.jpg?resize=1024,576&amp;ssl=1\" alt=\"\" class=\"wp-image-28805\" srcset=\"https:\/\/i0.wp.com\/elmundodelosnegocios.com.do\/v1\/wp-content\/uploads\/2023\/06\/44866_1686833054_medium.jpg?resize=1024%2C576&amp;ssl=1 1024w, https:\/\/i0.wp.com\/elmundodelosnegocios.com.do\/v1\/wp-content\/uploads\/2023\/06\/44866_1686833054_medium.jpg?resize=300%2C169&amp;ssl=1 300w, https:\/\/i0.wp.com\/elmundodelosnegocios.com.do\/v1\/wp-content\/uploads\/2023\/06\/44866_1686833054_medium.jpg?resize=768%2C432&amp;ssl=1 768w, https:\/\/i0.wp.com\/elmundodelosnegocios.com.do\/v1\/wp-content\/uploads\/2023\/06\/44866_1686833054_medium.jpg?w=1300&amp;ssl=1 1300w\" sizes=\"auto, (max-width: 1024px) 100vw, 1024px\" data-recalc-dims=\"1\"><\/figure>\n<\/div>\n<p>La publicaci\u00f3n coloca a nuestro pa\u00eds al frente de los pa\u00edses del Caribe, seguido por\u00a0<strong>Aruba, Jamaica, Puerto Rico y St. Marteen, quienes completan el top 5 del ranking regional.<\/strong><\/p>\n<p>A nivel mundial, la\u00a0<strong>Rep\u00fablica Dominicana es el \u00fanico destino que sale en el top 10 como pa\u00eds<\/strong>, mientras que los dem\u00e1s destinos son ciudades, lo que obedece a la estrategia de\u00a0<strong>posicionamiento de la marca pa\u00eds<\/strong>, por encima de la marca de algunos de los destinos particulares de la naci\u00f3n como Punta Cana, Puerto Plata, Saman\u00e1, etc.<\/p>\n<p>El top 10 de los destinos m\u00e1s populares del mundo lo encabeza Dubai, seguido de Bali, Londres, Roma, Par\u00eds, Canc\u00fan, Creta, Rep\u00fablica Dominicana y Estambul.\u00a0<strong>Esto posiciona al pa\u00eds como un destino m\u00e1s popular que Barcelona, Madrid o Nueva York, por ejemplo.<\/strong><\/p>\n<p>La p\u00e1gina Trip Advisor explica que otorga estos reconocimientos<strong>\u00a0<\/strong><em><strong>Travelers\u2019 Choice Best of the Best<\/strong><\/em>\u00a0a destinos cuyos hoteles, restaurantes y cosas para hacer recibieron un\u00a0<strong>alto volumen de rese\u00f1as y opiniones de la comunidad de usuarios durante un per\u00edodo de 12 meses<\/strong>. Menos del 1% de los 8 millones de listados de Trip Advisor reciben\u00a0<strong>el premio Best of the Best<\/strong>, lo que significa el\u00a0<strong>m\u00e1s alto nivel de excelencia en viajes<\/strong>.<\/p>\n<p>Este nuevo reconocimiento para Rep\u00fablica Dominicana reafirma el despegar de la industria tur\u00edstica del pa\u00eds, la cual sigue siendo el\u00a0<strong>sector de la econom\u00eda de mayor crecimiento en este 2023<\/strong>, de acuerdo a los datos oficiales que se tienen a la fecha.<\/p>\n<\/div>\n","protected":false},"excerpt":{"rendered":"<p>Santo Domingo.- La famosa web\u00a0Trip Advisor\u00a0public\u00f3 su premiaci\u00f3n de\u00a0Traveler\u2019s Choice Best of the Best 2023, en la cual reconocen a Rep\u00fablica Dominicana como el\u00a0noveno destino tur\u00edstico m\u00e1s popular del mundo,&hellip; <\/p>\n","protected":false},"author":2,"featured_media":3580,"comment_status":"closed","ping_status":"closed","sticky":false,"template":"","format":"standard","meta":{"fifu_image_url":"https:\/\/i0.wp.com\/elmundodelosnegocios.com.do\/v1\/wp-content\/uploads\/2023\/06\/44866_1686833054_medium-1024x576.jpg?resize=1024,576&ssl=1","fifu_image_alt":"Reconocen Dominicana destino m\u00e1s popular Caribe y 9no mundial por Trip Advisor","footnotes":""},"categories":[63],"tags":[],"class_list":["post-3579","post","type-post","status-publish","format-standard","has-post-thumbnail","hentry","category-actualidad"],"_links":{"self":[{"href":"https:\/\/elmundodelapolitica.com\/v1\/wp-json\/wp\/v2\/posts\/3579","targetHints":{"allow":["GET"]}}],"collection":[{"href":"https:\/\/elmundodelapolitica.com\/v1\/wp-json\/wp\/v2\/posts"}],"about":[{"href":"https:\/\/elmundodelapolitica.com\/v1\/wp-json\/wp\/v2\/types\/post"}],"author":[{"embeddable":true,"href":"https:\/\/elmundodelapolitica.com\/v1\/wp-json\/wp\/v2\/users\/2"}],"replies":[{"embeddable":true,"href":"https:\/\/elmundodelapolitica.com\/v1\/wp-json\/wp\/v2\/comments?post=3579"}],"version-history":[{"count":0,"href":"https:\/\/elmundodelapolitica.com\/v1\/wp-json\/wp\/v2\/posts\/3579\/revisions"}],"wp:featuredmedia":[{"embeddable":true,"href":"https:\/\/elmundodelapolitica.com\/v1\/wp-json\/wp\/v2\/media\/3580"}],"wp:attachment":[{"href":"https:\/\/elmundodelapolitica.com\/v1\/wp-json\/wp\/v2\/media?parent=3579"}],"wp:term":[{"taxonomy":"category","embeddable":true,"href":"https:\/\/elmundodelapolitica.com\/v1\/wp-json\/wp\/v2\/categories?post=3579"},{"taxonomy":"post_tag","embeddable":true,"href":"https:\/\/elmundodelapolitica.com\/v1\/wp-json\/wp\/v2\/tags?post=3579"}],"curies":[{"name":"wp","href":"https:\/\/api.w.org\/{rel}","templated":true}]}}