{"id":3575,"date":"2023-06-16T08:48:31","date_gmt":"2023-06-16T12:48:31","guid":{"rendered":"https:\/\/elmundodelapolitica.com\/v1\/?p=3575"},"modified":"2023-06-16T08:48:31","modified_gmt":"2023-06-16T12:48:31","slug":"mas-3000-muertes-ano-a-causa-cancer-renal","status":"publish","type":"post","link":"https:\/\/elmundodelapolitica.com\/v1\/mas-3000-muertes-ano-a-causa-cancer-renal\/","title":{"rendered":"M\u00e1s 3,000 muertes a\u00f1o a causa C\u00e1ncer Renal"},"content":{"rendered":"<div>\n<p><strong>Rep\u00fablica Dominicana,<\/strong>\u00a016 junio 2023.- En el marco del\u00a0<strong>D\u00eda Mundial del C\u00e1ncer Renal,<\/strong>\u00a0que se conmemora este a\u00f1o el 16 de junio, expertos en oncolog\u00eda hacen un llamado a la poblaci\u00f3n para estar alerta ante los signos que pueden ayudar a detectar oportunamente este padecimiento\u00a0que tan solo\u00a0en 2020 ocasion\u00f3 al menos 3 mil 645 muertes en Centroam\u00e9rica.<sup>1<\/sup><\/p>\n<div class=\"wp-block-image\">\n<figure class=\"aligncenter size-full\"><img data-attachment-id=\"28819\" data-permalink=\"https:\/\/elmundodelosnegocios.com.do\/v1\/index.php\/2023\/06\/16\/mas-3000-muertes-ano-a-causa-cancer-renal\/dsc1247-2\/\" data-orig-file=\"https:\/\/i0.wp.com\/elmundodelosnegocios.com.do\/v1\/wp-content\/uploads\/2023\/06\/DSC1247-2.jpg?fit=900%2C598&amp;ssl=1\" data-orig-size=\"900,598\" data-comments-opened=\"0\" data-image-meta='{\"aperture\":\"0\",\"credit\":\"\",\"camera\":\"\",\"caption\":\"\",\"created_timestamp\":\"0\",\"copyright\":\"\",\"focal_length\":\"0\",\"iso\":\"0\",\"shutter_speed\":\"0\",\"title\":\"\",\"orientation\":\"0\"}' data-image-title=\"DSC1247-2\" data-image-description=\"\" data-image-caption=\"\" data-medium-file=\"https:\/\/i0.wp.com\/elmundodelosnegocios.com.do\/v1\/wp-content\/uploads\/2023\/06\/DSC1247-2.jpg?fit=300%2C199&amp;ssl=1\" data-large-file=\"https:\/\/i0.wp.com\/elmundodelosnegocios.com.do\/v1\/wp-content\/uploads\/2023\/06\/DSC1247-2.jpg?fit=900%2C598&amp;ssl=1\" decoding=\"async\" loading=\"lazy\" width=\"900\" height=\"598\" src=\"https:\/\/i0.wp.com\/elmundodelosnegocios.com.do\/v1\/wp-content\/uploads\/2023\/06\/DSC1247-2.jpg?resize=900,598&amp;ssl=1\" alt=\"\" class=\"wp-image-28819\" srcset=\"https:\/\/i0.wp.com\/elmundodelosnegocios.com.do\/v1\/wp-content\/uploads\/2023\/06\/DSC1247-2.jpg?w=900&amp;ssl=1 900w, https:\/\/i0.wp.com\/elmundodelosnegocios.com.do\/v1\/wp-content\/uploads\/2023\/06\/DSC1247-2.jpg?resize=300%2C199&amp;ssl=1 300w, https:\/\/i0.wp.com\/elmundodelosnegocios.com.do\/v1\/wp-content\/uploads\/2023\/06\/DSC1247-2.jpg?resize=768%2C510&amp;ssl=1 768w\" sizes=\"auto, (max-width: 900px) 100vw, 900px\" data-recalc-dims=\"1\"><\/figure>\n<\/div>\n<p>El c\u00e1ncer renal o carcinoma de\u00a0c\u00e9lulas\u00a0renales es un padecimiento que se origina en los ri\u00f1ones, regularmente\u00a0en las\u00a0c\u00e9lulas\u00a0que recubren los tubos peque\u00f1os llamados t\u00fabulos renales, que al expandirse\u00a0interfieren directamente en la funci\u00f3n de estos \u00f3rganos que es filtrar sangre y eliminar los desechos del cuerpo.<\/p>\n<p>\u201cA pesar de que este padecimiento puede presentarse de manera asintom\u00e1tica en sus etapas iniciales, conforme la enfermedad avanza pueden\u00a0aparecer s\u00edntomas como\u00a0sangre en la orina, dolor en el costado del\u00a0\u00e1rea abdominal\u00a0o en la parte baja de la espalda, p\u00e9rdida de peso inexplicada y fatiga\u201d, explic\u00f3 la Dra. Taysser Sowley especialista en oncolog\u00eda.<\/p>\n<p>Algunos factores de riesgo asociados a esta enfermedad incluyen antecedentes familiares de c\u00e1ncer renal, hipertensi\u00f3n arterial, obesidad y tabaquismo, por lo que si\u00a0alguna persona presenta uno o m\u00e1s de estos o experimenta s\u00edntomas sospechosos, se recomienda que consulte a un m\u00e9dico para una evaluaci\u00f3n adecuada.<\/p>\n<p>La detecci\u00f3n temprana del c\u00e1ncer renal se puede realizar mediante pruebas m\u00e9dicas como an\u00e1lisis de sangre, ultrasonidos, tomograf\u00edas computarizadas (TC) o resonancias magn\u00e9ticas (RM). Estas pruebas permiten identificar y evaluar cualquier anomal\u00eda en los ri\u00f1ones, lo que facilita un diagn\u00f3stico preciso y un tratamiento oportuno.<\/p>\n<p>Es crucial hablar y concientizar a la poblaci\u00f3n centroamericana sobre la importancia de la detecci\u00f3n temprana del c\u00e1ncer renal, lo que evitar\u00e1 que este padecimiento siga cobrando m\u00e1s vidas, pues es importante destacar que cada caso de c\u00e1ncer renal es \u00fanico, y el tratamiento m\u00e1s adecuado ser\u00e1 determinado por el m\u00e9dico especialista\u00a0con\u00a0base en la evaluaci\u00f3n individual del paciente.<\/p>\n<p>Los tratamientos para el c\u00e1ncer renal pueden variar dependiendo la ubicaci\u00f3n y el tama\u00f1o del tumor, as\u00ed como de las caracter\u00edsticas individuales del paciente,\u00a0incluso en casos en los que\u00a0el c\u00e1ncer\u00a0es detectado\u00a0en una etapa avanzada, tratamientos como la inmuno-oncolog\u00eda aseguran una sobrevivencia del paciente, por lo que es de suma importancia realizar una evaluaci\u00f3n para conocer la etapa de evoluci\u00f3n del padecimiento.<\/p>\n<p>\u201cLa inmunoterapia ha revolucionado el campo del tratamiento del c\u00e1ncer en los \u00faltimos a\u00f1os, sobre todo en la etapa de met\u00e1stasis (extensi\u00f3n del tumor a otras partes del cuerpo). Actualmente,\u00a0entre las terapias inmunol\u00f3gicas aprobadas para el c\u00e1ncer renal se encuentra el principio activo\u00a0Avelumab, conocido como inhibidor de punto de control inmunol\u00f3gico, que permite reconocer y destruir las\u00a0c\u00e9lulas\u00a0cancerosas\u201d, destac\u00f3 Sowley, M\u00e9dica onc\u00f3loga del Instituto Oncol\u00f3gico Nacional de Panam\u00e1.<\/p>\n<p>A decir de la experta, el tratamiento de inmunoterapia busca colaborar con el sistema inmunitario para combatir al c\u00e1ncer, reforzando la capacidad del sistema para eliminar de forma proactiva a las c\u00e9lulas anormales y prevenir la formaci\u00f3n de m\u00e1s tumores.<\/p>\n<p>Por su\u00a0parte,\u00a0<strong>Merck<\/strong>, compa\u00f1\u00eda l\u00edder en ciencia y tecnolog\u00eda, realiza esfuerzos diarios bas\u00e1ndose en el compromiso que tiene con los pacientes para descubrir, desarrollar e innovar en programas cl\u00ednicos a nivel internacional que permitan a los pacientes con esta\u00a0enfermedad contar con alternativas y tratamientos de vanguardia lo que les permitir\u00e1\u00a0mejorar y prolongar significativamente su calidad de vida.<\/p>\n<\/div>\n","protected":false},"excerpt":{"rendered":"<p>Rep\u00fablica Dominicana,\u00a016 junio 2023.- En el marco del\u00a0D\u00eda Mundial del C\u00e1ncer Renal,\u00a0que se conmemora este a\u00f1o el 16 de junio, expertos en oncolog\u00eda hacen un llamado a la poblaci\u00f3n para&hellip; <\/p>\n","protected":false},"author":2,"featured_media":3576,"comment_status":"closed","ping_status":"closed","sticky":false,"template":"","format":"standard","meta":{"fifu_image_url":"https:\/\/i0.wp.com\/elmundodelosnegocios.com.do\/v1\/wp-content\/uploads\/2023\/06\/DSC1247-2.jpg?resize=900,598&ssl=1","fifu_image_alt":"M\u00e1s 3,000 muertes a\u00f1o a causa C\u00e1ncer Renal","footnotes":""},"categories":[63],"tags":[],"class_list":["post-3575","post","type-post","status-publish","format-standard","has-post-thumbnail","hentry","category-actualidad"],"_links":{"self":[{"href":"https:\/\/elmundodelapolitica.com\/v1\/wp-json\/wp\/v2\/posts\/3575","targetHints":{"allow":["GET"]}}],"collection":[{"href":"https:\/\/elmundodelapolitica.com\/v1\/wp-json\/wp\/v2\/posts"}],"about":[{"href":"https:\/\/elmundodelapolitica.com\/v1\/wp-json\/wp\/v2\/types\/post"}],"author":[{"embeddable":true,"href":"https:\/\/elmundodelapolitica.com\/v1\/wp-json\/wp\/v2\/users\/2"}],"replies":[{"embeddable":true,"href":"https:\/\/elmundodelapolitica.com\/v1\/wp-json\/wp\/v2\/comments?post=3575"}],"version-history":[{"count":0,"href":"https:\/\/elmundodelapolitica.com\/v1\/wp-json\/wp\/v2\/posts\/3575\/revisions"}],"wp:featuredmedia":[{"embeddable":true,"href":"https:\/\/elmundodelapolitica.com\/v1\/wp-json\/wp\/v2\/media\/3576"}],"wp:attachment":[{"href":"https:\/\/elmundodelapolitica.com\/v1\/wp-json\/wp\/v2\/media?parent=3575"}],"wp:term":[{"taxonomy":"category","embeddable":true,"href":"https:\/\/elmundodelapolitica.com\/v1\/wp-json\/wp\/v2\/categories?post=3575"},{"taxonomy":"post_tag","embeddable":true,"href":"https:\/\/elmundodelapolitica.com\/v1\/wp-json\/wp\/v2\/tags?post=3575"}],"curies":[{"name":"wp","href":"https:\/\/api.w.org\/{rel}","templated":true}]}}