{"id":357,"date":"2022-06-07T02:03:49","date_gmt":"2022-06-07T06:03:49","guid":{"rendered":"http:\/\/www.elmundodelapolitica.com\/v2\/?p=25460"},"modified":"2022-06-07T02:03:49","modified_gmt":"2022-06-07T06:03:49","slug":"ilumina-edesur-malecon-santo-domingo-en-tercera-etapa","status":"publish","type":"post","link":"https:\/\/elmundodelapolitica.com\/v1\/ilumina-edesur-malecon-santo-domingo-en-tercera-etapa\/","title":{"rendered":"Ilumina EDESUR malec\u00f3n Santo Domingo en tercera etapa"},"content":{"rendered":"\n<p>Santo Domingo, R.D. Junio 1ro, 2022.- La empresa Edesur Dominicana ilumin\u00f3 el malec\u00f3n de Santo&nbsp;Domingo, en una tercera etapa, que ahora abarca desde la avenida N\u00fa\u00f1ez de C\u00e1ceres, hasta el Club Sirio Liban\u00e9s Palestino.&nbsp;<\/p>\n\n\n\n<p><br>Incluy\u00f3 el \u00e1rea de Food Truck, que se ha convertido en un espacio para la recreaci\u00f3n, lo que adem\u00e1s representa un impulso para los comerciantes, como para cientos de clientes y familias que se dan cita al lugar.&nbsp;<\/p>\n\n\n\n<p><br>De acuerdo con el presidente de la Asociaci\u00f3n de Food Truck Maleconcito, \u201crondan por las 2,000 personas los visitantes y clientes, y ahora por la iluminaci\u00f3n aumentar\u00e1 la cantidad, ya que esto ten\u00eda nueve a\u00f1os apagado\u201d.<\/p>\n\n\n\n<p>&nbsp;&nbsp;&nbsp;<br>En total, Edesur ha colocado hasta el momento, m\u00e1s de 300 luminarias led y 125 nuevos postes de luz de concreto, en casi nueve kil\u00f3metros de la Autopista&nbsp;30 de Mayo.<\/p>\n\n\n\n<p><br>El presidente de la junta de vecinos Mar Caribe, C\u00e9sar Balvi, dijo que el malec\u00f3n llevaba 7 a\u00f1os a oscuras, y salud\u00f3 en nombre de las m\u00e1s de 20 comunidades que conforman la avenida&nbsp;30 de mayo, los trabajos de Edesur.&nbsp;<\/p>\n\n\n\n<p><br>En tanto, Milton Morrison, director general de la distribuidora el\u00e9ctrica dijo que la iniciativa de alumbrado p\u00fablico de Edesur busca contribuir con la seguridad ciudadana a trav\u00e9s del programa \"Mi pa\u00eds seguro\" que impulsa la Presidencia de la Rep\u00fablica a trav\u00e9s del Ministerio de Interior y Polic\u00eda.&nbsp;<\/p>\n\n\n\n<p><br>Tambi\u00e9n record\u00f3 que el alumbrado p\u00fablico es responsabilidad de las alcald\u00edas; por lo que la acci\u00f3n obedece a una cuota de responsabilidad social por parte de la empresa, como colaboraci\u00f3n a las alcald\u00edas.&nbsp;<\/p>\n\n\n\n<p><br><strong>Anteriores etapas de iluminaci\u00f3n<\/strong><\/p>\n\n\n\n<p>La primera etapa de alumbrado de Edesur Dominicana comprendi\u00f3 desde el elevado de la Luper\u00f3n, en la autopista&nbsp;30 de mayo, hasta el peaje del Kil\u00f3metro 12; mientras que la segunda, desde el elevado de la Avenida Luper\u00f3n hasta la N\u00fa\u00f1ez de C\u00e1ceres.<\/p>\n\n\n\n<p>&nbsp;<br>En principio, la empresa hab\u00eda anunciado que los trabajos serian solamente desde el peaje del Kil\u00f3metro 12, hasta la avenida N\u00fa\u00f1ez de C\u00e1ceres; sin embargo, los extendi\u00f3 hasta el Club Sirio Liban\u00e9s Palestino.<\/p>\n\n\n\n<p><br><strong>Complejidad y materiales para los trabajos<\/strong><\/p>\n\n\n\n<p>Los operativos de Edesur se ejecutan con una brigada especializada de camiones canastos de 60 pies, debido a la altura de los postes de alumbrado p\u00fablico.&nbsp;<\/p>\n\n\n\n<p>Han incluido la distribuci\u00f3n de m\u00e1s de 8,000 metros de tendido el\u00e9ctrico en ocho kil\u00f3metros de carretera, siete transformadores, instalaci\u00f3n de 125 nuevos postes y m\u00e1s de 300 nuevas luminarias LED de bajo consumo, para contribuir con el medio ambiente; as\u00ed como la normalizaci\u00f3n de otras existentes.<\/p>\n","protected":false},"excerpt":{"rendered":"<p>Santo Domingo, R.D. Junio 1ro, 2022.- La empresa Edesur Dominicana ilumin\u00f3 el malec\u00f3n de Santo&nbsp;Domingo, en una tercera etapa, que ahora abarca desde la avenida N\u00fa\u00f1ez de C\u00e1ceres, hasta el&hellip; <\/p>\n","protected":false},"author":2,"featured_media":358,"comment_status":"closed","ping_status":"open","sticky":false,"template":"","format":"standard","meta":{"fifu_image_url":"","fifu_image_alt":"","footnotes":""},"categories":[29],"tags":[],"class_list":["post-357","post","type-post","status-publish","format-standard","has-post-thumbnail","hentry","category-energia"],"_links":{"self":[{"href":"https:\/\/elmundodelapolitica.com\/v1\/wp-json\/wp\/v2\/posts\/357","targetHints":{"allow":["GET"]}}],"collection":[{"href":"https:\/\/elmundodelapolitica.com\/v1\/wp-json\/wp\/v2\/posts"}],"about":[{"href":"https:\/\/elmundodelapolitica.com\/v1\/wp-json\/wp\/v2\/types\/post"}],"author":[{"embeddable":true,"href":"https:\/\/elmundodelapolitica.com\/v1\/wp-json\/wp\/v2\/users\/2"}],"replies":[{"embeddable":true,"href":"https:\/\/elmundodelapolitica.com\/v1\/wp-json\/wp\/v2\/comments?post=357"}],"version-history":[{"count":0,"href":"https:\/\/elmundodelapolitica.com\/v1\/wp-json\/wp\/v2\/posts\/357\/revisions"}],"wp:featuredmedia":[{"embeddable":true,"href":"https:\/\/elmundodelapolitica.com\/v1\/wp-json\/wp\/v2\/media\/358"}],"wp:attachment":[{"href":"https:\/\/elmundodelapolitica.com\/v1\/wp-json\/wp\/v2\/media?parent=357"}],"wp:term":[{"taxonomy":"category","embeddable":true,"href":"https:\/\/elmundodelapolitica.com\/v1\/wp-json\/wp\/v2\/categories?post=357"},{"taxonomy":"post_tag","embeddable":true,"href":"https:\/\/elmundodelapolitica.com\/v1\/wp-json\/wp\/v2\/tags?post=357"}],"curies":[{"name":"wp","href":"https:\/\/api.w.org\/{rel}","templated":true}]}}