{"id":3563,"date":"2023-06-15T22:39:26","date_gmt":"2023-06-16T02:39:26","guid":{"rendered":"https:\/\/elmundodelapolitica.com\/v1\/?p=3563"},"modified":"2023-06-15T22:39:28","modified_gmt":"2023-06-16T02:39:28","slug":"presidente-abinader-asiste-acto-del-94-aniversario-del-cusep","status":"publish","type":"post","link":"https:\/\/elmundodelapolitica.com\/v1\/presidente-abinader-asiste-acto-del-94-aniversario-del-cusep\/","title":{"rendered":"Presidente Abinader asiste acto del 94 aniversario del CUSEP"},"content":{"rendered":"\n<p>Santo Domingo.- Con la presencia del&nbsp;<strong>presidente Luis Abinader y la vicepresidenta Raquel Pe\u00f1a<\/strong>, el Cuerpo de Seguridad Presidencial&nbsp;<strong>(CUSEP)<\/strong>, conmemor\u00f3 el&nbsp;<strong>94 aniversario de la entidad,<\/strong>&nbsp;instituci\u00f3n que tiene por misi\u00f3n garantizar<strong>&nbsp;la seguridad de los presidentes de la Rep\u00fablica.<\/strong><\/p>\n\n\n\n<p>El acto inici\u00f3 con la bendici\u00f3n del cura p\u00e1rroco Francisco Mart\u00edn Guti\u00e9rrez P\u00e9rez y la interpretaci\u00f3n de las notas del himno nacional.<\/p>\n\n\n\n<p>El evento tuvo lugar en la sede del CUSEP y cont\u00f3 con la presencia del ministro de Defensa, teniente general&nbsp;<strong>Carlos Luciano D\u00edaz Morfa<\/strong>, junto a su se\u00f1ora,&nbsp;<strong>Wendy Santos de D\u00edaz<\/strong>, presidenta de Asociaci\u00f3n Dominicana de Esposas de Oficiales de las Fuerzas Armadas&nbsp;<strong>(ADEOFA)<\/strong>&nbsp;y el general de brigada&nbsp;<strong>Jimmy Arias Grull\u00f3n<\/strong>, ERD, jefe del CUSEP, quien estuvo acompa\u00f1ado de su esposa&nbsp;<strong>Starlyn Garc\u00eda.<\/strong><\/p>\n\n\n\n<p>En su discurso, Arias Grull\u00f3n expres\u00f3 que el Cuerpo de Seguridad Presidencial es una entidad formada por&nbsp;<strong>hombres que brindan lealtad, valor y sacrificio a la patria.<\/strong><\/p>\n\n\n\n<p>Consider\u00f3 que el CUSEP es un organismo caracterizado por la&nbsp;<strong>unidad y la tradici\u00f3n de servicio.<\/strong><\/p>\n\n\n\n<p><em>\"Trabajamos con el mismo esp\u00edritu de excelencia, responsabilidad y solidaridad que nos caracteriza, estamos viviendo tiempos de nuevas amenazas, en los que se requiere m\u00e1s que nunca nuestra capacidad de respuesta. Estoy seguro de que estaremos a la altura de las circunstancias y de que seguiremos siendo un referente del m\u00e1s alto nivel de seguridad\",<\/em>&nbsp;explic\u00f3 el alto oficial.<\/p>\n\n\n\n<p>En la actividad se le entreg\u00f3 un&nbsp;<strong>reconocimiento al capell\u00e1n castrense cura p\u00e1rroco Guti\u00e9rrez P\u00e9rez por sus 30 a\u00f1os de servicio.<\/strong><\/p>\n\n\n\n<p>Durante el acto tambi\u00e9n estuvieron presentes el ministro de la Presidencia, Joel Santos; el comandante del Ej\u00e9rcito,&nbsp;<strong>mayor general Carlos Antonio Fern\u00e1ndez Onofre<\/strong>; el comandante de la Armada,&nbsp;<strong>vicealmirante<\/strong>&nbsp;<strong>Francisco Antonio Sosa Castillo<\/strong>, y el comandante de la Fuerza A\u00e9rea,&nbsp;<strong>mayor general Carlos Febrillet<\/strong>. Igualmente, el director de la Polic\u00eda Nacional,&nbsp;<strong>mayor general Eduardo Alberto Then<\/strong>; el presidente de la DNCD,&nbsp;<strong>vicealmirante de la ARD, Jos\u00e9 Manuel Cabrera Ulloa,<\/strong>&nbsp;y el&nbsp;<strong>viceministro Igor Rodr\u00edguez<\/strong>, entre otros.<\/p>\n\n\n\n<figure class=\"wp-block-image\"><img decoding=\"async\" src=\"https:\/\/presidencia.gob.do\/sites\/default\/files\/inline-images\/1adf9107-3567-41a6-8f2e-43ece1a78d7e.jpeg\" alt=\"\"\/><\/figure>\n\n\n\n<p><strong>La instituci\u00f3n<\/strong>&nbsp;&nbsp;<\/p>\n\n\n\n<p>El CUSEP es una unidad mixta compuesta por&nbsp;<strong>miembros de las Fuerzas Armadas y de la Polic\u00eda Nacional,<\/strong>&nbsp;cuya misi\u00f3n principal es garantizar la seguridad de los presidentes de la Rep\u00fablica Dominicana.<\/p>\n\n\n\n<p>Fue creado el 7 de junio de 1929, mediante reglamento del&nbsp;<strong>entonces presidente Horacio V\u00e1squez&nbsp;<\/strong>y designado con el nombre de Cuerpo de Ayudantes. En el 1947 es nombrado Cuerpo de Ayudantes Militares.<\/p>\n\n\n\n<p>En el 2013, el art\u00edculo 56 de la Ley Org\u00e1nica de las Fuerzas Armadas,&nbsp;<strong>Ley 139-13, le designa el nombre actual de Cuerpo de Seguridad Presidencial.<\/strong><\/p>\n","protected":false},"excerpt":{"rendered":"<p>Santo Domingo.- Con la presencia del&nbsp;presidente Luis Abinader y la vicepresidenta Raquel Pe\u00f1a, el Cuerpo de Seguridad Presidencial&nbsp;(CUSEP), conmemor\u00f3 el&nbsp;94 aniversario de la entidad,&nbsp;instituci\u00f3n que tiene por misi\u00f3n garantizar&nbsp;la seguridad&hellip; <\/p>\n","protected":false},"author":2,"featured_media":3564,"comment_status":"open","ping_status":"open","sticky":false,"template":"","format":"standard","meta":{"fifu_image_url":"","fifu_image_alt":"","footnotes":""},"categories":[53],"tags":[],"class_list":["post-3563","post","type-post","status-publish","format-standard","has-post-thumbnail","hentry","category-gobierno"],"_links":{"self":[{"href":"https:\/\/elmundodelapolitica.com\/v1\/wp-json\/wp\/v2\/posts\/3563","targetHints":{"allow":["GET"]}}],"collection":[{"href":"https:\/\/elmundodelapolitica.com\/v1\/wp-json\/wp\/v2\/posts"}],"about":[{"href":"https:\/\/elmundodelapolitica.com\/v1\/wp-json\/wp\/v2\/types\/post"}],"author":[{"embeddable":true,"href":"https:\/\/elmundodelapolitica.com\/v1\/wp-json\/wp\/v2\/users\/2"}],"replies":[{"embeddable":true,"href":"https:\/\/elmundodelapolitica.com\/v1\/wp-json\/wp\/v2\/comments?post=3563"}],"version-history":[{"count":1,"href":"https:\/\/elmundodelapolitica.com\/v1\/wp-json\/wp\/v2\/posts\/3563\/revisions"}],"predecessor-version":[{"id":3565,"href":"https:\/\/elmundodelapolitica.com\/v1\/wp-json\/wp\/v2\/posts\/3563\/revisions\/3565"}],"wp:featuredmedia":[{"embeddable":true,"href":"https:\/\/elmundodelapolitica.com\/v1\/wp-json\/wp\/v2\/media\/3564"}],"wp:attachment":[{"href":"https:\/\/elmundodelapolitica.com\/v1\/wp-json\/wp\/v2\/media?parent=3563"}],"wp:term":[{"taxonomy":"category","embeddable":true,"href":"https:\/\/elmundodelapolitica.com\/v1\/wp-json\/wp\/v2\/categories?post=3563"},{"taxonomy":"post_tag","embeddable":true,"href":"https:\/\/elmundodelapolitica.com\/v1\/wp-json\/wp\/v2\/tags?post=3563"}],"curies":[{"name":"wp","href":"https:\/\/api.w.org\/{rel}","templated":true}]}}