{"id":3549,"date":"2023-06-15T16:01:08","date_gmt":"2023-06-15T20:01:08","guid":{"rendered":"https:\/\/elmundodelapolitica.com\/v1\/?p=3549"},"modified":"2023-06-15T16:01:13","modified_gmt":"2023-06-15T20:01:13","slug":"presidente-abinader-condecora-a-juan-german-arias-nunez-y-de-manera-postuma-a-jose-daniel-ariza-cabral-y-maximo-lopez-molina-con-la-orden-del-merito-duarte-sanchez-y-mella","status":"publish","type":"post","link":"https:\/\/elmundodelapolitica.com\/v1\/presidente-abinader-condecora-a-juan-german-arias-nunez-y-de-manera-postuma-a-jose-daniel-ariza-cabral-y-maximo-lopez-molina-con-la-orden-del-merito-duarte-sanchez-y-mella\/","title":{"rendered":"Presidente Abinader condecora a Juan Germ\u00e1n Arias N\u00fa\u00f1ez y de manera p\u00f3stuma a Jos\u00e9 Daniel Ariza Cabral y M\u00e1ximo L\u00f3pez Molina con la Orden del M\u00e9rito Duarte, S\u00e1nchez y Mella"},"content":{"rendered":"\n<p>Santo Domingo.-&nbsp;<strong>El presidente Luis Abinader<\/strong>&nbsp;condecor\u00f3 este mi\u00e9rcoles con la&nbsp;<strong>Orden del M\u00e9rito de Duarte, S\u00e1nchez y Mella&nbsp;<\/strong>en el grado de Comendador, a&nbsp;<strong>Juan Germ\u00e1n Arias<\/strong>&nbsp;y de manera p\u00f3stuma a&nbsp;<strong>Jos\u00e9 Daniel Ariza Cabral,<\/strong>&nbsp;fundadores del&nbsp;<strong>movimiento clandestino \u201c14 de Junio\u201d,<\/strong>&nbsp;y a&nbsp;<strong>M\u00e1ximo L\u00f3pez Molina,&nbsp;<\/strong>fundador del&nbsp;<strong>Movimiento Popular Dominicano (MPD).<\/strong><\/p>\n\n\n\n<p>Estos tres distinguidos&nbsp;<strong>luchadores por la libertad, la democracia y el Estado de derecho en nuestro pa\u00eds&nbsp;<\/strong>formaron parte del grupo de dominicanos que con su arrojo y valent\u00eda contribuyeron a darle fin a la&nbsp;<strong>ominosa dictadura de m\u00e1s de treinta a\u00f1os<\/strong>, que los hab\u00eda visto nacer y luego&nbsp;<strong>cimentaron con su sacrificio las bases de la paz pol\u00edtica que hoy disfruta el pueblo dominicano.<\/strong><\/p>\n\n\n\n<p>El reconocimiento a los aportes de Juan Germ\u00e1n Arias N\u00fa\u00f1ez y de manera p\u00f3stuma a Jos\u00e9 Daniel Ariza y M\u00e1ximo L\u00f3pez Molina fue realizado a trav\u00e9s del&nbsp;<strong>Decreto 254-23<\/strong>&nbsp;emitido por el presidente Luis Abinader, el cual fue le\u00eddo en el acto por la&nbsp;<strong>subconsultora jur\u00eddica del Poder Ejecutivo, Noelia Rivera.&nbsp;<\/strong><\/p>\n\n\n\n<p>Al hacer entrega de su reconocimiento, se ve\u00eda&nbsp;<strong>visiblemente emocionado a Juan German Arias N\u00fa\u00f1ez, de 90 a\u00f1os<\/strong>, quien nunca dej\u00f3 de sonre\u00edr.&nbsp;<\/p>\n\n\n\n<p>En nombre de&nbsp;<strong>la familia Ariza Cabral<\/strong>&nbsp;el reconocimiento fue recibido por&nbsp;<strong>su viuda Mayra de Ariza.&nbsp;<\/strong><\/p>\n\n\n\n<p>Mientras que por&nbsp;<strong>la familia L\u00f3pez Molina<\/strong>&nbsp;el reconocimiento fue recibido por su hija&nbsp;<strong>Miriam L\u00f3pez Cambero<\/strong>.&nbsp;<\/p>\n\n\n\n<p><strong>La ex dirigente revolucionaria Carmen Mazara<\/strong>&nbsp;agradeci\u00f3 en nombre de la familia de los tres condecorados el reconocimiento entregado hoy y&nbsp;<strong>valor\u00f3 el gesto del presidente Abinader en dar honor a quien honor merece.<\/strong><\/p>\n\n\n\n<figure class=\"wp-block-image\"><img decoding=\"async\" src=\"https:\/\/presidencia.gob.do\/sites\/default\/files\/inline-images\/d901bc3f-6ba1-40bb-b84f-2cb0a218dfea.jpeg\" alt=\"\"\/><\/figure>\n\n\n\n<p><strong>Semblanza de los tres luchadores<\/strong><\/p>\n\n\n\n<p><strong>Juan German Arias N\u00fa\u00f1ez<\/strong><\/p>\n\n\n\n<p><strong>La semblanza de Juan Germ\u00e1n Arias N\u00fa\u00f1ez<\/strong>&nbsp;<strong>fue le\u00edda por Rafael \u201cCucuyo\u201d B\u00e1ez P\u00e9rez,&nbsp;<\/strong>amigo de muchos a\u00f1os, quien destac\u00f3 las&nbsp;<strong>dotes revolucionarias<\/strong>&nbsp;del l\u00edder catorcista y defensor de la democracia dominicana en&nbsp;<strong>oposici\u00f3n al r\u00e9gimen de Rafael Molina Trujillo<\/strong>, convertido luego en luchador por el&nbsp;<strong>rescate de la Constituci\u00f3n del gobierno de Juan Bosch en 1963.<\/strong><\/p>\n\n\n\n<p>Juan German Arias N\u00fa\u00f1ez, mejor conocido como&nbsp;<strong>Chanchano<\/strong>, inici\u00f3 muy joven su lucha en contra de la dictadura y sufri\u00f3 los embates de ese r\u00e9gimen a ra\u00edz del&nbsp;<strong>desembarco guerrillero del 14 de junio de 1959<\/strong>, en el cual salv\u00f3 su vida milagrosamente.&nbsp;<\/p>\n\n\n\n<p>Luego del golpe de Estado que termin\u00f3 con la presidencia del Profesor Juan Bosch,&nbsp;<strong>primer gobierno leg\u00edtimamente democr\u00e1tico, despu\u00e9s de la dictadura de Trujillo<\/strong>, bajo la orientaci\u00f3n pol\u00edtica del Movimiento 14 de Junio y de su l\u00edder,&nbsp;<strong>Manolo Tav\u00e1rez Justo<\/strong>, el 28 de noviembre de ese a\u00f1o&nbsp;<strong>Chanchano se uni\u00f3 al alzamiento guerrillero<\/strong>, a luchar por el<strong>&nbsp;<\/strong>rescate de la Constituci\u00f3n democr\u00e1tica de ese gobierno.<\/p>\n\n\n\n<p><strong>Su larga lucha por la democracia y las libertades en nuestro pa\u00eds no ha conocido descanso<\/strong>: desde la clandestinidad antitrujillista en el Movimiento Revolucionario 14 de Junio hasta la ominosa c\u00e1rcel de \u201cLa 40\u201d y desde su encarcelamiento en la isla Beata hasta las mazmorras de La Victoria.<\/p>\n\n\n\n<p>B\u00e1ez P\u00e9rez manifest\u00f3 que Chanchano a sus noventa a\u00f1os sigue activo, predicando con su vida y con su ejemplo la validez del sacrificio por los derechos del pueblo dominicano para que este pueda vivir&nbsp;<strong>en paz, en democracia y en el respeto a la ley.<\/strong><\/p>\n\n\n\n<p><strong>Jos\u00e9 Daniel Ariza Cabral<\/strong><\/p>\n\n\n\n<p>La semblanza de Jos\u00e9 Daniel Ariza Cabral fue le\u00edda por el historiador y director del Archivo General de la Naci\u00f3n,&nbsp;<strong>Roberto Cass\u00e1, amigo de la familia Ariza desde hace muchos a\u00f1os<\/strong>, quien lo defini\u00f3 como un ser humano excepcional, adem\u00e1s de ser un&nbsp;<strong>dominicano integral<\/strong>&nbsp;identificado personalmente con la suerte del pueblo dominicano.<\/p>\n\n\n\n<p>Ariza Cabral es&nbsp;<strong>hijo de una de las primeras v\u00edctimas del r\u00e9gimen de Trujillo, el se\u00f1or Jos\u00e9 Daniel Ariza S\u00e1nchez<\/strong>, quien fue arrestado y torturado en la tenebrosa c\u00e1rcel de Nigua, hasta su muerte.<\/p>\n\n\n\n<p>La expedici\u00f3n del 14 de junio de 1959 le sorprendi\u00f3 trabajando en Constanza y sigui\u00f3 de cerca los enfrentamientos. Fundador del movimiento clandestino \u201c14 de junio\u201d&nbsp;<strong>junto a Manolo Tav\u00e1rez Justo y Minerva Mirabal,<\/strong>&nbsp;comparti\u00f3 prisi\u00f3n con ambos en la c\u00e1rcel de La Victoria. Estaba encerrado cuando fue decapitada la tiran\u00eda y al salir de las mazmorras,&nbsp;<strong>se integr\u00f3 activamente en las luchas por la destrujillizaci\u00f3n<\/strong>, en las cuales enfrent\u00f3 a los llamados \u201cpaleros de Bal\u00e1\u201d.<\/p>\n\n\n\n<p>Particip\u00f3 como combatiente en la&nbsp;<strong>guerrilla de Las Manaclas,<\/strong>&nbsp;entre noviembre y diciembre de 1963, y&nbsp;<strong>no acept\u00f3 la decisi\u00f3n de Manolo Tav\u00e1rez y otros revolucionarios de entregarse a las autoridades bajo promesa de que su vida ser\u00eda respetada<\/strong>. Manolo y el grueso de la guerrilla, tras entregarse,&nbsp;<strong>fueron asesinados<\/strong>&nbsp;por las tropas militares, mientras que Ariza Cabral logr\u00f3 burlar el cerco, entr\u00f3 a Santiago y posteriormente a Santo Domingo.<\/p>\n\n\n\n<p><strong>Fue un destacado soldado durante la revoluci\u00f3n de abril de 1965<\/strong>&nbsp;y durante los 12 a\u00f1os de Joaqu\u00edn Balaguer se mantuvo en las filas revolucionarias combinando su labor de constructor con las actividades pol\u00edticas.<\/p>\n\n\n\n<p>Sus memorias fueron plasmadas en dos libros: el primero, \u201c<strong>Lo que pas\u00f3 en Constanza en junio de 1959\u201d,<\/strong>&nbsp;un relato pormenorizado del desenvolvimiento de las operaciones militares, y sus memorias, tituladas&nbsp;<strong>\u201cTestimonios de un combatiente revolucionario\u201d<\/strong>, publicadas en 2018. Falleci\u00f3 en Santo Domingo, el 18 de octubre de 2022.&nbsp;<\/p>\n\n\n\n<p><strong>M\u00e1ximo L\u00f3pez Molina<\/strong><\/p>\n\n\n\n<p>De su lado, la<strong>&nbsp;semblanza de M\u00e1ximo L\u00f3pez Molina fue le\u00edda por su compa\u00f1ero de lucha Cayetano Rodr\u00edguez del Prado<\/strong>, quien dijo que el l\u00edder del Movimiento Popular Dominicano (MPD), fue un fiel&nbsp;<strong>defensor de la libertad y de la democracia<\/strong>&nbsp;que, al enfrentar la dictadura de Trujillo, fue&nbsp;<strong>encarcelado, condenado y mandado al exilio<\/strong>&nbsp;a diversos lugares del mundo.<\/p>\n\n\n\n<p>L\u00f3pez Molina inici\u00f3 su destacada lucha en contra del trujillismo a los 19 a\u00f1os de edad, en 1945, cuando&nbsp;<strong>ingres\u00f3 a la clandestina \u201cJuventud Revolucionaria\u201d.<\/strong>&nbsp;Fue expulsado de la Universidad de Santo Domingo y encarcelado por sus actividades contra Trujillo.<\/p>\n\n\n\n<p><strong>En 1949<\/strong>, en el desembarco por la&nbsp;<strong>bah\u00eda de Luper\u00f3n<\/strong>, Puerto Plata, form\u00f3 parte de una c\u00e9lula de resistencia. Fue hecho preso y condenado a 30 a\u00f1os de prisi\u00f3n.<\/p>\n\n\n\n<p>Amnistiado en febrero de 1950, logr\u00f3 asilarse en la embajada de M\u00e9xico, con la mediaci\u00f3n de monse\u00f1or Pittini, desde donde&nbsp;<strong>lleg\u00f3 a Cuba<\/strong>, para integrarse a la lucha contra el r\u00e9gimen de Fulgencio Batista; en septiembre de 1953&nbsp;<strong>fue encarcelado por la dictadura cubana, junto a otros dominicanos, por sus actividades a favor de la democracia en ese pa\u00eds.&nbsp;<\/strong><\/p>\n\n\n\n<p>El 20 de febrero de 1956 fund\u00f3 en Cuba el&nbsp;<strong>Movimiento Popular Dominicano (MPD), junto a un grupo de exiliados dominicanos.&nbsp;<\/strong><\/p>\n\n\n\n<p><strong>El 5 junio de 1960 regres\u00f3 del exilio de Cuba a enfrentar a Trujillo<\/strong>. El ajusticiamiento de dictador, el 30 de mayo de 1961, le encontr\u00f3 preso en la c\u00e1rcel en \u201cLa Victoria\u201d, de donde sali\u00f3 para ser&nbsp;<strong>deportado por Ramfis Trujillo.<\/strong>Ocho d\u00edas despu\u00e9s regres\u00f3 a Santo Domingo por v\u00eda a\u00e9rea, con documentaci\u00f3n facilitada por el Arzobispado como cura cat\u00f3lico, para luego apresado y de nuevo desterrado del pa\u00eds.<\/p>\n\n\n\n<p>Volvi\u00f3 a ingresar a territorio dominicano por diversas v\u00edas y tantas otras veces fue deportado. Su lucha desde el exilio lo llev\u00f3 por muchos lugares del mundo donde fue recibido por sus m\u00e1s altos l\u00edderes.&nbsp;<\/p>\n\n\n\n<p>El fundador del MPD ofreci\u00f3&nbsp;<strong>apoyo y orientaci\u00f3n a cientos de exiliados dominicanos en diversos lugares del mundo<\/strong>&nbsp;en su lucha por la libertad y la democracia en la Rep\u00fablica Dominicana. Falleci\u00f3 el 22 de agosto de 2021 en Par\u00eds, Francia.<\/p>\n","protected":false},"excerpt":{"rendered":"<p>Santo Domingo.-&nbsp;El presidente Luis Abinader&nbsp;condecor\u00f3 este mi\u00e9rcoles con la&nbsp;Orden del M\u00e9rito de Duarte, S\u00e1nchez y Mella&nbsp;en el grado de Comendador, a&nbsp;Juan Germ\u00e1n Arias&nbsp;y de manera p\u00f3stuma a&nbsp;Jos\u00e9 Daniel Ariza Cabral,&nbsp;fundadores&hellip; <\/p>\n","protected":false},"author":2,"featured_media":3550,"comment_status":"open","ping_status":"open","sticky":false,"template":"","format":"standard","meta":{"fifu_image_url":"","fifu_image_alt":"","footnotes":""},"categories":[12],"tags":[],"class_list":["post-3549","post","type-post","status-publish","format-standard","has-post-thumbnail","hentry","category-agenda-politica"],"_links":{"self":[{"href":"https:\/\/elmundodelapolitica.com\/v1\/wp-json\/wp\/v2\/posts\/3549","targetHints":{"allow":["GET"]}}],"collection":[{"href":"https:\/\/elmundodelapolitica.com\/v1\/wp-json\/wp\/v2\/posts"}],"about":[{"href":"https:\/\/elmundodelapolitica.com\/v1\/wp-json\/wp\/v2\/types\/post"}],"author":[{"embeddable":true,"href":"https:\/\/elmundodelapolitica.com\/v1\/wp-json\/wp\/v2\/users\/2"}],"replies":[{"embeddable":true,"href":"https:\/\/elmundodelapolitica.com\/v1\/wp-json\/wp\/v2\/comments?post=3549"}],"version-history":[{"count":1,"href":"https:\/\/elmundodelapolitica.com\/v1\/wp-json\/wp\/v2\/posts\/3549\/revisions"}],"predecessor-version":[{"id":3551,"href":"https:\/\/elmundodelapolitica.com\/v1\/wp-json\/wp\/v2\/posts\/3549\/revisions\/3551"}],"wp:featuredmedia":[{"embeddable":true,"href":"https:\/\/elmundodelapolitica.com\/v1\/wp-json\/wp\/v2\/media\/3550"}],"wp:attachment":[{"href":"https:\/\/elmundodelapolitica.com\/v1\/wp-json\/wp\/v2\/media?parent=3549"}],"wp:term":[{"taxonomy":"category","embeddable":true,"href":"https:\/\/elmundodelapolitica.com\/v1\/wp-json\/wp\/v2\/categories?post=3549"},{"taxonomy":"post_tag","embeddable":true,"href":"https:\/\/elmundodelapolitica.com\/v1\/wp-json\/wp\/v2\/tags?post=3549"}],"curies":[{"name":"wp","href":"https:\/\/api.w.org\/{rel}","templated":true}]}}