{"id":3537,"date":"2023-06-14T14:02:27","date_gmt":"2023-06-14T18:02:27","guid":{"rendered":"https:\/\/elmundodelapolitica.com\/v1\/?p=3537"},"modified":"2023-06-14T14:02:27","modified_gmt":"2023-06-14T18:02:27","slug":"aici-colombia-elige-a-la-dominicana-laura-villaman-como-su-vp-de-marketing","status":"publish","type":"post","link":"https:\/\/elmundodelapolitica.com\/v1\/aici-colombia-elige-a-la-dominicana-laura-villaman-como-su-vp-de-marketing\/","title":{"rendered":"AICI Colombia elige a la dominicana Laura Villam\u00e1n como su VP de Marketing."},"content":{"rendered":"<div>\n<p><strong>Santo Domingo, junio 2023<\/strong>.- La Asociaci\u00f3n\u00a0Internacional de Consultores de Imagen (AICI),\u00a0en su Cap\u00edtulo Colombia,\u00a0elige a la mercad\u00f3loga y asesora de imagen,\u00a0<strong>Laura Villam\u00e1n<\/strong>\u00a0como su vicepresidenta de Marketing hasta el 2024.<\/p>\n<figure class=\"wp-block-image\"><img decoding=\"async\" src=\"https:\/\/i0.wp.com\/tecnomarketingtel.com\/wp-content\/uploads\/2023\/06\/IMG_004_-Laura-Villaman-estilista-cabecera-de-la-imagen-de-Jatna-Tavarez-para-Premios-Soberanos-desde-el-2017.jpeg?w=1110&amp;ssl=1\" alt=\"\" class=\"wp-image-26816\" data-recalc-dims=\"1\"><\/figure>\n<p>Villam\u00e1n, es la primera dominicana en ser miembro de esta entidad y qui\u00e9n desde el\u00a02014 ofrece consultor\u00edas en imagen, abarcando diagn\u00f3sticos en colorimetr\u00eda, morfolog\u00eda de cuerpos, adem\u00e1s, en asuntos de Marketing de Moda a tiendas y centros comerciales. La profesional asesora en imagen, es\u00a0egresada de la carrera de Mercado en UNIBE, con una concentraci\u00f3n en Finanzas.\u00a0Asesora de Imagen certificada por el Instituto Maison Aubele en Buenos Aires, Argentina; Personal Stylist por\u00a0<strong>BISA International\u00a0<\/strong>en Barranquilla, Colombia, Estilismo por la Escuela Altos de Chav\u00f3n. Creadora del m\u00e9todo\u00a0<strong><em>Planifica tus Atuendos<\/em><\/strong>\u00a0en Rep\u00fablica Dominicana.<\/p>\n<figure class=\"wp-block-image\"><img data-attachment-id=\"26817\" data-permalink=\"https:\/\/elmundodelosnegocios.com.do\/v1\/index.php\/2023\/03\/22\/inicia-importante-torneo-corales-puntacana-championship-pga-tour\/rueda-de-prensa-corales-puntacana-championship\/\" data-orig-file=\"https:\/\/i0.wp.com\/elmundodelosnegocios.com.do\/v1\/wp-content\/uploads\/2023\/03\/Rueda-de-Prensa-Corales-Puntacana-Championship.jpg?fit=1072%2C715&amp;ssl=1\" data-orig-size=\"1072,715\" data-comments-opened=\"0\" data-image-meta='{\"aperture\":\"0\",\"credit\":\"\",\"camera\":\"\",\"caption\":\"\",\"created_timestamp\":\"0\",\"copyright\":\"\",\"focal_length\":\"0\",\"iso\":\"0\",\"shutter_speed\":\"0\",\"title\":\"\",\"orientation\":\"0\"}' data-image-title=\"Rueda de Prensa Corales Puntacana Championship\" data-image-description=\"\" data-image-caption=\"\" data-medium-file=\"https:\/\/i0.wp.com\/elmundodelosnegocios.com.do\/v1\/wp-content\/uploads\/2023\/03\/Rueda-de-Prensa-Corales-Puntacana-Championship.jpg?fit=300%2C200&amp;ssl=1\" data-large-file=\"https:\/\/i0.wp.com\/elmundodelosnegocios.com.do\/v1\/wp-content\/uploads\/2023\/03\/Rueda-de-Prensa-Corales-Puntacana-Championship.jpg?fit=1024%2C683&amp;ssl=1\" decoding=\"async\" src=\"https:\/\/i0.wp.com\/tecnomarketingtel.com\/wp-content\/uploads\/2023\/06\/IMG-003-Laura-Villaman-Desde-el-2014-ofrece-consultorias-en-imagen-abarcando-diagnosticos-en-colorimetria-morfologia-de-cuerpos-1024x729.jpeg?resize=1024,729&amp;ssl=1\" alt=\"\" class=\"wp-image-26817\" data-recalc-dims=\"1\"><\/figure>\n<p>Desde el 2014, la dominicana viene creando experiencias para la moda de retail y el marketing, poniendo su talento al servicio del sector privado. En el 2015\u00a0se abre espacio en el mundo de las consultor\u00edas de imagen a trav\u00e9s de\u00a0<strong>Combinalo<\/strong>, una plataforma que ofrece asesor\u00edas, capacitaciones empresariales, personal styling\u00a0and shooper a personas, tiendas y centros comerciales.<\/p>\n<p>De acuerdo con un comunicado, Villam\u00e1n asume sus funciones con asiento en Rep\u00fablica Dominicana, para convertirse en la primera dominicana en ocupar una posici\u00f3n en la junta directiva de la prestigiosa organizaci\u00f3n.<\/p>\n<p>\u00abEstoy feliz de asumir este desaf\u00edo. Una oportunidad de continuar profesionalizando esta hermosa vocaci\u00f3n\u00a0de los Consultores en Imagen, especialidad que demanda capacitarse constantemente, estar actualizados en tendencias globales. Mi compromiso a trav\u00e9s de mi rol, es democratizar el poder que tiene la imagen, sobre la autoestima en las personas y la responsabilidad que tenemos como Asesores de conducir al \u00e9xito o al fracaso de quienes conf\u00edan su imagen personal en nuestro oficio\u00ab, destac\u00f3 la profesional.<\/p>\n<p>Desde el 2017, Villam\u00e1n es la estilista cabecera de la imagen de la afamada comunicadora dominicana Jatna Tav\u00e1rez para los Premios Soberanos. En el \u00e1mbito de imagen pol\u00edtica, se ocupa de las elecciones de estilismo de la vicepresidenta de la C\u00e1mara de Diputados, Lic. Olfanny M\u00e9ndez y Ely Encarnaci\u00f3n, sub-directora general de la Direcci\u00f3n General de Migraci\u00f3n para sus respectivas rendiciones de cuentas en Rep\u00fablica Dominicana.<\/p>\n<p><strong>Sobre la Asociaci\u00f3<\/strong><strong>n Internacional de Consultores de Imagen (AICI)<\/strong><\/p>\n<p>Es la principal y m\u00e1s grande asociaci\u00f3n profesional de asesores de imagen personal y corporativa a nivel mundial. Sus miembros asesoran a clientes individuales y corporativos sobre apariencia, comportamiento, comunicaci\u00f3n y habilidades blandas. Como expertos en consultor\u00eda de imagen, sus profesionales gu\u00edan a los clientes a alcanzar sus objetivos espec\u00edficos con autenticidad, credibilidad y confianza. AICI fue fundada en Estados Unidos en 1990 y hoy en d\u00eda cuenta con aproximadamente 1,400 miembros alrededor del mundo en m\u00e1s de 60 pa\u00edses. Est\u00e1 conformada por profesionales en la industria de la imagen, comprometidos con la capacitaci\u00f3n contin\u00faa de sus miembros, impartiendo diversos cursos y talleres, tanto para especialistas como para el p\u00fablico en general.<\/p>\n<p>La organizaci\u00f3n llev\u00f3 a cabo su Congreso Global Anual que se celebra cada 2 a\u00f1os y por primera vez en el caribe el pasado 8 al 11 de junio en el Centro de Convenciones del hotel Barcel\u00f3 B\u00e1varo, Punta Cana. El evento reuni\u00f3 a grandes personalidades del mundo de la Imagen, como\u00a0<em>Alyce Parsons, Carla Mathis y Judith Rasband<\/em>\u00a0donde compartieron conocimientos, herramientas. El programa incluy\u00f3 m\u00e1s de 30 horas de capacitaci\u00f3n continua con una amplia variedad de presentaciones, paneles de discusi\u00f3n, talleres y sesiones plenarias en las que se abordaron temas como el futuro de la imagen, la sustentabilidad y el metaverso, entre otras.<\/p>\n<\/div>\n","protected":false},"excerpt":{"rendered":"<p>Santo Domingo, junio 2023.- La Asociaci\u00f3n\u00a0Internacional de Consultores de Imagen (AICI),\u00a0en su Cap\u00edtulo Colombia,\u00a0elige a la mercad\u00f3loga y asesora de imagen,\u00a0Laura Villam\u00e1n\u00a0como su vicepresidenta de Marketing hasta el 2024. Villam\u00e1n,&hellip; <\/p>\n","protected":false},"author":2,"featured_media":3538,"comment_status":"closed","ping_status":"closed","sticky":false,"template":"","format":"standard","meta":{"fifu_image_url":"https:\/\/i0.wp.com\/tecnomarketingtel.com\/wp-content\/uploads\/2023\/06\/IMG_004_-Laura-Villaman-estilista-cabecera-de-la-imagen-de-Jatna-Tavarez-para-Premios-Soberanos-desde-el-2017.jpeg?w=1110&ssl=1","fifu_image_alt":"AICI Colombia elige a la dominicana Laura Villam\u00e1n como su VP de Marketing.","footnotes":""},"categories":[63],"tags":[],"class_list":["post-3537","post","type-post","status-publish","format-standard","has-post-thumbnail","hentry","category-actualidad"],"_links":{"self":[{"href":"https:\/\/elmundodelapolitica.com\/v1\/wp-json\/wp\/v2\/posts\/3537","targetHints":{"allow":["GET"]}}],"collection":[{"href":"https:\/\/elmundodelapolitica.com\/v1\/wp-json\/wp\/v2\/posts"}],"about":[{"href":"https:\/\/elmundodelapolitica.com\/v1\/wp-json\/wp\/v2\/types\/post"}],"author":[{"embeddable":true,"href":"https:\/\/elmundodelapolitica.com\/v1\/wp-json\/wp\/v2\/users\/2"}],"replies":[{"embeddable":true,"href":"https:\/\/elmundodelapolitica.com\/v1\/wp-json\/wp\/v2\/comments?post=3537"}],"version-history":[{"count":0,"href":"https:\/\/elmundodelapolitica.com\/v1\/wp-json\/wp\/v2\/posts\/3537\/revisions"}],"wp:featuredmedia":[{"embeddable":true,"href":"https:\/\/elmundodelapolitica.com\/v1\/wp-json\/wp\/v2\/media\/3538"}],"wp:attachment":[{"href":"https:\/\/elmundodelapolitica.com\/v1\/wp-json\/wp\/v2\/media?parent=3537"}],"wp:term":[{"taxonomy":"category","embeddable":true,"href":"https:\/\/elmundodelapolitica.com\/v1\/wp-json\/wp\/v2\/categories?post=3537"},{"taxonomy":"post_tag","embeddable":true,"href":"https:\/\/elmundodelapolitica.com\/v1\/wp-json\/wp\/v2\/tags?post=3537"}],"curies":[{"name":"wp","href":"https:\/\/api.w.org\/{rel}","templated":true}]}}