{"id":3533,"date":"2023-06-14T08:38:19","date_gmt":"2023-06-14T12:38:19","guid":{"rendered":"https:\/\/elmundodelapolitica.com\/v1\/?p=3533"},"modified":"2023-06-14T08:38:19","modified_gmt":"2023-06-14T12:38:19","slug":"provee-fundacion-altice-conectividad-permitira-acceso-tecnologico-mas-1500-estudiantes-herrera","status":"publish","type":"post","link":"https:\/\/elmundodelapolitica.com\/v1\/provee-fundacion-altice-conectividad-permitira-acceso-tecnologico-mas-1500-estudiantes-herrera\/","title":{"rendered":"Provee Fundaci\u00f3n Altice conectividad permitir\u00e1 acceso tecnol\u00f3gico m\u00e1s 1,500 estudiantes Herrera"},"content":{"rendered":"<div>\n<p><strong>Santo Domingo<\/strong>, R.D. Junio 14, 2023.-\u00a0M\u00e1s de 1,500 estudiantes del Colegio Semioficial La Hora De Dios recibir\u00e1n educaci\u00f3n tecnol\u00f3gica en espacios acondicionados, mediante la donaci\u00f3n de equipos inform\u00e1ticos, internet de alta velocidad y otros suministros donados por Fundaci\u00f3n Altice, a un costo superior al mill\u00f3n de pesos. La contribuci\u00f3n realizada al centro educativo, ubicado en el sector Buenos Aires de Herrera, forma parte de los esfuerzos que realiza la fundaci\u00f3n para reducir la brecha digital en la Rep\u00fablica Dominicana.<\/p>\n<figure class=\"wp-block-image size-large\"><img data-attachment-id=\"28779\" data-permalink=\"https:\/\/elmundodelosnegocios.com.do\/v1\/index.php\/2023\/06\/14\/provee-fundacion-altice-conectividad-permitira-acceso-tecnologico-mas-1500-estudiantes-herrera\/foto-principal-alexis-ramos-arelis-cadena-themys-caamano-montserrat-muniz-liza-arzeno-y-clara-josefina-henriquez\/\" data-orig-file=\"https:\/\/i0.wp.com\/elmundodelosnegocios.com.do\/v1\/wp-content\/uploads\/2023\/06\/Foto-Principal-Alexis-Ramos-Arelis-Cadena-Themys-Caamano-Montserrat-Muniz-Liza-Arzeno-y-Clara-Josefina-Henriquez.jpg?fit=1080%2C859&amp;ssl=1\" data-orig-size=\"1080,859\" data-comments-opened=\"0\" data-image-meta='{\"aperture\":\"4\",\"credit\":\"\",\"camera\":\"ILCE-7M4\",\"caption\":\"\",\"created_timestamp\":\"1686148635\",\"copyright\":\"u00a9 Daniel Garcu00eda\",\"focal_length\":\"25\",\"iso\":\"500\",\"shutter_speed\":\"0.004\",\"title\":\"\",\"orientation\":\"1\"}' data-image-title=\"Foto Principal \u2013 Alexis Ramos, Arelis Cadena, Themys Caama\u00f1o, Montserrat Mu\u00f1iz, Liza Arzeno y Clara Josefina Henr\u00edquez\" data-image-description=\"&lt;p&gt;Alexis Ramos, Arelis Cadena, Themys Caama\u00f1o, Montserrat Mu\u00f1iz, Liza Arzeno y Clara Josefina Henr\u00edquez&lt;\/p&gt;\n\" data-image-caption=\"&lt;p&gt;Alexis Ramos, Arelis Cadena, Themys Caama\u00f1o, Montserrat Mu\u00f1iz, Liza Arzeno y Clara Josefina Henr\u00edquez&lt;\/p&gt;\n\" data-medium-file=\"https:\/\/i0.wp.com\/elmundodelosnegocios.com.do\/v1\/wp-content\/uploads\/2023\/06\/Foto-Principal-Alexis-Ramos-Arelis-Cadena-Themys-Caamano-Montserrat-Muniz-Liza-Arzeno-y-Clara-Josefina-Henriquez.jpg?fit=300%2C239&amp;ssl=1\" data-large-file=\"https:\/\/i0.wp.com\/elmundodelosnegocios.com.do\/v1\/wp-content\/uploads\/2023\/06\/Foto-Principal-Alexis-Ramos-Arelis-Cadena-Themys-Caamano-Montserrat-Muniz-Liza-Arzeno-y-Clara-Josefina-Henriquez.jpg?fit=1024%2C814&amp;ssl=1\" decoding=\"async\" loading=\"lazy\" width=\"1024\" height=\"814\" src=\"https:\/\/i0.wp.com\/elmundodelosnegocios.com.do\/v1\/wp-content\/uploads\/2023\/06\/Foto-Principal-Alexis-Ramos-Arelis-Cadena-Themys-Caamano-Montserrat-Muniz-Liza-Arzeno-y-Clara-Josefina-Henriquez.jpg?resize=1024,814\" alt=\"Alexis Ramos, Arelis Cadena, Themys Caama\u00f1o, Montserrat Mu\u00f1iz, Liza Arzeno y Clara Josefina Henr\u00edquez\" class=\"wp-image-28779\" srcset=\"https:\/\/i0.wp.com\/elmundodelosnegocios.com.do\/v1\/wp-content\/uploads\/2023\/06\/Foto-Principal-Alexis-Ramos-Arelis-Cadena-Themys-Caamano-Montserrat-Muniz-Liza-Arzeno-y-Clara-Josefina-Henriquez.jpg?resize=1024,814&amp;ssl=1 1024w, https:\/\/i0.wp.com\/elmundodelosnegocios.com.do\/v1\/wp-content\/uploads\/2023\/06\/Foto-Principal-Alexis-Ramos-Arelis-Cadena-Themys-Caamano-Montserrat-Muniz-Liza-Arzeno-y-Clara-Josefina-Henriquez.jpg?resize=300%2C239&amp;ssl=1 300w, https:\/\/i0.wp.com\/elmundodelosnegocios.com.do\/v1\/wp-content\/uploads\/2023\/06\/Foto-Principal-Alexis-Ramos-Arelis-Cadena-Themys-Caamano-Montserrat-Muniz-Liza-Arzeno-y-Clara-Josefina-Henriquez.jpg?resize=768%2C611&amp;ssl=1 768w, https:\/\/i0.wp.com\/elmundodelosnegocios.com.do\/v1\/wp-content\/uploads\/2023\/06\/Foto-Principal-Alexis-Ramos-Arelis-Cadena-Themys-Caamano-Montserrat-Muniz-Liza-Arzeno-y-Clara-Josefina-Henriquez.jpg?w=1080&amp;ssl=1 1080w\" sizes=\"auto, (max-width: 1024px) 100vw, 1024px\" data-recalc-dims=\"1\"><figcaption class=\"wp-element-caption\">Alexis Ramos, Arelis Cadena, Themys Caama\u00f1o, Montserrat Mu\u00f1iz, Liza Arzeno y Clara Josefina Henr\u00edquez<\/figcaption><\/figure>\n<p>El centro, que es dirigido por voluntarios fundadores de la Asociaci\u00f3n La Hora de Dios y que tiene a cargo de la parte pedag\u00f3gica a integrantes de la Congregaci\u00f3n Religiosas Concepcionistas Misioneras de la Ense\u00f1anza, recibi\u00f3 como parte de la contribuci\u00f3n, 15 computadoras, internet asim\u00e9trico de 150 Mbps\/ 50 Mbps y potentes aires acondicionados. Asimismo, fue adecuada su sala de inform\u00e1tica, donde se colocaron ventanales aislantes de sonido, sistema de iluminaci\u00f3n acorde con las necesidades del espacio y otras intervenciones.<\/p>\n<p>La directora de Fundaci\u00f3n Altice, Liza Arzeno,\u00a0explic\u00f3 que los esfuerzos por reducir la brecha digital en el pa\u00eds se relacionan con el compromiso que tiene la empresa de aportar a la eliminaci\u00f3n de las desigualdades y a facilitar el desarrollo de las poblaciones que viven en condiciones de vulnerabilidad.<\/p>\n<div class=\"wp-block-image\">\n<figure class=\"aligncenter size-large\"><img data-attachment-id=\"28780\" data-permalink=\"https:\/\/elmundodelosnegocios.com.do\/v1\/index.php\/2023\/06\/14\/provee-fundacion-altice-conectividad-permitira-acceso-tecnologico-mas-1500-estudiantes-herrera\/foto-de-apoyo-1-alexis-ramos-montserrat-muniz-liza-arzeno-y-clara-josefina-henriquez\/\" data-orig-file=\"https:\/\/i0.wp.com\/elmundodelosnegocios.com.do\/v1\/wp-content\/uploads\/2023\/06\/Foto-de-apoyo-1-Alexis-Ramos-Montserrat-Muniz-Liza-Arzeno-y-Clara-Josefina-Henriquez.jpg?fit=1080%2C720&amp;ssl=1\" data-orig-size=\"1080,720\" data-comments-opened=\"0\" data-image-meta='{\"aperture\":\"4\",\"credit\":\"\",\"camera\":\"ILCE-7M4\",\"caption\":\"\",\"created_timestamp\":\"1686148791\",\"copyright\":\"u00a9 Daniel Garcu00eda\",\"focal_length\":\"48\",\"iso\":\"640\",\"shutter_speed\":\"0.0025\",\"title\":\"\",\"orientation\":\"1\"}' data-image-title=\"Foto-de-apoyo-1-Alexis-Ramos-Montserrat-Muniz-Liza-Arzeno-y-Clara-Josefina-Henriquez\" data-image-description=\"&lt;p&gt;Alexis Ramos, Montserrat Mu\u00f1iz, Liza Arzeno y Clara Josefina Henr\u00edquez&lt;\/p&gt;\n\" data-image-caption=\"&lt;p&gt;Alexis Ramos, Montserrat Mu\u00f1iz, Liza Arzeno y Clara Josefina Henr\u00edquez&lt;\/p&gt;\n\" data-medium-file=\"https:\/\/i0.wp.com\/elmundodelosnegocios.com.do\/v1\/wp-content\/uploads\/2023\/06\/Foto-de-apoyo-1-Alexis-Ramos-Montserrat-Muniz-Liza-Arzeno-y-Clara-Josefina-Henriquez.jpg?fit=300%2C200&amp;ssl=1\" data-large-file=\"https:\/\/i0.wp.com\/elmundodelosnegocios.com.do\/v1\/wp-content\/uploads\/2023\/06\/Foto-de-apoyo-1-Alexis-Ramos-Montserrat-Muniz-Liza-Arzeno-y-Clara-Josefina-Henriquez.jpg?fit=1024%2C683&amp;ssl=1\" decoding=\"async\" loading=\"lazy\" width=\"1024\" height=\"683\" src=\"https:\/\/i0.wp.com\/elmundodelosnegocios.com.do\/v1\/wp-content\/uploads\/2023\/06\/Foto-de-apoyo-1-Alexis-Ramos-Montserrat-Muniz-Liza-Arzeno-y-Clara-Josefina-Henriquez-1024x683.jpg?resize=1024,683&amp;ssl=1\" alt=\"\" class=\"wp-image-28780\" srcset=\"https:\/\/i0.wp.com\/elmundodelosnegocios.com.do\/v1\/wp-content\/uploads\/2023\/06\/Foto-de-apoyo-1-Alexis-Ramos-Montserrat-Muniz-Liza-Arzeno-y-Clara-Josefina-Henriquez.jpg?resize=1024%2C683&amp;ssl=1 1024w, https:\/\/i0.wp.com\/elmundodelosnegocios.com.do\/v1\/wp-content\/uploads\/2023\/06\/Foto-de-apoyo-1-Alexis-Ramos-Montserrat-Muniz-Liza-Arzeno-y-Clara-Josefina-Henriquez.jpg?resize=300%2C200&amp;ssl=1 300w, https:\/\/i0.wp.com\/elmundodelosnegocios.com.do\/v1\/wp-content\/uploads\/2023\/06\/Foto-de-apoyo-1-Alexis-Ramos-Montserrat-Muniz-Liza-Arzeno-y-Clara-Josefina-Henriquez.jpg?resize=768%2C512&amp;ssl=1 768w, https:\/\/i0.wp.com\/elmundodelosnegocios.com.do\/v1\/wp-content\/uploads\/2023\/06\/Foto-de-apoyo-1-Alexis-Ramos-Montserrat-Muniz-Liza-Arzeno-y-Clara-Josefina-Henriquez.jpg?w=1080&amp;ssl=1 1080w\" sizes=\"auto, (max-width: 1024px) 100vw, 1024px\" data-recalc-dims=\"1\"><figcaption class=\"wp-element-caption\">Alexis Ramos, Montserrat Mu\u00f1iz, Liza Arzeno y Clara Josefina Henr\u00edquez<\/figcaption><\/figure>\n<\/div>\n<p>\u201cLa ense\u00f1anza de las nuevas tecnolog\u00edas es clave para construir una ciudadan\u00eda orientada al desarrollo y comprometida con valores de productividad y cohesi\u00f3n social. En Altice somos conscientes del potencial que hay en cada joven estudiante dominicano, por eso hacemos nuestro mayor esfuerzo por formar parte de la soluci\u00f3n ante los desaf\u00edos que tenemos como sociedad, y la formaci\u00f3n de calidad es el camino \u00f3ptimo y seguro para lograrlo\u201d.<\/p>\n<p>En ese sentido, Monserrat Muniz Piniella, presidenta de la Asociaci\u00f3n La Hora De Dios, manifest\u00f3 su satisfacci\u00f3n por la cooperaci\u00f3n recibida para el bienestar de la comunidad de Buenos Aires:<\/p>\n<p>\u201cDesde la fundaci\u00f3n del colegio en la d\u00e9cada de los 70, todo lo que hemos logrado en nuestros estudiantes y sus familias se ha basado en la colaboraci\u00f3n de personas, empresas y organizaciones. Hemos convertido la vocaci\u00f3n de servicio en un valor de comunidad, y hoy esta donaci\u00f3n nos facilita nuevas herramientas para apoyar a los estudiantes en la expansi\u00f3n de sus prop\u00f3sitos de vida y la apertura a generar comunidades de servicio y desarrollo a trav\u00e9s de otras v\u00edas\u201d.<\/p>\n<p>La Asociaci\u00f3n La Hora de Dios, Inc. es una instituci\u00f3n sin fines de lucro de car\u00e1cter social y educativo,\u00a0fundada hace m\u00e1s de 50 a\u00f1os por un grupo de damas cat\u00f3licas, que logran sustentar esta obra gracias a la gesti\u00f3n que realizan para conseguir el apoyo de diferentes instituciones. Esta obra social se ciment\u00f3 en el concepto de que sus colaboradores invirtieran su tiempo para trabajar por los m\u00e1s necesitados, de aqu\u00ed su nombre.<\/p>\n<p>El Colegio \u201cLa Hora de Dios\u201d, propiedad de la entidad \u201cDamas de la Asociaci\u00f3n la Hora de Dios, tiene 1, 500 estudiantes de nivel preuniversitario, cuyas edades comprende entre los tres a 17 a\u00f1os.<\/p>\n<p>Con los aportes recibidos, la Hora De Dios impartir\u00e1 nuevos talleres a sus estudiantes. Tambi\u00e9n facilitar\u00e1 formaci\u00f3n t\u00e9cnica a los j\u00f3venes de la comunidad, quienes han manifestado su avidez para acceder a este tipo de capacitaciones. Adem\u00e1s de la escuela, la Asociaci\u00f3n opera una guarder\u00eda de doble turno, con 110 ni\u00f1os de 6 meses hasta los 5 a\u00f1os, la cual ser\u00e1 beneficiada con la donaci\u00f3n.\u00a0<\/p>\n<\/div>\n","protected":false},"excerpt":{"rendered":"<p>Santo Domingo, R.D. Junio 14, 2023.-\u00a0M\u00e1s de 1,500 estudiantes del Colegio Semioficial La Hora De Dios recibir\u00e1n educaci\u00f3n tecnol\u00f3gica en espacios acondicionados, mediante la donaci\u00f3n de equipos inform\u00e1ticos, internet de&hellip; <\/p>\n","protected":false},"author":2,"featured_media":3534,"comment_status":"closed","ping_status":"closed","sticky":false,"template":"","format":"standard","meta":{"fifu_image_url":"https:\/\/i0.wp.com\/elmundodelosnegocios.com.do\/v1\/wp-content\/uploads\/2023\/06\/Foto-Principal-Alexis-Ramos-Arelis-Cadena-Themys-Caamano-Montserrat-Muniz-Liza-Arzeno-y-Clara-Josefina-Henriquez.jpg?resize=1024,814","fifu_image_alt":"Provee Fundaci\u00f3n Altice conectividad permitir\u00e1 acceso tecnol\u00f3gico m\u00e1s 1,500 estudiantes Herrera","footnotes":""},"categories":[63],"tags":[],"class_list":["post-3533","post","type-post","status-publish","format-standard","has-post-thumbnail","hentry","category-actualidad"],"_links":{"self":[{"href":"https:\/\/elmundodelapolitica.com\/v1\/wp-json\/wp\/v2\/posts\/3533","targetHints":{"allow":["GET"]}}],"collection":[{"href":"https:\/\/elmundodelapolitica.com\/v1\/wp-json\/wp\/v2\/posts"}],"about":[{"href":"https:\/\/elmundodelapolitica.com\/v1\/wp-json\/wp\/v2\/types\/post"}],"author":[{"embeddable":true,"href":"https:\/\/elmundodelapolitica.com\/v1\/wp-json\/wp\/v2\/users\/2"}],"replies":[{"embeddable":true,"href":"https:\/\/elmundodelapolitica.com\/v1\/wp-json\/wp\/v2\/comments?post=3533"}],"version-history":[{"count":0,"href":"https:\/\/elmundodelapolitica.com\/v1\/wp-json\/wp\/v2\/posts\/3533\/revisions"}],"wp:featuredmedia":[{"embeddable":true,"href":"https:\/\/elmundodelapolitica.com\/v1\/wp-json\/wp\/v2\/media\/3534"}],"wp:attachment":[{"href":"https:\/\/elmundodelapolitica.com\/v1\/wp-json\/wp\/v2\/media?parent=3533"}],"wp:term":[{"taxonomy":"category","embeddable":true,"href":"https:\/\/elmundodelapolitica.com\/v1\/wp-json\/wp\/v2\/categories?post=3533"},{"taxonomy":"post_tag","embeddable":true,"href":"https:\/\/elmundodelapolitica.com\/v1\/wp-json\/wp\/v2\/tags?post=3533"}],"curies":[{"name":"wp","href":"https:\/\/api.w.org\/{rel}","templated":true}]}}