{"id":3524,"date":"2023-06-13T13:27:40","date_gmt":"2023-06-13T17:27:40","guid":{"rendered":"https:\/\/elmundodelapolitica.com\/v1\/?p=3524"},"modified":"2023-06-13T13:27:40","modified_gmt":"2023-06-13T17:27:40","slug":"popular-y-rd-vial-ofreceran-las-recargas-del-servicio-de-paso-rapido-en-canales-digitales-y-oficinas","status":"publish","type":"post","link":"https:\/\/elmundodelapolitica.com\/v1\/popular-y-rd-vial-ofreceran-las-recargas-del-servicio-de-paso-rapido-en-canales-digitales-y-oficinas\/","title":{"rendered":"Popular y RD VIAL ofrecer\u00e1n las recargas del servicio de \u00abPaso R\u00e1pido\u00bb en canales digitales y oficinas"},"content":{"rendered":"<div>\n<p><strong>El convenio incluye recargas para clientes personales y empresariales<\/strong><\/p>\n<p>Santo Domingo, D.N. \u2013 El Banco Popular Dominicano y el fideicomiso p\u00fablico RD Vial suscribieron un acuerdo para ofrecer a los clientes de la entidad bancaria la posibilidad de recargar el servicio de \u00abPaso R\u00e1pido\u00bb a trav\u00e9s de sus canales digitales, Internet Banking y App Popular, as\u00ed como en las \u00e1reas de caja de sus sucursales a nivel nacional, lo cual agrega valor a los clientes de la organizaci\u00f3n financiera, que podr\u00e1n viajar de forma m\u00e1s \u00e1gil y eficiente por la principal red de carreteras dominicanas con estaciones de peaje.<\/p>\n<figure class=\"wp-block-image size-full\"><img loading=\"lazy\" data-attachment-id=\"28740\" data-permalink=\"https:\/\/elmundodelosnegocios.com.do\/v1\/index.php\/2023\/06\/13\/popular-y-rd-vial-ofreceran-las-recargas-del-servicio-de-paso-rapido-en-canales-digitales-y-oficinas\/bpd06224\/\" data-orig-file=\"https:\/\/i0.wp.com\/elmundodelosnegocios.com.do\/v1\/wp-content\/uploads\/2023\/06\/BPD06224.jpg?fit=1000%2C667&amp;ssl=1\" data-orig-size=\"1000,667\" data-comments-opened=\"0\" data-image-meta='{\"aperture\":\"0\",\"credit\":\"\",\"camera\":\"\",\"caption\":\"\",\"created_timestamp\":\"0\",\"copyright\":\"\",\"focal_length\":\"0\",\"iso\":\"0\",\"shutter_speed\":\"0\",\"title\":\"\",\"orientation\":\"0\"}' data-image-title=\"BPD06224\" data-image-description=\"\" data-image-caption=\"\" data-medium-file=\"https:\/\/i0.wp.com\/elmundodelosnegocios.com.do\/v1\/wp-content\/uploads\/2023\/06\/BPD06224.jpg?fit=300%2C200&amp;ssl=1\" data-large-file=\"https:\/\/i0.wp.com\/elmundodelosnegocios.com.do\/v1\/wp-content\/uploads\/2023\/06\/BPD06224.jpg?fit=1000%2C667&amp;ssl=1\" decoding=\"async\" width=\"1000\" height=\"667\" src=\"https:\/\/i0.wp.com\/elmundodelosnegocios.com.do\/v1\/wp-content\/uploads\/2023\/06\/BPD06224.jpg?resize=1000,667&amp;ssl=1\" alt=\"\" class=\"wp-image-28740\" srcset=\"https:\/\/i0.wp.com\/elmundodelosnegocios.com.do\/v1\/wp-content\/uploads\/2023\/06\/BPD06224.jpg?w=1000&amp;ssl=1 1000w, https:\/\/i0.wp.com\/elmundodelosnegocios.com.do\/v1\/wp-content\/uploads\/2023\/06\/BPD06224.jpg?resize=300%2C200&amp;ssl=1 300w, https:\/\/i0.wp.com\/elmundodelosnegocios.com.do\/v1\/wp-content\/uploads\/2023\/06\/BPD06224.jpg?resize=768%2C512&amp;ssl=1 768w\" sizes=\"auto, (max-width: 1000px) 100vw, 1000px\" data-recalc-dims=\"1\"><\/figure>\n<p>Este beneficio aplicar\u00e1 a las recargas de todos los usuarios prepagos y corporativos de \u00abPaso R\u00e1pido\u00bb.<\/p>\n<p>Adem\u00e1s, el Banco Popular permitir\u00e1 a sus clientes realizar el pago desde sus cuentas de ahorro, corrientes o con tarjetas de d\u00e9bito o cr\u00e9dito, el cual se reflejar\u00e1 en tiempo real ya que no tendr\u00e1n que esperar para visualizar el balance y usar su \u00abPaso R\u00e1pido\u00bb.<\/p>\n<figure class=\"wp-block-image size-full\"><img data-attachment-id=\"28741\" data-permalink=\"https:\/\/elmundodelosnegocios.com.do\/v1\/index.php\/2023\/06\/13\/popular-y-rd-vial-ofreceran-las-recargas-del-servicio-de-paso-rapido-en-canales-digitales-y-oficinas\/bpd06231\/\" data-orig-file=\"https:\/\/i0.wp.com\/elmundodelosnegocios.com.do\/v1\/wp-content\/uploads\/2023\/06\/BPD06231.jpg?fit=1000%2C667&amp;ssl=1\" data-orig-size=\"1000,667\" data-comments-opened=\"0\" data-image-meta='{\"aperture\":\"0\",\"credit\":\"\",\"camera\":\"\",\"caption\":\"\",\"created_timestamp\":\"0\",\"copyright\":\"\",\"focal_length\":\"0\",\"iso\":\"0\",\"shutter_speed\":\"0\",\"title\":\"\",\"orientation\":\"0\"}' data-image-title=\"BPD06231\" data-image-description=\"\" data-image-caption=\"\" data-medium-file=\"https:\/\/i0.wp.com\/elmundodelosnegocios.com.do\/v1\/wp-content\/uploads\/2023\/06\/BPD06231.jpg?fit=300%2C200&amp;ssl=1\" data-large-file=\"https:\/\/i0.wp.com\/elmundodelosnegocios.com.do\/v1\/wp-content\/uploads\/2023\/06\/BPD06231.jpg?fit=1000%2C667&amp;ssl=1\" decoding=\"async\" loading=\"lazy\" width=\"1000\" height=\"667\" src=\"https:\/\/i0.wp.com\/elmundodelosnegocios.com.do\/v1\/wp-content\/uploads\/2023\/06\/BPD06231.jpg?resize=1000,667&amp;ssl=1\" alt=\"\" class=\"wp-image-28741\" srcset=\"https:\/\/i0.wp.com\/elmundodelosnegocios.com.do\/v1\/wp-content\/uploads\/2023\/06\/BPD06231.jpg?w=1000&amp;ssl=1 1000w, https:\/\/i0.wp.com\/elmundodelosnegocios.com.do\/v1\/wp-content\/uploads\/2023\/06\/BPD06231.jpg?resize=300%2C200&amp;ssl=1 300w, https:\/\/i0.wp.com\/elmundodelosnegocios.com.do\/v1\/wp-content\/uploads\/2023\/06\/BPD06231.jpg?resize=768%2C512&amp;ssl=1 768w\" sizes=\"auto, (max-width: 1000px) 100vw, 1000px\" data-recalc-dims=\"1\"><\/figure>\n<p>El convenio fue rubricado en la Torre Popular por el vicepresidente ejecutivo de Negocios Empresariales y de Inversi\u00f3n del Banco Popular, se\u00f1or Luis E. Esp\u00ednola, y el director general de RD VIAL, se\u00f1or Jean Luis Rodr\u00edguez.<\/p>\n<p><strong>Beneficios de una alianza p\u00fablico-privada<\/strong><\/p>\n<p>En palabras del vicepresidente ejecutivo de Negocios Empresariales y de Inversi\u00f3n del Popular, este es un ejemplo m\u00e1s de c\u00f3mo la colaboraci\u00f3n p\u00fablico-privada trabaja en favor del beneficio de la sociedad.<\/p>\n<p>\u00abSin dudas, esta alianza impacta positivamente en nuestros clientes y la sociedad. Estamos convencidos que aportar\u00e1 al incremento de la masa cr\u00edtica que diariamente utiliza los peajes de nuestro pa\u00eds para lograr su descongestionamiento, ahorrando con ello tiempo y combustible a miles de usuarios, que no tendr\u00e1n que detenerse y disponer de efectivo\u00bb.<\/p>\n<p>El liderazgo digital del Banco Popular, as\u00ed como su primac\u00eda en el n\u00famero de tarjetahabientes en el mercado de los servicios financieros, augura que el efecto de este acuerdo tenga repercusiones muy positivas en miles de familias y empresas dominicanas usuarias de los peajes nacionales.<\/p>\n<p>Por su parte, el director general de RD VIAL expres\u00f3 que \u00abcon esta alianza continuamos asegurando el acceso a todos los ciudadanos al servicio de Paso R\u00e1pido y a la experiencia de agilidad y seguridad, adem\u00e1s de transparencia, que este garantiza a quienes transitan por las estaciones de peajes del pa\u00eds\u00bb.<\/p>\n<p>\u00abPaso R\u00e1pido\u00bb es el servicio electr\u00f3nico de pago de peajes que permite transitar sin necesidad de utilizar dinero en efectivo. El dispositivo se instala en el parabrisas del veh\u00edculo, permitiendo el tr\u00e1nsito fluido por las estaciones.<\/p>\n<\/div>\n","protected":false},"excerpt":{"rendered":"<p>El convenio incluye recargas para clientes personales y empresariales Santo Domingo, D.N. \u2013 El Banco Popular Dominicano y el fideicomiso p\u00fablico RD Vial suscribieron un acuerdo para ofrecer a los&hellip; <\/p>\n","protected":false},"author":2,"featured_media":3525,"comment_status":"closed","ping_status":"closed","sticky":false,"template":"","format":"standard","meta":{"fifu_image_url":"https:\/\/i0.wp.com\/elmundodelosnegocios.com.do\/v1\/wp-content\/uploads\/2023\/06\/BPD06224.jpg?resize=1000,667&ssl=1","fifu_image_alt":"Popular y RD VIAL ofrecer\u00e1n las recargas del servicio de \u00abPaso R\u00e1pido\u00bb en canales digitales y oficinas","footnotes":""},"categories":[63],"tags":[],"class_list":["post-3524","post","type-post","status-publish","format-standard","has-post-thumbnail","hentry","category-actualidad"],"_links":{"self":[{"href":"https:\/\/elmundodelapolitica.com\/v1\/wp-json\/wp\/v2\/posts\/3524","targetHints":{"allow":["GET"]}}],"collection":[{"href":"https:\/\/elmundodelapolitica.com\/v1\/wp-json\/wp\/v2\/posts"}],"about":[{"href":"https:\/\/elmundodelapolitica.com\/v1\/wp-json\/wp\/v2\/types\/post"}],"author":[{"embeddable":true,"href":"https:\/\/elmundodelapolitica.com\/v1\/wp-json\/wp\/v2\/users\/2"}],"replies":[{"embeddable":true,"href":"https:\/\/elmundodelapolitica.com\/v1\/wp-json\/wp\/v2\/comments?post=3524"}],"version-history":[{"count":0,"href":"https:\/\/elmundodelapolitica.com\/v1\/wp-json\/wp\/v2\/posts\/3524\/revisions"}],"wp:featuredmedia":[{"embeddable":true,"href":"https:\/\/elmundodelapolitica.com\/v1\/wp-json\/wp\/v2\/media\/3525"}],"wp:attachment":[{"href":"https:\/\/elmundodelapolitica.com\/v1\/wp-json\/wp\/v2\/media?parent=3524"}],"wp:term":[{"taxonomy":"category","embeddable":true,"href":"https:\/\/elmundodelapolitica.com\/v1\/wp-json\/wp\/v2\/categories?post=3524"},{"taxonomy":"post_tag","embeddable":true,"href":"https:\/\/elmundodelapolitica.com\/v1\/wp-json\/wp\/v2\/tags?post=3524"}],"curies":[{"name":"wp","href":"https:\/\/api.w.org\/{rel}","templated":true}]}}