{"id":3522,"date":"2023-06-13T12:04:33","date_gmt":"2023-06-13T16:04:33","guid":{"rendered":"https:\/\/elmundodelapolitica.com\/v1\/?p=3522"},"modified":"2023-06-13T12:04:33","modified_gmt":"2023-06-13T16:04:33","slug":"riesgo-pais-de-republica-dominicana-se-mantiene-debajo-promedio-global","status":"publish","type":"post","link":"https:\/\/elmundodelapolitica.com\/v1\/riesgo-pais-de-republica-dominicana-se-mantiene-debajo-promedio-global\/","title":{"rendered":"Riesgo-pa\u00eds de Rep\u00fablica Dominicana se mantiene debajo promedio global"},"content":{"rendered":"<div>\n<p>Santo Domingo.- Al cierre de mayo de 2023, el\u00a0<strong>riesgo-pa\u00eds<\/strong>\u00a0de la Rep\u00fablica Dominicana se mantiene por\u00a0<strong>debajo al riesgo promedio global<\/strong>\u00a0y al promedio de otros pa\u00edses de la regi\u00f3n.\u00a0<\/p>\n<div class=\"wp-block-image\">\n<figure class=\"aligncenter size-large\"><img data-attachment-id=\"28737\" data-permalink=\"https:\/\/elmundodelosnegocios.com.do\/v1\/index.php\/2023\/06\/13\/riesgo-pais-de-republica-dominicana-se-mantiene-debajo-promedio-global\/superintendencia-de-valores\/\" data-orig-file=\"https:\/\/i0.wp.com\/elmundodelosnegocios.com.do\/v1\/wp-content\/uploads\/2023\/06\/Superintendencia-de-valores.jpg?fit=1300%2C731&amp;ssl=1\" data-orig-size=\"1300,731\" data-comments-opened=\"0\" data-image-meta='{\"aperture\":\"0\",\"credit\":\"\",\"camera\":\"\",\"caption\":\"\",\"created_timestamp\":\"0\",\"copyright\":\"\",\"focal_length\":\"0\",\"iso\":\"0\",\"shutter_speed\":\"0\",\"title\":\"\",\"orientation\":\"0\"}' data-image-title=\"Superintendencia-de-valores\" data-image-description=\"\" data-image-caption=\"\" data-medium-file=\"https:\/\/i0.wp.com\/elmundodelosnegocios.com.do\/v1\/wp-content\/uploads\/2023\/06\/Superintendencia-de-valores.jpg?fit=300%2C169&amp;ssl=1\" data-large-file=\"https:\/\/i0.wp.com\/elmundodelosnegocios.com.do\/v1\/wp-content\/uploads\/2023\/06\/Superintendencia-de-valores.jpg?fit=1024%2C576&amp;ssl=1\" decoding=\"async\" loading=\"lazy\" width=\"1024\" height=\"576\" src=\"https:\/\/i0.wp.com\/elmundodelosnegocios.com.do\/v1\/wp-content\/uploads\/2023\/06\/Superintendencia-de-valores-1024x576.jpg?resize=1024,576&amp;ssl=1\" alt=\"\" class=\"wp-image-28737\" srcset=\"https:\/\/i0.wp.com\/elmundodelosnegocios.com.do\/v1\/wp-content\/uploads\/2023\/06\/Superintendencia-de-valores.jpg?resize=1024%2C576&amp;ssl=1 1024w, https:\/\/i0.wp.com\/elmundodelosnegocios.com.do\/v1\/wp-content\/uploads\/2023\/06\/Superintendencia-de-valores.jpg?resize=300%2C169&amp;ssl=1 300w, https:\/\/i0.wp.com\/elmundodelosnegocios.com.do\/v1\/wp-content\/uploads\/2023\/06\/Superintendencia-de-valores.jpg?resize=768%2C432&amp;ssl=1 768w, https:\/\/i0.wp.com\/elmundodelosnegocios.com.do\/v1\/wp-content\/uploads\/2023\/06\/Superintendencia-de-valores.jpg?w=1300&amp;ssl=1 1300w\" sizes=\"auto, (max-width: 1024px) 100vw, 1024px\" data-recalc-dims=\"1\"><\/figure>\n<\/div>\n<p>As\u00ed lo inform\u00f3\u00a0<strong>Ernesto Bournigal Read<\/strong>,\u00a0<strong>superintendente del Mercado de Valores<\/strong>\u00a0a trav\u00e9s de un tuit desde su cuenta (@EBournigalRead).\u00a0<\/p>\n<p>Bournigal comparti\u00f3 un gr\u00e1fico del comportamiento del\u00a0<strong>EMBI o Emerging Market Bonds Index\u00a0<\/strong>(\u00edndice de bonos de mercados emergentes)\u2014 un indicador desarrollado por\u00a0<strong>J.P. Morgan<\/strong>\u00a0que mide el riesgo de los bonos de cada pa\u00eds. El gr\u00e1fico muestra c\u00f3mo al cierre de mayo de este a\u00f1o el\u00a0<strong>EMBI de Rep\u00fablica Dominicana se mantiene por debajo del \u00edndice global y el \u00edndice EMBI-latino.\u00a0<\/strong><\/p>\n<figure class=\"wp-block-image\"><img decoding=\"async\" src=\"https:\/\/i0.wp.com\/presidencia.gob.do\/sites\/default\/files\/inline-images\/WhatsApp Image 2023-06-13 at 9.14.05 AM.jpeg?w=1110&amp;ssl=1\" alt=\"\" data-recalc-dims=\"1\"><\/figure>\n<p><em>\u201cNuestro pa\u00eds ha navegado un panorama internacional vol\u00e1til, exhibiendo una\u00a0\u00a0reducci\u00f3n del riesgo-pa\u00eds\u201d.<\/em><\/p>\n<p>Para el funcionario,\u00a0<em>\u201cel pa\u00eds sigue ganando terreno como un lugar atractivo para invertir en comparaci\u00f3n con otros pa\u00edses\u201d.<\/em>\u00a0<\/p>\n<p>Las declaraciones de Bournigal concuerdan con el reciente anuncio del\u00a0<strong>ministro de Hacienda\u00a0<\/strong>resaltando c\u00f3mo\u00a0<strong>el pa\u00eds contin\u00faa bajando las tasas de inter\u00e9s de sus bonos<\/strong>.\u00a0<\/p>\n<p>La colocaci\u00f3n de bonos del Ministerio de Hacienda de junio de 2023 se hizo al\u00a0<strong>9.99 %<\/strong>,\u00a0<strong>48 puntos b\u00e1sicos menos que la de mayo del mismo a\u00f1o.<\/strong><\/p>\n<\/div>\n","protected":false},"excerpt":{"rendered":"<p>Santo Domingo.- Al cierre de mayo de 2023, el\u00a0riesgo-pa\u00eds\u00a0de la Rep\u00fablica Dominicana se mantiene por\u00a0debajo al riesgo promedio global\u00a0y al promedio de otros pa\u00edses de la regi\u00f3n.\u00a0 As\u00ed lo inform\u00f3\u00a0Ernesto&hellip; <\/p>\n","protected":false},"author":2,"featured_media":3523,"comment_status":"closed","ping_status":"closed","sticky":false,"template":"","format":"standard","meta":{"fifu_image_url":"https:\/\/i0.wp.com\/elmundodelosnegocios.com.do\/v1\/wp-content\/uploads\/2023\/06\/Superintendencia-de-valores-1024x576.jpg?resize=1024,576&ssl=1","fifu_image_alt":"Riesgo-pa\u00eds de Rep\u00fablica Dominicana se mantiene debajo promedio global","footnotes":""},"categories":[63],"tags":[],"class_list":["post-3522","post","type-post","status-publish","format-standard","has-post-thumbnail","hentry","category-actualidad"],"_links":{"self":[{"href":"https:\/\/elmundodelapolitica.com\/v1\/wp-json\/wp\/v2\/posts\/3522","targetHints":{"allow":["GET"]}}],"collection":[{"href":"https:\/\/elmundodelapolitica.com\/v1\/wp-json\/wp\/v2\/posts"}],"about":[{"href":"https:\/\/elmundodelapolitica.com\/v1\/wp-json\/wp\/v2\/types\/post"}],"author":[{"embeddable":true,"href":"https:\/\/elmundodelapolitica.com\/v1\/wp-json\/wp\/v2\/users\/2"}],"replies":[{"embeddable":true,"href":"https:\/\/elmundodelapolitica.com\/v1\/wp-json\/wp\/v2\/comments?post=3522"}],"version-history":[{"count":0,"href":"https:\/\/elmundodelapolitica.com\/v1\/wp-json\/wp\/v2\/posts\/3522\/revisions"}],"wp:featuredmedia":[{"embeddable":true,"href":"https:\/\/elmundodelapolitica.com\/v1\/wp-json\/wp\/v2\/media\/3523"}],"wp:attachment":[{"href":"https:\/\/elmundodelapolitica.com\/v1\/wp-json\/wp\/v2\/media?parent=3522"}],"wp:term":[{"taxonomy":"category","embeddable":true,"href":"https:\/\/elmundodelapolitica.com\/v1\/wp-json\/wp\/v2\/categories?post=3522"},{"taxonomy":"post_tag","embeddable":true,"href":"https:\/\/elmundodelapolitica.com\/v1\/wp-json\/wp\/v2\/tags?post=3522"}],"curies":[{"name":"wp","href":"https:\/\/api.w.org\/{rel}","templated":true}]}}