{"id":3516,"date":"2023-06-13T08:13:13","date_gmt":"2023-06-13T12:13:13","guid":{"rendered":"https:\/\/elmundodelapolitica.com\/v1\/?p=3516"},"modified":"2023-06-13T08:13:13","modified_gmt":"2023-06-13T12:13:13","slug":"rd-sera-sede-de-la-conferencia-regional-sobre-el-sargazo","status":"publish","type":"post","link":"https:\/\/elmundodelapolitica.com\/v1\/rd-sera-sede-de-la-conferencia-regional-sobre-el-sargazo\/","title":{"rendered":"RD ser\u00e1 sede de la Conferencia Regional sobre el sargazo"},"content":{"rendered":"<div>\n<p>Santo Domingo.-\u00a0<strong>Rep\u00fablica Dominicana<\/strong>\u00a0ser\u00e1 la sede de la\u00a0<strong>Conferencia Regional Gran Caribe \u2013 UE: Convirtiendo el Sargazo en Oportunidad<\/strong>, a celebrarse el pr\u00f3ximo 15 de junio y donde se reunir\u00e1n las m\u00e1s\u00a0<strong>altas autoridades, expertos del sector p\u00fablico y privado, la academia, ONG del Caribe, Am\u00e9rica Latina y Europa.<\/strong><\/p>\n<figure class=\"wp-block-image size-large\"><img loading=\"lazy\" data-attachment-id=\"28727\" data-permalink=\"https:\/\/elmundodelosnegocios.com.do\/v1\/index.php\/2023\/06\/13\/rd-sera-sede-de-la-conferencia-regional-sobre-el-sargazo\/img_8808\/\" data-orig-file=\"https:\/\/i0.wp.com\/elmundodelosnegocios.com.do\/v1\/wp-content\/uploads\/2023\/06\/IMG_8808.png?fit=1300%2C731&amp;ssl=1\" data-orig-size=\"1300,731\" data-comments-opened=\"0\" data-image-meta='{\"aperture\":\"0\",\"credit\":\"\",\"camera\":\"\",\"caption\":\"\",\"created_timestamp\":\"0\",\"copyright\":\"\",\"focal_length\":\"0\",\"iso\":\"0\",\"shutter_speed\":\"0\",\"title\":\"\",\"orientation\":\"0\"}' data-image-title=\"IMG_8808\" data-image-description=\"\" data-image-caption=\"\" data-medium-file=\"https:\/\/i0.wp.com\/elmundodelosnegocios.com.do\/v1\/wp-content\/uploads\/2023\/06\/IMG_8808.png?fit=300%2C169&amp;ssl=1\" data-large-file=\"https:\/\/i0.wp.com\/elmundodelosnegocios.com.do\/v1\/wp-content\/uploads\/2023\/06\/IMG_8808.png?fit=1024%2C576&amp;ssl=1\" decoding=\"async\" width=\"1024\" height=\"576\" src=\"https:\/\/i0.wp.com\/elmundodelosnegocios.com.do\/v1\/wp-content\/uploads\/2023\/06\/IMG_8808.png?resize=1024,576\" alt=\"\" class=\"wp-image-28727\" srcset=\"https:\/\/i0.wp.com\/elmundodelosnegocios.com.do\/v1\/wp-content\/uploads\/2023\/06\/IMG_8808.png?resize=1024,576&amp;ssl=1 1024w, https:\/\/i0.wp.com\/elmundodelosnegocios.com.do\/v1\/wp-content\/uploads\/2023\/06\/IMG_8808.png?resize=300%2C169&amp;ssl=1 300w, https:\/\/i0.wp.com\/elmundodelosnegocios.com.do\/v1\/wp-content\/uploads\/2023\/06\/IMG_8808.png?resize=768%2C432&amp;ssl=1 768w, https:\/\/i0.wp.com\/elmundodelosnegocios.com.do\/v1\/wp-content\/uploads\/2023\/06\/IMG_8808.png?w=1300&amp;ssl=1 1300w\" sizes=\"auto, (max-width: 1024px) 100vw, 1024px\" data-recalc-dims=\"1\"><\/figure>\n<p>El evento, organizado conjuntamente por el\u00a0<strong>Ministerio de Relaciones Exteriores, la Uni\u00f3n Europea y el Ministerio de Medio Ambiente y Recursos Naturales<\/strong>, tiene el prop\u00f3sito de intercambiar informaci\u00f3n sobre\u00a0<strong>c\u00f3mo mitigar o emplear el sargazo en beneficio de toda la regi\u00f3n<\/strong>. La conferencia abordar\u00e1 el impacto y los riesgos del sargazo, su monitoreo y gesti\u00f3n, su valorizaci\u00f3n y uso, con miras a fomentar las\u00a0<strong>pol\u00edticas p\u00fablicas, marcos regionales y reforzar la<\/strong>\u00a0<strong>cooperaci\u00f3n para impulsar la inversi\u00f3n del sector privado<\/strong>.<\/p>\n<p>Aunque en condiciones clim\u00e1ticas normales,\u00a0<strong>esta alga marina forma un ecosistema valioso<\/strong>, apoyando las redes alimenticias oce\u00e1nicas y brindando refugio a especies end\u00e9micas, el\u00a0<strong>incremento descontrolado<\/strong>\u00a0de sus floraciones masivas se ha convertido en una\u00a0<strong>amenaza para el medio ambiente, la econom\u00eda y la salud p\u00fablica.<\/strong><\/p>\n<p>Esta conferencia espera marcar un hito para despertar un mayor inter\u00e9s por el fen\u00f3meno del sargazo a nivel regional y juntos se puedan buscar\u00a0<strong>soluciones viables que mitiguen su impacto en los pa\u00edses del Caribe.<\/strong><\/p>\n<p>La reuni\u00f3n contar\u00e1 con la participaci\u00f3n del ministro de Relaciones Exteriores,\u00a0<strong>Roberto \u00c1lvarez<\/strong>; la embajadora de la Uni\u00f3n Europea en Rep\u00fablica Dominicana,\u00a0<strong>Katja Afheldt,<\/strong>\u00a0y el ministro de Medio Ambiente y Recursos Naturales,\u00a0<strong>Miguel Ceara Hatton<\/strong>. Asimismo, estar\u00e1n presentes los ministros de Medio Ambiente, Turismo y Econom\u00eda de la regi\u00f3n.<\/p>\n<\/div>\n","protected":false},"excerpt":{"rendered":"<p>Santo Domingo.-\u00a0Rep\u00fablica Dominicana\u00a0ser\u00e1 la sede de la\u00a0Conferencia Regional Gran Caribe \u2013 UE: Convirtiendo el Sargazo en Oportunidad, a celebrarse el pr\u00f3ximo 15 de junio y donde se reunir\u00e1n las m\u00e1s\u00a0altas&hellip; <\/p>\n","protected":false},"author":2,"featured_media":3517,"comment_status":"closed","ping_status":"closed","sticky":false,"template":"","format":"standard","meta":{"fifu_image_url":"https:\/\/i0.wp.com\/elmundodelosnegocios.com.do\/v1\/wp-content\/uploads\/2023\/06\/IMG_8808.png?resize=1024,576","fifu_image_alt":"RD ser\u00e1 sede de la Conferencia Regional sobre el sargazo","footnotes":""},"categories":[63],"tags":[],"class_list":["post-3516","post","type-post","status-publish","format-standard","has-post-thumbnail","hentry","category-actualidad"],"_links":{"self":[{"href":"https:\/\/elmundodelapolitica.com\/v1\/wp-json\/wp\/v2\/posts\/3516","targetHints":{"allow":["GET"]}}],"collection":[{"href":"https:\/\/elmundodelapolitica.com\/v1\/wp-json\/wp\/v2\/posts"}],"about":[{"href":"https:\/\/elmundodelapolitica.com\/v1\/wp-json\/wp\/v2\/types\/post"}],"author":[{"embeddable":true,"href":"https:\/\/elmundodelapolitica.com\/v1\/wp-json\/wp\/v2\/users\/2"}],"replies":[{"embeddable":true,"href":"https:\/\/elmundodelapolitica.com\/v1\/wp-json\/wp\/v2\/comments?post=3516"}],"version-history":[{"count":0,"href":"https:\/\/elmundodelapolitica.com\/v1\/wp-json\/wp\/v2\/posts\/3516\/revisions"}],"wp:featuredmedia":[{"embeddable":true,"href":"https:\/\/elmundodelapolitica.com\/v1\/wp-json\/wp\/v2\/media\/3517"}],"wp:attachment":[{"href":"https:\/\/elmundodelapolitica.com\/v1\/wp-json\/wp\/v2\/media?parent=3516"}],"wp:term":[{"taxonomy":"category","embeddable":true,"href":"https:\/\/elmundodelapolitica.com\/v1\/wp-json\/wp\/v2\/categories?post=3516"},{"taxonomy":"post_tag","embeddable":true,"href":"https:\/\/elmundodelapolitica.com\/v1\/wp-json\/wp\/v2\/tags?post=3516"}],"curies":[{"name":"wp","href":"https:\/\/api.w.org\/{rel}","templated":true}]}}