{"id":3505,"date":"2023-06-12T17:57:02","date_gmt":"2023-06-12T21:57:02","guid":{"rendered":"https:\/\/elmundodelapolitica.com\/v1\/?p=3505"},"modified":"2023-06-12T17:57:02","modified_gmt":"2023-06-12T21:57:02","slug":"programa-de-deteccion-temprana-de-cancer-asiste-mas-de-19000-hombres","status":"publish","type":"post","link":"https:\/\/elmundodelapolitica.com\/v1\/programa-de-deteccion-temprana-de-cancer-asiste-mas-de-19000-hombres\/","title":{"rendered":"Programa de \u201cDetecci\u00f3n Temprana de C\u00e1ncer\u201d asiste m\u00e1s de 19,000 hombres"},"content":{"rendered":"<div>\n<p>Santo Domingo.<strong>\u2013 El Programa de \u201cDetecci\u00f3n Temprana de C\u00e1ncer\u201d<\/strong>, en su divisi\u00f3n de\u00a0<strong>pr\u00f3stata<\/strong>, ha ofrecido\u00a0<strong>asistencia a 19,431 hombres\u00a0<\/strong>desde su inicio en 2021 hasta mayo del 2023.<\/p>\n<p>De estos,\u00a0<strong>9,840 recibieron atenciones en los diez hospitales priorizados y 9,591 en las jornadas desarrolladas<\/strong>\u00a0en las distintas provincias del pa\u00eds con el programa que es liderado por la\u00a0<strong>primera dama, Raquel Arbaje<\/strong>, el Servicio Nacional de Salud\u00a0<strong>(SNS)<\/strong>\u00a0y el Seguro Nacional de Salud\u00a0<strong>(SeNaSa)<\/strong>.<\/p>\n<p>El programa diagnostic\u00f3 positivo con c\u00e1ncer de pr\u00f3stata a 43 hombres, de los cuales<strong>\u00a040 est\u00e1n en tratamiento, mientras 3,765 se encuentran en seguimiento\u00a0<\/strong>por alg\u00fan hallazgo.<\/p>\n<p>Cabe resaltar que el c\u00e1ncer de pr\u00f3stata es una enfermedad que afecta mayormente<strong>\u00a0a partir de los 50 a\u00f1os y es el segundo tipo m\u00e1s com\u00fan en hombres<\/strong>. Sin embargo, muchos usuarios que desarrollan esta patolog\u00eda\u00a0<strong>no presentan s\u00edntomas ni son sometidos a terapia.<\/strong><\/p>\n<p>Este tipo de c\u00e1ncer crece en uno de los \u00f3rganos glandulares del sistema reproductor masculino llamado pr\u00f3stata y se produce cuando algunas c\u00e9lulas prost\u00e1ticas mutan y comienzan a multiplicarse descontroladamente.<\/p>\n<p><strong>Detecci\u00f3n<\/strong><\/p>\n<p>Para la detecci\u00f3n oportuna hay dos pruebas fundamentales, la de\u00a0<strong>PSA<\/strong>, que se mide en an\u00e1lisis de sangre, y el\u00a0<strong>tacto rectal<\/strong>.<\/p>\n<p>Los especialistas recomiendan hacerse las dos pruebas, tanto la de PSA como la de tacto rectal,\u00a0<strong>a partir de los 40 a\u00f1os<\/strong>.<\/p>\n<p><strong>Tratamiento<\/strong><\/p>\n<p>En relaci\u00f3n con el tratamiento, el\u00a0<strong>doctor Jos\u00e9 Ram\u00edrez,<\/strong>\u00a0director del Instituto Nacional del C\u00e1ncer Rosa Emilia S\u00e1nchez P\u00e9rez de Tavares\u00a0<strong>(INCART)<\/strong>, inform\u00f3 que el c\u00e1ncer de pr\u00f3stata se trata con\u00a0<strong>cirug\u00eda, radioterapias y hormonoterapias.<\/strong><\/p>\n<p>Detall\u00f3 que el orden en que se apliquen estos tratamientos depender\u00e1 de cada caso y garantiz\u00f3 que en el<strong>\u00a0INCART est\u00e1 preparado para tratar c\u00e1ncer de pr\u00f3stata en todas sus etapas.<\/strong><\/p>\n<p>El galeno inform\u00f3 que el c\u00e1ncer de pr\u00f3stata\u00a0<strong>en los \u00faltimos cinco a\u00f1os se ha disparado.<\/strong>\u00a0Por esto ha sido necesario\u00a0<strong>contratar m\u00e1s ur\u00f3logos y abrir m\u00e1s turnos<\/strong>\u00a0<strong>para cirug\u00edas<\/strong>\u00a0en el referido centro de salud.<\/p>\n<p><strong>Efem\u00e9ride<\/strong><\/p>\n<p><strong>El D\u00eda Mundial de C\u00e1ncer de Pr\u00f3stata<\/strong>\u00a0se conmemora cada 11 de junio con el fin de\u00a0<strong>sensibilizar y concienciar a la poblaci\u00f3n masculina<\/strong>, acerca de la importancia del\u00a0<strong>diagn\u00f3stico temprano<\/strong>\u00a0del c\u00e1ncer de pr\u00f3stata y la aplicaci\u00f3n del tratamiento respectivo.<\/p>\n<\/div>\n","protected":false},"excerpt":{"rendered":"<p>Santo Domingo.\u2013 El Programa de \u201cDetecci\u00f3n Temprana de C\u00e1ncer\u201d, en su divisi\u00f3n de\u00a0pr\u00f3stata, ha ofrecido\u00a0asistencia a 19,431 hombres\u00a0desde su inicio en 2021 hasta mayo del 2023. De estos,\u00a09,840 recibieron atenciones&hellip; <\/p>\n","protected":false},"author":2,"featured_media":0,"comment_status":"closed","ping_status":"closed","sticky":false,"template":"","format":"standard","meta":{"fifu_image_url":"","fifu_image_alt":"","footnotes":""},"categories":[63],"tags":[],"class_list":["post-3505","post","type-post","status-publish","format-standard","hentry","category-actualidad"],"_links":{"self":[{"href":"https:\/\/elmundodelapolitica.com\/v1\/wp-json\/wp\/v2\/posts\/3505","targetHints":{"allow":["GET"]}}],"collection":[{"href":"https:\/\/elmundodelapolitica.com\/v1\/wp-json\/wp\/v2\/posts"}],"about":[{"href":"https:\/\/elmundodelapolitica.com\/v1\/wp-json\/wp\/v2\/types\/post"}],"author":[{"embeddable":true,"href":"https:\/\/elmundodelapolitica.com\/v1\/wp-json\/wp\/v2\/users\/2"}],"replies":[{"embeddable":true,"href":"https:\/\/elmundodelapolitica.com\/v1\/wp-json\/wp\/v2\/comments?post=3505"}],"version-history":[{"count":0,"href":"https:\/\/elmundodelapolitica.com\/v1\/wp-json\/wp\/v2\/posts\/3505\/revisions"}],"wp:attachment":[{"href":"https:\/\/elmundodelapolitica.com\/v1\/wp-json\/wp\/v2\/media?parent=3505"}],"wp:term":[{"taxonomy":"category","embeddable":true,"href":"https:\/\/elmundodelapolitica.com\/v1\/wp-json\/wp\/v2\/categories?post=3505"},{"taxonomy":"post_tag","embeddable":true,"href":"https:\/\/elmundodelapolitica.com\/v1\/wp-json\/wp\/v2\/tags?post=3505"}],"curies":[{"name":"wp","href":"https:\/\/api.w.org\/{rel}","templated":true}]}}