{"id":3499,"date":"2023-06-12T09:49:41","date_gmt":"2023-06-12T13:49:41","guid":{"rendered":"https:\/\/elmundodelapolitica.com\/v1\/?p=3499"},"modified":"2023-06-12T09:49:41","modified_gmt":"2023-06-12T13:49:41","slug":"tratan-importancia-prevencion-del-pie-diabetico-en-congreso","status":"publish","type":"post","link":"https:\/\/elmundodelapolitica.com\/v1\/tratan-importancia-prevencion-del-pie-diabetico-en-congreso\/","title":{"rendered":"Tratan importancia prevenci\u00f3n del pie diab\u00e9tico en congreso"},"content":{"rendered":"<div>\n<p><strong>PUNTA CANA<\/strong>, R.D. Junio 2023.-\u00a0En el marco del Congreso Internacional de Pie Diab\u00e9tico: con los pies en la tierra, ALAPID 2023, el doctor Pedro Mena, director de la Unidad de Pie Diab\u00e9tico del Centro de Diabetes, Obesidad y Especialidades (CEMDOE), resalt\u00f3 que la clave principal para evitar amputaciones a pacientes con diabetes es la prevenci\u00f3n.<\/p>\n<div class=\"wp-block-image\">\n<figure class=\"aligncenter size-large\"><img loading=\"lazy\" data-attachment-id=\"28701\" data-permalink=\"https:\/\/elmundodelosnegocios.com.do\/v1\/index.php\/2023\/06\/12\/tratan-importancia-prevencion-del-pie-diabetico-en-congreso\/dr-pedro-mena-cemdoe-congreso\/\" data-orig-file=\"https:\/\/i0.wp.com\/elmundodelosnegocios.com.do\/v1\/wp-content\/uploads\/2023\/06\/Dr.-Pedro-Mena-CEMDOE-congreso.jpeg?fit=1600%2C1067&amp;ssl=1\" data-orig-size=\"1600,1067\" data-comments-opened=\"0\" data-image-meta='{\"aperture\":\"0\",\"credit\":\"\",\"camera\":\"\",\"caption\":\"\",\"created_timestamp\":\"0\",\"copyright\":\"\",\"focal_length\":\"0\",\"iso\":\"0\",\"shutter_speed\":\"0\",\"title\":\"\",\"orientation\":\"0\"}' data-image-title=\"Dr.-Pedro-Mena-CEMDOE-congreso\" data-image-description=\"\" data-image-caption=\"\" data-medium-file=\"https:\/\/i0.wp.com\/elmundodelosnegocios.com.do\/v1\/wp-content\/uploads\/2023\/06\/Dr.-Pedro-Mena-CEMDOE-congreso.jpeg?fit=300%2C200&amp;ssl=1\" data-large-file=\"https:\/\/i0.wp.com\/elmundodelosnegocios.com.do\/v1\/wp-content\/uploads\/2023\/06\/Dr.-Pedro-Mena-CEMDOE-congreso.jpeg?fit=1024%2C683&amp;ssl=1\" decoding=\"async\" width=\"1024\" height=\"683\" src=\"https:\/\/i0.wp.com\/elmundodelosnegocios.com.do\/v1\/wp-content\/uploads\/2023\/06\/Dr.-Pedro-Mena-CEMDOE-congreso.jpeg?resize=1024,683\" alt=\"\" class=\"wp-image-28701\" srcset=\"https:\/\/i0.wp.com\/elmundodelosnegocios.com.do\/v1\/wp-content\/uploads\/2023\/06\/Dr.-Pedro-Mena-CEMDOE-congreso.jpeg?resize=1024,683&amp;ssl=1 1024w, https:\/\/i0.wp.com\/elmundodelosnegocios.com.do\/v1\/wp-content\/uploads\/2023\/06\/Dr.-Pedro-Mena-CEMDOE-congreso.jpeg?resize=300%2C200&amp;ssl=1 300w, https:\/\/i0.wp.com\/elmundodelosnegocios.com.do\/v1\/wp-content\/uploads\/2023\/06\/Dr.-Pedro-Mena-CEMDOE-congreso.jpeg?resize=768%2C512&amp;ssl=1 768w, https:\/\/i0.wp.com\/elmundodelosnegocios.com.do\/v1\/wp-content\/uploads\/2023\/06\/Dr.-Pedro-Mena-CEMDOE-congreso.jpeg?resize=1536%2C1024&amp;ssl=1 1536w, https:\/\/i0.wp.com\/elmundodelosnegocios.com.do\/v1\/wp-content\/uploads\/2023\/06\/Dr.-Pedro-Mena-CEMDOE-congreso.jpeg?w=1600&amp;ssl=1 1600w\" sizes=\"auto, (max-width: 1024px) 100vw, 1024px\" data-recalc-dims=\"1\"><\/figure>\n<\/div>\n<p>Durante su ponencia \u201cSalvamento del pie diab\u00e9tico: una visi\u00f3n preventiva\u201d, el especialista explic\u00f3 que el 85% de las amputaciones relacionadas a la diabetes son prevenibles a trav\u00e9s del diagn\u00f3stico y tratamiento oportuno, seg\u00fan la American Diabetes Association (ADA, 2022).<\/p>\n<p>Agreg\u00f3 que, un estudio sobre \u201cFactores asociados a la calidad de vida y capacidad funcional en pacientes con pie diab\u00e9tico en la Rep\u00fablica Dominicana\u201d, realizado y publicado en el 2021 con 120 pacientes con pie diab\u00e9tico en 5 unidades de Pie Diab\u00e9tico de Santo Domingo, report\u00f3 que 40.8% de los pacientes ten\u00edan historia de al menos una amputaci\u00f3n previa, mientras que el 76.7% de los pacientes con pie diab\u00e9tico report\u00f3 estar desempleado, y 57.5% indic\u00f3 ser dependientes econ\u00f3micamente de sus familiares.<\/p>\n<p>Asimismo, recomend\u00f3, dentro de la prevenci\u00f3n, tener un buen control metab\u00f3lico, realizar ex\u00e1menes peri\u00f3dicos del pie a todo paciente con diabetes al menos una vez al a\u00f1o, y educaci\u00f3n al paciente en el autocuidado y uso adecuado del calzado, entre otros.<\/p>\n<p>Cabe destacar que desde CEMDOE, sostuvo, \u201ccontamos con personal sanitario, correctamente avalado y entrenado en prevenci\u00f3n, diagn\u00f3stico y manejo del pie diab\u00e9tico; educaci\u00f3n del paciente y su familia desde el primer contacto (personalizada y charlas grupales); creaci\u00f3n de consultas de pie preventivo, manejo integral y multidisciplinario basado en los est\u00e1ndares internacionales, identificando los factores de riesgo que puedan influir en la aparici\u00f3n de \u00falceras; modelo de atenci\u00f3n de enfermer\u00eda enfocado al cuidado de nuestros pacientes; laboratorio de biomec\u00e1nica de la marcha, podiatr\u00eda y podolog\u00eda, confecci\u00f3n de plantillas en 3D, entre otros\u201d.<\/p>\n<p><strong>Sobre CEMDOE<\/strong><\/p>\n<p>Centro m\u00e9dico ambulatorio, especializado en enfermedades cr\u00f3nicas, que ofrece un modelo de atenci\u00f3n integral centrado en\u00a0la\u00a0seguridad, calidad y experiencia del paciente y su familia. Apoyados en procesos, est\u00e1ndares y pol\u00edticas internacionales que garantizan\u00a0el\u00a0\u00e9xito de su prop\u00f3sito.<\/p>\n<p>CEMDOE forma parte de INTEGRA, primer ecosistema de salud de\u00a0la\u00a0Rep\u00fablica Dominicana que tiene por objetivo mejorar\u00a0la\u00a0salud de\u00a0la\u00a0poblaci\u00f3n de forma sostenible y sustentable.<\/p>\n<\/div>\n","protected":false},"excerpt":{"rendered":"<p>PUNTA CANA, R.D. Junio 2023.-\u00a0En el marco del Congreso Internacional de Pie Diab\u00e9tico: con los pies en la tierra, ALAPID 2023, el doctor Pedro Mena, director de la Unidad de&hellip; <\/p>\n","protected":false},"author":2,"featured_media":3500,"comment_status":"closed","ping_status":"closed","sticky":false,"template":"","format":"standard","meta":{"fifu_image_url":"https:\/\/i0.wp.com\/elmundodelosnegocios.com.do\/v1\/wp-content\/uploads\/2023\/06\/Dr.-Pedro-Mena-CEMDOE-congreso.jpeg?resize=1024,683","fifu_image_alt":"Tratan importancia prevenci\u00f3n del pie diab\u00e9tico en congreso","footnotes":""},"categories":[63],"tags":[],"class_list":["post-3499","post","type-post","status-publish","format-standard","has-post-thumbnail","hentry","category-actualidad"],"_links":{"self":[{"href":"https:\/\/elmundodelapolitica.com\/v1\/wp-json\/wp\/v2\/posts\/3499","targetHints":{"allow":["GET"]}}],"collection":[{"href":"https:\/\/elmundodelapolitica.com\/v1\/wp-json\/wp\/v2\/posts"}],"about":[{"href":"https:\/\/elmundodelapolitica.com\/v1\/wp-json\/wp\/v2\/types\/post"}],"author":[{"embeddable":true,"href":"https:\/\/elmundodelapolitica.com\/v1\/wp-json\/wp\/v2\/users\/2"}],"replies":[{"embeddable":true,"href":"https:\/\/elmundodelapolitica.com\/v1\/wp-json\/wp\/v2\/comments?post=3499"}],"version-history":[{"count":0,"href":"https:\/\/elmundodelapolitica.com\/v1\/wp-json\/wp\/v2\/posts\/3499\/revisions"}],"wp:featuredmedia":[{"embeddable":true,"href":"https:\/\/elmundodelapolitica.com\/v1\/wp-json\/wp\/v2\/media\/3500"}],"wp:attachment":[{"href":"https:\/\/elmundodelapolitica.com\/v1\/wp-json\/wp\/v2\/media?parent=3499"}],"wp:term":[{"taxonomy":"category","embeddable":true,"href":"https:\/\/elmundodelapolitica.com\/v1\/wp-json\/wp\/v2\/categories?post=3499"},{"taxonomy":"post_tag","embeddable":true,"href":"https:\/\/elmundodelapolitica.com\/v1\/wp-json\/wp\/v2\/tags?post=3499"}],"curies":[{"name":"wp","href":"https:\/\/api.w.org\/{rel}","templated":true}]}}