{"id":3495,"date":"2023-06-11T23:59:54","date_gmt":"2023-06-12T03:59:54","guid":{"rendered":"https:\/\/elmundodelapolitica.com\/v1\/?p=3495"},"modified":"2023-06-11T23:59:54","modified_gmt":"2023-06-12T03:59:54","slug":"banco-popular-promueve-a-los-emprendedores-creativos","status":"publish","type":"post","link":"https:\/\/elmundodelapolitica.com\/v1\/banco-popular-promueve-a-los-emprendedores-creativos\/","title":{"rendered":"Banco Popular promueve a los emprendedores creativos"},"content":{"rendered":"<div>\n<p><strong>Ofrece charlas y acceso a pr\u00e9stamos en Congreso Naranja del Ministerio de Cultura<\/strong><\/p>\n<p>Santo Domingo, D.N. \u2013 El Banco Popular Dominicano promover\u00e1 la formaci\u00f3n y el conocimiento de los emprendedores creativos durante el Congreso Naranja del Ministerio de Cultura, donde ser\u00e1 el principal patrocinador, ofreciendo charlas y capacitaciones, as\u00ed como acceso al Pr\u00e9stamo Emprendedores Naranja, con el objetivo de seguir fomentando las oportunidades de negocio en la llamada econom\u00eda naranja, que engloba a las industrias culturales y creativas del pa\u00eds.<\/p>\n<div class=\"wp-block-image\">\n<figure class=\"aligncenter size-full\"><img loading=\"lazy\" data-attachment-id=\"28693\" data-permalink=\"https:\/\/elmundodelosnegocios.com.do\/v1\/index.php\/2023\/06\/11\/banco-popular-promueve-a-los-emprendedores-creativos\/01-183\/\" data-orig-file=\"https:\/\/i0.wp.com\/elmundodelosnegocios.com.do\/v1\/wp-content\/uploads\/2023\/06\/01.jpg?fit=1000%2C714&amp;ssl=1\" data-orig-size=\"1000,714\" data-comments-opened=\"0\" data-image-meta='{\"aperture\":\"2.8\",\"credit\":\"\",\"camera\":\"ILCE-7M4\",\"caption\":\"\",\"created_timestamp\":\"1676981319\",\"copyright\":\"\",\"focal_length\":\"70\",\"iso\":\"800\",\"shutter_speed\":\"0.005\",\"title\":\"\",\"orientation\":\"1\"}' data-image-title=\"01\" data-image-description=\"\" data-image-caption=\"\" data-medium-file=\"https:\/\/i0.wp.com\/elmundodelosnegocios.com.do\/v1\/wp-content\/uploads\/2023\/06\/01.jpg?fit=300%2C214&amp;ssl=1\" data-large-file=\"https:\/\/i0.wp.com\/elmundodelosnegocios.com.do\/v1\/wp-content\/uploads\/2023\/06\/01.jpg?fit=1000%2C714&amp;ssl=1\" decoding=\"async\" width=\"1000\" height=\"714\" src=\"https:\/\/i0.wp.com\/elmundodelosnegocios.com.do\/v1\/wp-content\/uploads\/2023\/06\/01.jpg?resize=1000,714&amp;ssl=1\" alt=\"\" class=\"wp-image-28693\" srcset=\"https:\/\/i0.wp.com\/elmundodelosnegocios.com.do\/v1\/wp-content\/uploads\/2023\/06\/01.jpg?w=1000&amp;ssl=1 1000w, https:\/\/i0.wp.com\/elmundodelosnegocios.com.do\/v1\/wp-content\/uploads\/2023\/06\/01.jpg?resize=300%2C214&amp;ssl=1 300w, https:\/\/i0.wp.com\/elmundodelosnegocios.com.do\/v1\/wp-content\/uploads\/2023\/06\/01.jpg?resize=768%2C548&amp;ssl=1 768w\" sizes=\"auto, (max-width: 1000px) 100vw, 1000px\" data-recalc-dims=\"1\"><\/figure>\n<\/div>\n<p>El Congreso Naranja se celebrar\u00e1 en la Plaza de la Cultura Juan Pablo Duarte, entre el 16 y el 18 de junio. Es una iniciativa del Ministerio de Cultura, con el coauspicio del Ministerio de Industria Comercio y Mipymes, abierta a todo tipo de p\u00fablico, que busca estimular el engranaje completo del talento y la creatividad de los dominicanos para lograr transformar la cadena de valor de bienes y servicios culturales, con la profesionalidad y formalizaci\u00f3n adecuadas.<\/p>\n<figure class=\"wp-block-image size-full\"><img data-attachment-id=\"28694\" data-permalink=\"https:\/\/elmundodelosnegocios.com.do\/v1\/index.php\/2023\/06\/11\/banco-popular-promueve-a-los-emprendedores-creativos\/02-115\/\" data-orig-file=\"https:\/\/i0.wp.com\/elmundodelosnegocios.com.do\/v1\/wp-content\/uploads\/2023\/06\/02.jpg?fit=1000%2C667&amp;ssl=1\" data-orig-size=\"1000,667\" data-comments-opened=\"0\" data-image-meta='{\"aperture\":\"0\",\"credit\":\"\",\"camera\":\"\",\"caption\":\"\",\"created_timestamp\":\"0\",\"copyright\":\"\",\"focal_length\":\"0\",\"iso\":\"0\",\"shutter_speed\":\"0\",\"title\":\"\",\"orientation\":\"0\"}' data-image-title=\"02\" data-image-description=\"\" data-image-caption=\"\" data-medium-file=\"https:\/\/i0.wp.com\/elmundodelosnegocios.com.do\/v1\/wp-content\/uploads\/2023\/06\/02.jpg?fit=300%2C200&amp;ssl=1\" data-large-file=\"https:\/\/i0.wp.com\/elmundodelosnegocios.com.do\/v1\/wp-content\/uploads\/2023\/06\/02.jpg?fit=1000%2C667&amp;ssl=1\" decoding=\"async\" loading=\"lazy\" width=\"1000\" height=\"667\" src=\"https:\/\/i0.wp.com\/elmundodelosnegocios.com.do\/v1\/wp-content\/uploads\/2023\/06\/02.jpg?resize=1000,667&amp;ssl=1\" alt=\"\" class=\"wp-image-28694\" srcset=\"https:\/\/i0.wp.com\/elmundodelosnegocios.com.do\/v1\/wp-content\/uploads\/2023\/06\/02.jpg?w=1000&amp;ssl=1 1000w, https:\/\/i0.wp.com\/elmundodelosnegocios.com.do\/v1\/wp-content\/uploads\/2023\/06\/02.jpg?resize=300%2C200&amp;ssl=1 300w, https:\/\/i0.wp.com\/elmundodelosnegocios.com.do\/v1\/wp-content\/uploads\/2023\/06\/02.jpg?resize=768%2C512&amp;ssl=1 768w\" sizes=\"auto, (max-width: 1000px) 100vw, 1000px\" data-recalc-dims=\"1\"><\/figure>\n<p>En concreto, el Banco Popular ha estructurado un programa de capacitaciones con facilitadores experimentados en la materia para educar a los creativos sobre c\u00f3mo estructurar sus negocios y formalizarlos para sacar provecho econ\u00f3mico de sus creaciones art\u00edsticas.<\/p>\n<p><strong>Finanzas y negocios creativos<\/strong><\/p>\n<p>As\u00ed, el viernes 16 de junio, a las 9:00 de la ma\u00f1ana, en la Sala de la Cinemateca, la conferencista Pamela Pichardo expondr\u00e1 sobre la naturaleza y prop\u00f3sito de las inversiones en el mercado de valores y los pasos para iniciarse como inversionista en una charla titulada \u00abHaz m\u00e1s dinero con tu talento\u00bb.<\/p>\n<figure class=\"wp-block-image size-full\"><img data-attachment-id=\"28695\" data-permalink=\"https:\/\/elmundodelosnegocios.com.do\/v1\/index.php\/2023\/06\/11\/banco-popular-promueve-a-los-emprendedores-creativos\/03-68\/\" data-orig-file=\"https:\/\/i0.wp.com\/elmundodelosnegocios.com.do\/v1\/wp-content\/uploads\/2023\/06\/03.jpg?fit=1000%2C667&amp;ssl=1\" data-orig-size=\"1000,667\" data-comments-opened=\"0\" data-image-meta='{\"aperture\":\"0\",\"credit\":\"\",\"camera\":\"\",\"caption\":\"\",\"created_timestamp\":\"0\",\"copyright\":\"\",\"focal_length\":\"0\",\"iso\":\"0\",\"shutter_speed\":\"0\",\"title\":\"\",\"orientation\":\"0\"}' data-image-title=\"03\" data-image-description=\"\" data-image-caption=\"\" data-medium-file=\"https:\/\/i0.wp.com\/elmundodelosnegocios.com.do\/v1\/wp-content\/uploads\/2023\/06\/03.jpg?fit=300%2C200&amp;ssl=1\" data-large-file=\"https:\/\/i0.wp.com\/elmundodelosnegocios.com.do\/v1\/wp-content\/uploads\/2023\/06\/03.jpg?fit=1000%2C667&amp;ssl=1\" decoding=\"async\" loading=\"lazy\" width=\"1000\" height=\"667\" src=\"https:\/\/i0.wp.com\/elmundodelosnegocios.com.do\/v1\/wp-content\/uploads\/2023\/06\/03.jpg?resize=1000,667&amp;ssl=1\" alt=\"\" class=\"wp-image-28695\" srcset=\"https:\/\/i0.wp.com\/elmundodelosnegocios.com.do\/v1\/wp-content\/uploads\/2023\/06\/03.jpg?w=1000&amp;ssl=1 1000w, https:\/\/i0.wp.com\/elmundodelosnegocios.com.do\/v1\/wp-content\/uploads\/2023\/06\/03.jpg?resize=300%2C200&amp;ssl=1 300w, https:\/\/i0.wp.com\/elmundodelosnegocios.com.do\/v1\/wp-content\/uploads\/2023\/06\/03.jpg?resize=768%2C512&amp;ssl=1 768w\" sizes=\"auto, (max-width: 1000px) 100vw, 1000px\" data-recalc-dims=\"1\"><\/figure>\n<p>El s\u00e1bado 17, tambi\u00e9n a las 9:00 de la ma\u00f1ana y en el mismo lugar, el facilitador Giancarlo Jim\u00e9nez estar\u00e1 a cargo de la conferencia \u00abFinanzas con prop\u00f3sito para creativos\u00bb, en la cual explicar\u00e1 las herramientas y h\u00e1bitos para lograr una administraci\u00f3n adecuada de los ingresos, manejar un presupuesto, reducir gastos, ahorrar e invertir<\/p>\n<p>Tambi\u00e9n Giancarlo Jim\u00e9nez, el domingo 17, a la misma hora y lugar, hablar\u00e1 sobre c\u00f3mo aumentar los beneficios y medir la rentabilidad de una iniciativa creativa, en la charla \u00abAprende a manejar las finanzas de tu negocio naranja\u00bb.<\/p>\n<p><strong>Dominicana Creativa y Emprendedores Naranja<\/strong><\/p>\n<p>Estas charlas forman parte de los esfuerzos de la organizaci\u00f3n financiera con su iniciativa editorial y multimedia \u00abDominicana Creativa. Talento en la econom\u00eda naranja\u00bb y la\u00a0plataforma \u00abEmprendedores Naranja\u200b\u00bb, que facilita a los emprendedores creativos evolucionar sus proyectos desde la idea original hasta convertirla en una pyme exitosa.<\/p>\n<p>Esta plataforma ofrece capacitaciones recurrentes y tambi\u00e9n un pr\u00e9stamo para emprender, con condiciones especiales en plazos y tasas, el cual podr\u00e1 solicitarse durante cada una de las charlas ofrecidas por el Popular en el Congreso Naranja o visitando la web\u00a0<a href=\"https:\/\/impulsapopular.com\/emprende\/\" target=\"_blank\" rel=\"noreferrer noopener\">https:\/\/impulsapopular.com\/emprende\/<\/a><\/p>\n<p>\u00abDominicana Creativa\u00bb, que se concibi\u00f3 como un proyecto para ensalzar la calidad de la marca pa\u00eds que promueven las diferentes industrias culturales y creativas, ha recibido un importante respaldo nacional e internacional, con presentaciones en Madrid, M\u00e9xico y Londres.<\/p>\n<p>Tambi\u00e9n la International Business Awards\u00ae (IBA) de Estados Unidos le otorg\u00f3 un galard\u00f3n Stevie\u00ae de bronce como Campa\u00f1a de Comunicaci\u00f3n del A\u00f1o, en la categor\u00eda Arte y Entretenimiento, destacando su \u00abgran impacto en la sociedad\u00bb por tener \u00abun enfoque convincente para impulsar una mayor conciencia del talento en la econom\u00eda naranja de la Rep\u00fablica Dominicana\u00bb.<\/p>\n<p>Los interesados pueden encontrar m\u00e1s informaci\u00f3n sobre esta iniciativa en la web\u00a0<a href=\"http:\/\/www.dominicanacreativa.com\/\" target=\"_blank\" rel=\"noreferrer noopener\">www.dominicanacreativa.com<\/a><\/p>\n<\/div>\n","protected":false},"excerpt":{"rendered":"<p>Ofrece charlas y acceso a pr\u00e9stamos en Congreso Naranja del Ministerio de Cultura Santo Domingo, D.N. \u2013 El Banco Popular Dominicano promover\u00e1 la formaci\u00f3n y el conocimiento de los emprendedores&hellip; <\/p>\n","protected":false},"author":2,"featured_media":3496,"comment_status":"closed","ping_status":"closed","sticky":false,"template":"","format":"standard","meta":{"fifu_image_url":"https:\/\/i0.wp.com\/elmundodelosnegocios.com.do\/v1\/wp-content\/uploads\/2023\/06\/01.jpg?resize=1000,714&ssl=1","fifu_image_alt":"Banco Popular promueve a los emprendedores creativos","footnotes":""},"categories":[63],"tags":[],"class_list":["post-3495","post","type-post","status-publish","format-standard","has-post-thumbnail","hentry","category-actualidad"],"_links":{"self":[{"href":"https:\/\/elmundodelapolitica.com\/v1\/wp-json\/wp\/v2\/posts\/3495","targetHints":{"allow":["GET"]}}],"collection":[{"href":"https:\/\/elmundodelapolitica.com\/v1\/wp-json\/wp\/v2\/posts"}],"about":[{"href":"https:\/\/elmundodelapolitica.com\/v1\/wp-json\/wp\/v2\/types\/post"}],"author":[{"embeddable":true,"href":"https:\/\/elmundodelapolitica.com\/v1\/wp-json\/wp\/v2\/users\/2"}],"replies":[{"embeddable":true,"href":"https:\/\/elmundodelapolitica.com\/v1\/wp-json\/wp\/v2\/comments?post=3495"}],"version-history":[{"count":0,"href":"https:\/\/elmundodelapolitica.com\/v1\/wp-json\/wp\/v2\/posts\/3495\/revisions"}],"wp:featuredmedia":[{"embeddable":true,"href":"https:\/\/elmundodelapolitica.com\/v1\/wp-json\/wp\/v2\/media\/3496"}],"wp:attachment":[{"href":"https:\/\/elmundodelapolitica.com\/v1\/wp-json\/wp\/v2\/media?parent=3495"}],"wp:term":[{"taxonomy":"category","embeddable":true,"href":"https:\/\/elmundodelapolitica.com\/v1\/wp-json\/wp\/v2\/categories?post=3495"},{"taxonomy":"post_tag","embeddable":true,"href":"https:\/\/elmundodelapolitica.com\/v1\/wp-json\/wp\/v2\/tags?post=3495"}],"curies":[{"name":"wp","href":"https:\/\/api.w.org\/{rel}","templated":true}]}}