{"id":3491,"date":"2023-06-12T01:07:30","date_gmt":"2023-06-12T05:07:30","guid":{"rendered":"https:\/\/elmundodelapolitica.com\/v1\/?p=3491"},"modified":"2023-06-12T01:07:30","modified_gmt":"2023-06-12T05:07:30","slug":"resumen-capcom-cumple-40-anos-el-proximo-11-de-junio","status":"publish","type":"post","link":"https:\/\/elmundodelapolitica.com\/v1\/resumen-capcom-cumple-40-anos-el-proximo-11-de-junio\/","title":{"rendered":"Resumen: Capcom cumple 40 a\u00f1os el pr\u00f3ximo 11 de junio"},"content":{"rendered":"<p>Env\u00eda un mensaje de agradecimiento por su aniversario \u00abde Osaka, al mundo\u00bbOSAKA, Jap\u00f3n&#8211;(BUSINESS WIRE)&#8211;Capcom Co., Ltd. (TOKYO:9697) celebrar\u00e1 su 40 aniversario el pr\u00f3ximo 11 de junio de 2023, coincidiendo con su fundaci\u00f3n el 11 de junio de 1983. En reconocimiento a este hecho, Capcom expresa su gratitud a todos los que forman parte de la empresa por su continuo apoyo durante estos cuarenta a\u00f1os.<br \/>\nPara conmemorar el 40 aniversario de su fundaci\u00f3n, Capcom retoma su lema \u00abde Osaka, al mundo\u00bb y traslada as\u00ed un mensaje de agradecimiento a todos sus colaboradores. Esto incluye una publicaci\u00f3n a toda p\u00e1gina del aniversario de los 40 a\u00f1os en la edici\u00f3n del 9 de junio del Financial Times, en la que se expresa el agradecimiento de la empresa a quienes, en todo el mundo, han contribuido a que Capcom ofrezca la diversi\u00f3n y la emoci\u00f3n de un contenido original y muy creativo en m\u00e1s de 200 pa\u00edses y regiones de todo el mundo.<br \/>\nEl comunicado en el idioma original es la versi\u00f3n oficial y autorizada del mismo. Esta traducci\u00f3n es solamente un medio de ayuda y deber\u00e1 ser comparada con el texto en idioma original, que es la \u00fanica versi\u00f3n del texto que tendr\u00e1 validez legal. Contacts<br \/>\nSecci\u00f3n de relaciones p\u00fablicas y relaciones con los inversores de Capcom<br \/>\nDaniel Levine<br \/>\n+81-6-6920-3623<br \/>\ndaniel-levine@capcom.com<br \/>\nYoshiko Ikeda<br \/>\n+81-6-6920-3623<br \/>\nyoshiko-ikeda@capcom.com<\/p>\n","protected":false},"excerpt":{"rendered":"<div>\n<p class=\"bwalignc\">\nEnv\u00eda un mensaje de agradecimiento por su aniversario \u00abde Osaka, al mundo\u00bb<\/p>\n<p>OSAKA, Jap\u00f3n&#8211;(BUSINESS WIRE)&#8211;Capcom Co., Ltd. (TOKYO:9697) celebrar\u00e1 su 40<sup> <\/sup>aniversario el pr\u00f3ximo 11 de junio de 2023, coincidiendo con su fundaci\u00f3n el 11 de junio de 1983. En reconocimiento a este hecho, Capcom expresa su gratitud a todos los que forman parte de la empresa por su continuo apoyo durante estos cuarenta a\u00f1os.<\/p>\n<p><a href=\"https:\/\/mms.businesswire.com\/media\/20230609005098\/es\/1815073\/5\/capcomco_photo.jpg\"><img decoding=\"async\" src=\"https:\/\/mms.businesswire.com\/media\/20230609005095\/en\/1815073\/21\/capcomco_photo.jpg\"><\/a><br \/><a href=\"https:\/\/mms.businesswire.com\/media\/20230609005098\/es\/1815072\/4\/Capcom_Logo.jpg\"><img decoding=\"async\" src=\"https:\/\/mms.businesswire.com\/media\/20230609005095\/en\/1815072\/21\/Capcom_Logo.jpg\"><\/a><\/p>\n<p>\nPara conmemorar el 40<sup> <\/sup>aniversario de su fundaci\u00f3n, Capcom retoma su lema \u00abde Osaka, al mundo\u00bb y traslada as\u00ed un mensaje de agradecimiento a todos sus colaboradores. Esto incluye una publicaci\u00f3n a toda p\u00e1gina del aniversario de los 40 a\u00f1os en la edici\u00f3n del 9 de junio del Financial Times, en la que se expresa el agradecimiento de la empresa a quienes, en todo el mundo, han contribuido a que Capcom ofrezca la diversi\u00f3n y la emoci\u00f3n de un contenido original y muy creativo en m\u00e1s de 200 pa\u00edses y regiones de todo el mundo.<\/p>\n<p>\nEl comunicado en el idioma original es la versi\u00f3n oficial y autorizada del mismo. Esta traducci\u00f3n es solamente un medio de ayuda y deber\u00e1 ser comparada con el texto en idioma original, que es la \u00fanica versi\u00f3n del texto que tendr\u00e1 validez legal.<\/p>\n<p> <b>Contacts<\/b> <\/p>\n<p>\nSecci\u00f3n de relaciones p\u00fablicas y relaciones con los inversores de Capcom<br \/>\n<br \/>Daniel Levine<br \/>\n<br \/>+81-6-6920-3623<br \/>\n<br \/><a target=\"_blank\" href=\"mailto:daniel-levine@capcom.com\" rel=\"nofollow noopener\">daniel-levine@capcom.com<\/a><\/p>\n<p>\nYoshiko Ikeda<br \/>\n<br \/>+81-6-6920-3623<br \/>\n<br \/><a target=\"_blank\" href=\"mailto:yoshiko-ikeda@capcom.com\" rel=\"nofollow noopener\">yoshiko-ikeda@capcom.com<\/a><\/p>\n<\/div>\n","protected":false},"author":2,"featured_media":3492,"comment_status":"closed","ping_status":"closed","sticky":false,"template":"","format":"standard","meta":{"fifu_image_url":"https:\/\/mms.businesswire.com\/media\/20230609005095\/en\/1815073\/21\/capcomco_photo.jpg","fifu_image_alt":"Resumen: Capcom cumple 40 a\u00f1os el pr\u00f3ximo 11 de junio","footnotes":""},"categories":[44],"tags":[],"class_list":["post-3491","post","type-post","status-publish","format-standard","has-post-thumbnail","hentry","category-business-wire"],"_links":{"self":[{"href":"https:\/\/elmundodelapolitica.com\/v1\/wp-json\/wp\/v2\/posts\/3491","targetHints":{"allow":["GET"]}}],"collection":[{"href":"https:\/\/elmundodelapolitica.com\/v1\/wp-json\/wp\/v2\/posts"}],"about":[{"href":"https:\/\/elmundodelapolitica.com\/v1\/wp-json\/wp\/v2\/types\/post"}],"author":[{"embeddable":true,"href":"https:\/\/elmundodelapolitica.com\/v1\/wp-json\/wp\/v2\/users\/2"}],"replies":[{"embeddable":true,"href":"https:\/\/elmundodelapolitica.com\/v1\/wp-json\/wp\/v2\/comments?post=3491"}],"version-history":[{"count":0,"href":"https:\/\/elmundodelapolitica.com\/v1\/wp-json\/wp\/v2\/posts\/3491\/revisions"}],"wp:featuredmedia":[{"embeddable":true,"href":"https:\/\/elmundodelapolitica.com\/v1\/wp-json\/wp\/v2\/media\/3492"}],"wp:attachment":[{"href":"https:\/\/elmundodelapolitica.com\/v1\/wp-json\/wp\/v2\/media?parent=3491"}],"wp:term":[{"taxonomy":"category","embeddable":true,"href":"https:\/\/elmundodelapolitica.com\/v1\/wp-json\/wp\/v2\/categories?post=3491"},{"taxonomy":"post_tag","embeddable":true,"href":"https:\/\/elmundodelapolitica.com\/v1\/wp-json\/wp\/v2\/tags?post=3491"}],"curies":[{"name":"wp","href":"https:\/\/api.w.org\/{rel}","templated":true}]}}