{"id":3475,"date":"2023-06-11T13:18:59","date_gmt":"2023-06-11T17:18:59","guid":{"rendered":"https:\/\/elmundodelapolitica.com\/v1\/?p=3475"},"modified":"2023-06-11T13:18:59","modified_gmt":"2023-06-11T17:18:59","slug":"aduanas-presenta-en-europa-ventajas-para-invertir-en-sector-logistico-de-rd","status":"publish","type":"post","link":"https:\/\/elmundodelapolitica.com\/v1\/aduanas-presenta-en-europa-ventajas-para-invertir-en-sector-logistico-de-rd\/","title":{"rendered":"Aduanas presenta en Europa ventajas para invertir en sector log\u00edstico de RD"},"content":{"rendered":"<div>\n<p>Barcelona, Espa\u00f1a. \u2013 La\u00a0<strong>Direcci\u00f3n General de Aduanas (DGA) y empresarios del sector privado,<\/strong>\u00a0junto con miembros de la Asociaci\u00f3n Dominicana de Centros y Operadores Log\u00edsticos\u00a0<strong>(ASOLOGIC),<\/strong>\u00a0presentaron ante empresarios europeos del\u00a0<strong>sector log\u00edstico<\/strong>, las ventajas que tiene la Rep\u00fablica Dominicana a nivel jur\u00eddico, tecnol\u00f3gico, de\u00a0<strong>infraestructura y de conectividad a\u00e9rea y mar\u00edtima<\/strong>, para que empresas extranjeras instalen su\u00a0<strong>centro de distribuci\u00f3n de mercanc\u00edas para la regi\u00f3n<\/strong>.\u00a0<\/p>\n<div class=\"wp-block-image\">\n<figure class=\"aligncenter size-large\"><img loading=\"lazy\" data-attachment-id=\"28690\" data-permalink=\"https:\/\/elmundodelosnegocios.com.do\/v1\/index.php\/2023\/06\/11\/aduanas-presenta-en-europa-ventajas-para-invertir-en-sector-logistico-de-rd\/el-subdirector-de-aduanas-johannes-kelner-durante-su-exposicion-en-sil-barcelona\/\" data-orig-file=\"https:\/\/i0.wp.com\/elmundodelosnegocios.com.do\/v1\/wp-content\/uploads\/2023\/06\/El-subdirector-de-Aduanas-Johannes-Kelner-durante-su-exposicion-en-SIL-Barcelona..jpg?fit=1300%2C731&amp;ssl=1\" data-orig-size=\"1300,731\" data-comments-opened=\"0\" data-image-meta='{\"aperture\":\"0\",\"credit\":\"\",\"camera\":\"\",\"caption\":\"\",\"created_timestamp\":\"0\",\"copyright\":\"\",\"focal_length\":\"0\",\"iso\":\"0\",\"shutter_speed\":\"0\",\"title\":\"\",\"orientation\":\"0\"}' data-image-title=\"El-subdirector-de-Aduanas-Johannes-Kelner-durante-su-exposicion-en-SIL-Barcelona.\" data-image-description=\"&lt;p&gt;El subdirector de Aduanas, Johannes Kelner, durante su exposici\u00f3n en SIL Barcelona. &lt;\/p&gt;\n\" data-image-caption=\"&lt;p&gt;El subdirector de Aduanas, Johannes Kelner, durante su exposici\u00f3n en SIL Barcelona. &lt;\/p&gt;\n\" data-medium-file=\"https:\/\/i0.wp.com\/elmundodelosnegocios.com.do\/v1\/wp-content\/uploads\/2023\/06\/El-subdirector-de-Aduanas-Johannes-Kelner-durante-su-exposicion-en-SIL-Barcelona..jpg?fit=300%2C169&amp;ssl=1\" data-large-file=\"https:\/\/i0.wp.com\/elmundodelosnegocios.com.do\/v1\/wp-content\/uploads\/2023\/06\/El-subdirector-de-Aduanas-Johannes-Kelner-durante-su-exposicion-en-SIL-Barcelona..jpg?fit=1024%2C576&amp;ssl=1\" decoding=\"async\" width=\"1024\" height=\"576\" src=\"https:\/\/i0.wp.com\/elmundodelosnegocios.com.do\/v1\/wp-content\/uploads\/2023\/06\/El-subdirector-de-Aduanas-Johannes-Kelner-durante-su-exposicion-en-SIL-Barcelona.-1024x576.jpg?resize=1024,576&amp;ssl=1\" alt=\"\" class=\"wp-image-28690\" srcset=\"https:\/\/i0.wp.com\/elmundodelosnegocios.com.do\/v1\/wp-content\/uploads\/2023\/06\/El-subdirector-de-Aduanas-Johannes-Kelner-durante-su-exposicion-en-SIL-Barcelona..jpg?resize=1024%2C576&amp;ssl=1 1024w, https:\/\/i0.wp.com\/elmundodelosnegocios.com.do\/v1\/wp-content\/uploads\/2023\/06\/El-subdirector-de-Aduanas-Johannes-Kelner-durante-su-exposicion-en-SIL-Barcelona..jpg?resize=300%2C169&amp;ssl=1 300w, https:\/\/i0.wp.com\/elmundodelosnegocios.com.do\/v1\/wp-content\/uploads\/2023\/06\/El-subdirector-de-Aduanas-Johannes-Kelner-durante-su-exposicion-en-SIL-Barcelona..jpg?resize=768%2C432&amp;ssl=1 768w, https:\/\/i0.wp.com\/elmundodelosnegocios.com.do\/v1\/wp-content\/uploads\/2023\/06\/El-subdirector-de-Aduanas-Johannes-Kelner-durante-su-exposicion-en-SIL-Barcelona..jpg?w=1300&amp;ssl=1 1300w\" sizes=\"auto, (max-width: 1024px) 100vw, 1024px\" data-recalc-dims=\"1\"><figcaption class=\"wp-element-caption\">El subdirector de Aduanas, Johannes Kelner, durante su exposici\u00f3n en SIL Barcelona.<\/figcaption><\/figure>\n<\/div>\n<p>Esto durante el\u00a0<strong>\u201cSIL Barcelona 2023\u201d,<\/strong>\u00a0la feria log\u00edstica m\u00e1s importante del sur de Europa, donde,\u00a0<strong>por primera vez, una misi\u00f3n p\u00fablico-privada, participa en nombre del pa\u00eds buscando atraer inversiones en log\u00edstica.\u00a0<\/strong><\/p>\n<p><strong>El subdirector de Aduanas, Johannes Kelner<\/strong>, expuso en el evento, que congrega a m\u00e1s de 650 empresas log\u00edsticas, las condiciones que han hecho de la Rep\u00fablica Dominicana el\u00a0<strong>pa\u00eds con mayor crecimiento econ\u00f3mico de la regi\u00f3n<\/strong>, como lo muestra el aumento de un 27 % en el 2022 de la inversi\u00f3n extranjera directa, con respecto a 2021.\u00a0<\/p>\n<p>En tanto que, en representaci\u00f3n del sector privado dominicano particip\u00f3\u00a0<strong>el empresario Guillermo Alba<\/strong>, de la Asociaci\u00f3n Dominicana de Centros y Operadores Log\u00edsticos (ASOLOGIC), quien abord\u00f3 el tema de<strong>\u00a0la distribuci\u00f3n estrat\u00e9gica de mercanc\u00edas a nivel internacional.\u00a0<\/strong><\/p>\n<p>Ambos se reunieron con la\u00a0<strong>Foment de Treval Nacional en Barcelona, la asociaci\u00f3n de empresas m\u00e1s importante de Espa\u00f1a<\/strong>, con m\u00e1s de 230,000 empresas asociadas, de 900 asociaciones y gremios y 77 organizaciones sectoriales, un aliado clave para desarrollar actividades de negocios.<\/p>\n<p>Con Foment Treval se trataron\u00a0<strong>temas de cooperaci\u00f3n\u00a0<\/strong>para el fomento de la inversi\u00f3n, actividades de negocios y el crecimiento del sector log\u00edstico.<\/p>\n<figure class=\"wp-block-image\"><img decoding=\"async\" src=\"https:\/\/i0.wp.com\/presidencia.gob.do\/sites\/default\/files\/inline-images\/Foto 1 Funcionarios de la DGA, empresarios del sector privado y miembros de Asologic junto al embajador dominicano en el Reino de Espa\u00f1a, Juan Bol\u00edvar Diaz..jpg?w=1110&amp;ssl=1\" alt=\"\" data-recalc-dims=\"1\"><\/figure>\n<p>La participaci\u00f3n de la Rep\u00fablica Dominicana, en el primer d\u00eda de la feria, cont\u00f3 tambi\u00e9n, con la presencia del embajador dominicano en el Reino de Espa\u00f1a,\u00a0<strong>Juan Bol\u00edvar D\u00edaz, y otros miembros del cuerpo diplom\u00e1tico.<\/strong><\/p>\n<p>La presencia de la DGA junto con el sector privado y los miembros de ASOLOGIC en el evento es un\u00a0<strong>esfuerzo unificado<\/strong>\u00a0para promover el pa\u00eds en el exterior como un\u00a0<strong>hub log\u00edstico de clase mundial.<\/strong><\/p>\n<p><strong>Sobre el evento<\/strong><\/p>\n<p>En SIL Barcelona participan m\u00e1s de 6,000 personas y lleva 25 a\u00f1os realiz\u00e1ndose.<\/p>\n<p><strong>En el marco del SIL 2023, sumando sinergias con el SIL KNOWLEDGE, se llevan a cabo 4 grandes congresos internacionales<\/strong>\u00a0que re\u00fanen a los expertos m\u00e1s destacados en log\u00edstica: El 39 Congreso ALACAT, la 18.\u00aa European Conference &amp; European Research Seminar del CSCMP, la 19.\u00aa MedaLogistics Week y la 26.\u00aa edici\u00f3n de EUROLOG.<\/p>\n<p>Se est\u00e1 realizando del 7 al 9 de junio en el Recinto de Montju\u00efc \u2013 Plaza Espa\u00f1a de Fira de Barcelona.<\/p>\n<\/div>\n","protected":false},"excerpt":{"rendered":"<p>Barcelona, Espa\u00f1a. \u2013 La\u00a0Direcci\u00f3n General de Aduanas (DGA) y empresarios del sector privado,\u00a0junto con miembros de la Asociaci\u00f3n Dominicana de Centros y Operadores Log\u00edsticos\u00a0(ASOLOGIC),\u00a0presentaron ante empresarios europeos del\u00a0sector log\u00edstico, las&hellip; <\/p>\n","protected":false},"author":2,"featured_media":3476,"comment_status":"closed","ping_status":"closed","sticky":false,"template":"","format":"standard","meta":{"fifu_image_url":"https:\/\/i0.wp.com\/elmundodelosnegocios.com.do\/v1\/wp-content\/uploads\/2023\/06\/El-subdirector-de-Aduanas-Johannes-Kelner-durante-su-exposicion-en-SIL-Barcelona.-1024x576.jpg?resize=1024,576&ssl=1","fifu_image_alt":"Aduanas presenta en Europa ventajas para invertir en sector log\u00edstico de RD","footnotes":""},"categories":[63],"tags":[],"class_list":["post-3475","post","type-post","status-publish","format-standard","has-post-thumbnail","hentry","category-actualidad"],"_links":{"self":[{"href":"https:\/\/elmundodelapolitica.com\/v1\/wp-json\/wp\/v2\/posts\/3475","targetHints":{"allow":["GET"]}}],"collection":[{"href":"https:\/\/elmundodelapolitica.com\/v1\/wp-json\/wp\/v2\/posts"}],"about":[{"href":"https:\/\/elmundodelapolitica.com\/v1\/wp-json\/wp\/v2\/types\/post"}],"author":[{"embeddable":true,"href":"https:\/\/elmundodelapolitica.com\/v1\/wp-json\/wp\/v2\/users\/2"}],"replies":[{"embeddable":true,"href":"https:\/\/elmundodelapolitica.com\/v1\/wp-json\/wp\/v2\/comments?post=3475"}],"version-history":[{"count":0,"href":"https:\/\/elmundodelapolitica.com\/v1\/wp-json\/wp\/v2\/posts\/3475\/revisions"}],"wp:featuredmedia":[{"embeddable":true,"href":"https:\/\/elmundodelapolitica.com\/v1\/wp-json\/wp\/v2\/media\/3476"}],"wp:attachment":[{"href":"https:\/\/elmundodelapolitica.com\/v1\/wp-json\/wp\/v2\/media?parent=3475"}],"wp:term":[{"taxonomy":"category","embeddable":true,"href":"https:\/\/elmundodelapolitica.com\/v1\/wp-json\/wp\/v2\/categories?post=3475"},{"taxonomy":"post_tag","embeddable":true,"href":"https:\/\/elmundodelapolitica.com\/v1\/wp-json\/wp\/v2\/tags?post=3475"}],"curies":[{"name":"wp","href":"https:\/\/api.w.org\/{rel}","templated":true}]}}