{"id":3471,"date":"2023-06-11T13:14:48","date_gmt":"2023-06-11T17:14:48","guid":{"rendered":"https:\/\/elmundodelapolitica.com\/v1\/?p=3471"},"modified":"2023-06-11T13:14:48","modified_gmt":"2023-06-11T17:14:48","slug":"mived-ha-impactado-mas-de-150000-personas-a-traves-de-la-construccion-y-reparacion-de-viviendas-en-todo-el-pais","status":"publish","type":"post","link":"https:\/\/elmundodelapolitica.com\/v1\/mived-ha-impactado-mas-de-150000-personas-a-traves-de-la-construccion-y-reparacion-de-viviendas-en-todo-el-pais\/","title":{"rendered":"MIVED ha impactado m\u00e1s de 150,000 personas, a trav\u00e9s de la construcci\u00f3n y reparaci\u00f3n de viviendas en todo el pa\u00eds"},"content":{"rendered":"<div>\n<p>Nairobi, Kenia.- En tan solo dos a\u00f1os de gesti\u00f3n, el\u00a0<strong>Ministerio de la Vivienda y Edificaciones (MIVED)<\/strong>\u00a0ha impactado a m\u00e1s de 150,000 personas, a trav\u00e9s de la\u00a0<strong>construcci\u00f3n y reparaci\u00f3n de m\u00e1s de 45,000 viviendas en todo el pa\u00eds<\/strong>. As\u00ed lo indic\u00f3 el\u00a0<strong>ministro Carlos Bonilla<\/strong>\u00a0durante su participaci\u00f3n en el segundo per\u00edodo de sesiones de la\u00a0<strong>Asamblea de las Naciones Unidas para el H\u00e1bitat, en Nairobi, Kenia.<\/strong><\/p>\n<div class=\"wp-block-image\">\n<figure class=\"aligncenter size-large\"><img data-attachment-id=\"28684\" data-permalink=\"https:\/\/elmundodelosnegocios.com.do\/v1\/index.php\/2023\/06\/11\/mived-ha-impactado-mas-de-150000-personas-a-traves-de-la-construccion-y-reparacion-de-viviendas-en-todo-el-pais\/05-46\/\" data-orig-file=\"https:\/\/i0.wp.com\/elmundodelosnegocios.com.do\/v1\/wp-content\/uploads\/2023\/06\/05.jpg?fit=1300%2C731&amp;ssl=1\" data-orig-size=\"1300,731\" data-comments-opened=\"0\" data-image-meta='{\"aperture\":\"0\",\"credit\":\"\",\"camera\":\"\",\"caption\":\"\",\"created_timestamp\":\"0\",\"copyright\":\"\",\"focal_length\":\"0\",\"iso\":\"0\",\"shutter_speed\":\"0\",\"title\":\"\",\"orientation\":\"0\"}' data-image-title=\"05\" data-image-description=\"\" data-image-caption=\"\" data-medium-file=\"https:\/\/i0.wp.com\/elmundodelosnegocios.com.do\/v1\/wp-content\/uploads\/2023\/06\/05.jpg?fit=300%2C169&amp;ssl=1\" data-large-file=\"https:\/\/i0.wp.com\/elmundodelosnegocios.com.do\/v1\/wp-content\/uploads\/2023\/06\/05.jpg?fit=1024%2C576&amp;ssl=1\" decoding=\"async\" loading=\"lazy\" width=\"1024\" height=\"576\" src=\"https:\/\/i0.wp.com\/elmundodelosnegocios.com.do\/v1\/wp-content\/uploads\/2023\/06\/05-1024x576.jpg?resize=1024,576&amp;ssl=1\" alt=\"\" class=\"wp-image-28684\" srcset=\"https:\/\/i0.wp.com\/elmundodelosnegocios.com.do\/v1\/wp-content\/uploads\/2023\/06\/05.jpg?resize=1024%2C576&amp;ssl=1 1024w, https:\/\/i0.wp.com\/elmundodelosnegocios.com.do\/v1\/wp-content\/uploads\/2023\/06\/05.jpg?resize=300%2C169&amp;ssl=1 300w, https:\/\/i0.wp.com\/elmundodelosnegocios.com.do\/v1\/wp-content\/uploads\/2023\/06\/05.jpg?resize=768%2C432&amp;ssl=1 768w, https:\/\/i0.wp.com\/elmundodelosnegocios.com.do\/v1\/wp-content\/uploads\/2023\/06\/05.jpg?w=1300&amp;ssl=1 1300w\" sizes=\"auto, (max-width: 1024px) 100vw, 1024px\" data-recalc-dims=\"1\"><\/figure>\n<\/div>\n<p>Desde la creaci\u00f3n del MIVED en 2021, el desarrollo de\u00a0<strong>viviendas de bajo costo pas\u00f3 de 15,000 anuales a 55,000<\/strong>\u00a0-en tan solo dos a\u00f1os-, haciendo uso eficiente de los recursos que maneja esa entidad.\u00a0\u00a0<\/p>\n<p>Durante el encuentro internacional, el ministro Bonilla destac\u00f3 el\u00a0<strong>crecimiento econ\u00f3mico sostenido que ha presentado la Rep\u00fablica Dominicana<\/strong>\u00a0durante los \u00faltimos 30 a\u00f1os, se\u00f1alando que para el a\u00f1o 2022, el Producto Interno Bruto (PIB) per c\u00e1pita cerr\u00f3 en US 10,733.\u00a0<\/p>\n<p>Asimismo, resalt\u00f3 la importancia de<strong>\u00a0trabajar de forma colaborativa con otros pa\u00edses<\/strong>\u00a0en el abordaje del\u00a0<strong>desaf\u00edo que representa el acceso a vivienda para las econom\u00edas<\/strong>. Bonilla indic\u00f3 que promover la\u00a0<strong>cooperaci\u00f3n internacional\u00a0<\/strong>y trabajar con los\u00a0<strong>pa\u00edses de renta baja y media<\/strong>, adem\u00e1s de mantener una perspectiva multipa\u00eds, constituyen aspectos fundamentales para progresar en esta materia.<\/p>\n<p><em>\u201cLa Rep\u00fablica Dominicana est\u00e1 comprometida con estos principios y continuar\u00e1 impulsando pol\u00edticas y programas que garanticen viviendas asequibles y entornos urbanos inclusivos\u201d<\/em>, agreg\u00f3.\u00a0<\/p>\n<p><strong>Sobre la Asamblea de las Naciones Unidas para el H\u00e1bitat\u00a0<\/strong><\/p>\n<p>El segundo per\u00edodo de sesiones de la Asamblea de las Naciones Unidas para el H\u00e1bitat es un espacio que ofrece oportunidades para formar alianzas estrat\u00e9gicas y avanzar en la\u00a0<strong>agenda de urbanizaci\u00f3n sostenible y asentamientos humanos.<\/strong><\/p>\n<p>La Asamblea tiene como objetivo proponer soluciones innovadoras sobre c\u00f3mo se planifican, dise\u00f1an, administran y gobiernan las ciudades y las comunidades, as\u00ed como exponer mejores pr\u00e1cticas que acerquen las oportunidades del\u00a0<strong>desarrollo urbano sostenible para no dejar a nadie ni a ning\u00fan lugar atr\u00e1s.<\/strong><\/p>\n<p>El tema central de estas sesiones, que concluyen el 9 de junio, es\u00a0<strong>\u00abUn futuro urbano sostenible a trav\u00e9s del multilateralismo inclusivo y efectivo: alcanzar los Objetivos de Desarrollo Sostenible en tiempos de crisis global\u201d.<\/strong><\/p>\n<\/div>\n","protected":false},"excerpt":{"rendered":"<p>Nairobi, Kenia.- En tan solo dos a\u00f1os de gesti\u00f3n, el\u00a0Ministerio de la Vivienda y Edificaciones (MIVED)\u00a0ha impactado a m\u00e1s de 150,000 personas, a trav\u00e9s de la\u00a0construcci\u00f3n y reparaci\u00f3n de m\u00e1s&hellip; <\/p>\n","protected":false},"author":2,"featured_media":3472,"comment_status":"closed","ping_status":"closed","sticky":false,"template":"","format":"standard","meta":{"fifu_image_url":"https:\/\/i0.wp.com\/elmundodelosnegocios.com.do\/v1\/wp-content\/uploads\/2023\/06\/05-1024x576.jpg?resize=1024,576&ssl=1","fifu_image_alt":"MIVED ha impactado m\u00e1s de 150,000 personas, a trav\u00e9s de la construcci\u00f3n y reparaci\u00f3n de viviendas en todo el pa\u00eds","footnotes":""},"categories":[63],"tags":[],"class_list":["post-3471","post","type-post","status-publish","format-standard","has-post-thumbnail","hentry","category-actualidad"],"_links":{"self":[{"href":"https:\/\/elmundodelapolitica.com\/v1\/wp-json\/wp\/v2\/posts\/3471","targetHints":{"allow":["GET"]}}],"collection":[{"href":"https:\/\/elmundodelapolitica.com\/v1\/wp-json\/wp\/v2\/posts"}],"about":[{"href":"https:\/\/elmundodelapolitica.com\/v1\/wp-json\/wp\/v2\/types\/post"}],"author":[{"embeddable":true,"href":"https:\/\/elmundodelapolitica.com\/v1\/wp-json\/wp\/v2\/users\/2"}],"replies":[{"embeddable":true,"href":"https:\/\/elmundodelapolitica.com\/v1\/wp-json\/wp\/v2\/comments?post=3471"}],"version-history":[{"count":0,"href":"https:\/\/elmundodelapolitica.com\/v1\/wp-json\/wp\/v2\/posts\/3471\/revisions"}],"wp:featuredmedia":[{"embeddable":true,"href":"https:\/\/elmundodelapolitica.com\/v1\/wp-json\/wp\/v2\/media\/3472"}],"wp:attachment":[{"href":"https:\/\/elmundodelapolitica.com\/v1\/wp-json\/wp\/v2\/media?parent=3471"}],"wp:term":[{"taxonomy":"category","embeddable":true,"href":"https:\/\/elmundodelapolitica.com\/v1\/wp-json\/wp\/v2\/categories?post=3471"},{"taxonomy":"post_tag","embeddable":true,"href":"https:\/\/elmundodelapolitica.com\/v1\/wp-json\/wp\/v2\/tags?post=3471"}],"curies":[{"name":"wp","href":"https:\/\/api.w.org\/{rel}","templated":true}]}}