{"id":346,"date":"2022-06-12T15:34:35","date_gmt":"2022-06-12T19:34:35","guid":{"rendered":"http:\/\/www.elmundodelapolitica.com\/v2\/?p=25477"},"modified":"2022-06-12T15:34:35","modified_gmt":"2022-06-12T19:34:35","slug":"la-alianza-para-el-desarrollo-en-democracia-recibe-a-ecuador-como-miembro-constitutivo","status":"publish","type":"post","link":"https:\/\/elmundodelapolitica.com\/v1\/la-alianza-para-el-desarrollo-en-democracia-recibe-a-ecuador-como-miembro-constitutivo\/","title":{"rendered":"La Alianza para el Desarrollo en Democracia recibe a Ecuador como miembro constitutivo"},"content":{"rendered":"\n<p>Santo Domingo.- Los presidentes, de Panam\u00e1, Laurentino Cortizo Cohen; de Costa Rica, Rodrigo Chaves; y de Rep\u00fablica Dominicana, Luis Abinader, como pa\u00edses fundadores de la Alianza para el Desarrollo en Democracia (ADD), dieron la bienvenida a Guillermo Lasso, presidente de Ecuador, que se adhiere a este grupo regional en el marco de la IX Cumbre de las Am\u00e9ricas, que se desarrolla en Los \u00c1ngeles, Estados Unidos.<\/p>\n\n\n\n<p>Ecuador es el cuarto pa\u00eds que se integra a esta iniciativa de di\u00e1logo pol\u00edtico, cooperaci\u00f3n y promoci\u00f3n del comercio para el desarrollo sostenible, sobre la base del compromiso con la institucionalidad democr\u00e1tica, el respeto a los derechos humanos y el estado de derecho.<\/p>\n\n\n\n<p>En su declaraci\u00f3n constitutiva, la ADD se comprometi\u00f3 a gestionar acciones concretas en el marco de cinco ejes: liderazgo regional, migraci\u00f3n y refugio; sostenibilidad ambiental y cambio clim\u00e1tico; seguridad, justicia y lucha contra la corrupci\u00f3n; y crecimiento econ\u00f3mico y oportunidades socio laborales.<\/p>\n\n\n\n<p>La Alianza fue conformada en septiembre de 2021, en el marco de la 76.\u00ba Asamblea General de las Naciones Unidas, y desde entonces ha recibido el respaldo de los gobiernos de Estados Unidos, Canad\u00e1, Espa\u00f1a, entre otros.<\/p>\n","protected":false},"excerpt":{"rendered":"<p>Santo Domingo.- Los presidentes, de Panam\u00e1, Laurentino Cortizo Cohen; de Costa Rica, Rodrigo Chaves; y de Rep\u00fablica Dominicana, Luis Abinader, como pa\u00edses fundadores de la Alianza para el Desarrollo en&hellip; <\/p>\n","protected":false},"author":2,"featured_media":347,"comment_status":"closed","ping_status":"open","sticky":false,"template":"","format":"standard","meta":{"fifu_image_url":"","fifu_image_alt":"","footnotes":""},"categories":[7],"tags":[],"class_list":["post-346","post","type-post","status-publish","format-standard","has-post-thumbnail","hentry","category-politica-exterior"],"_links":{"self":[{"href":"https:\/\/elmundodelapolitica.com\/v1\/wp-json\/wp\/v2\/posts\/346","targetHints":{"allow":["GET"]}}],"collection":[{"href":"https:\/\/elmundodelapolitica.com\/v1\/wp-json\/wp\/v2\/posts"}],"about":[{"href":"https:\/\/elmundodelapolitica.com\/v1\/wp-json\/wp\/v2\/types\/post"}],"author":[{"embeddable":true,"href":"https:\/\/elmundodelapolitica.com\/v1\/wp-json\/wp\/v2\/users\/2"}],"replies":[{"embeddable":true,"href":"https:\/\/elmundodelapolitica.com\/v1\/wp-json\/wp\/v2\/comments?post=346"}],"version-history":[{"count":0,"href":"https:\/\/elmundodelapolitica.com\/v1\/wp-json\/wp\/v2\/posts\/346\/revisions"}],"wp:featuredmedia":[{"embeddable":true,"href":"https:\/\/elmundodelapolitica.com\/v1\/wp-json\/wp\/v2\/media\/347"}],"wp:attachment":[{"href":"https:\/\/elmundodelapolitica.com\/v1\/wp-json\/wp\/v2\/media?parent=346"}],"wp:term":[{"taxonomy":"category","embeddable":true,"href":"https:\/\/elmundodelapolitica.com\/v1\/wp-json\/wp\/v2\/categories?post=346"},{"taxonomy":"post_tag","embeddable":true,"href":"https:\/\/elmundodelapolitica.com\/v1\/wp-json\/wp\/v2\/tags?post=346"}],"curies":[{"name":"wp","href":"https:\/\/api.w.org\/{rel}","templated":true}]}}