{"id":3451,"date":"2023-06-09T00:14:09","date_gmt":"2023-06-09T04:14:09","guid":{"rendered":"https:\/\/elmundodelapolitica.com\/v1\/?p=3451"},"modified":"2023-06-09T00:14:13","modified_gmt":"2023-06-09T04:14:13","slug":"concluye-reunion-caricom-donde-se-abordaron-temas-sobre-financiamientos-energia-haiti-y-la-seguridad-alimentaria","status":"publish","type":"post","link":"https:\/\/elmundodelapolitica.com\/v1\/concluye-reunion-caricom-donde-se-abordaron-temas-sobre-financiamientos-energia-haiti-y-la-seguridad-alimentaria\/","title":{"rendered":"Concluye Reuni\u00f3n CARICOM donde se abordaron temas sobre financiamientos, energ\u00eda, Hait\u00ed y la seguridad alimentaria"},"content":{"rendered":"\n<p>Santo Domingo.-&nbsp;<strong>El presidente Luis Abinader<\/strong>&nbsp;concluy\u00f3 esta noche su participaci\u00f3n en la reuni\u00f3n con los miembros de la&nbsp;<strong>Comunidad del Caribe (CARICOM),<\/strong>&nbsp;donde se trataron temas sobre los accesos a&nbsp;<strong>financiamientos internacionales (Banco Mundial, FMI, BID), la seguridad alimentaria y energ\u00e9tica, as\u00ed como la crisis pol\u00edtica y de inseguridad que vive Hait\u00ed.&nbsp;<\/strong><\/p>\n\n\n\n<p>El Gobierno de los Estados Unidos, representado por su&nbsp;<strong>vicepresidenta, Kamala Harris,<\/strong>&nbsp;salud\u00f3 la oportunidad de&nbsp;<strong>continuar las discusiones<\/strong>&nbsp;con los miembros del CARICOM sobre temas claves despu\u00e9s haber sido tratados en el&nbsp;<strong>Di\u00e1logo Estrat\u00e9gico CARICOM- EE. UU. 2023<\/strong>, con motivo del lanzamiento de la&nbsp;<strong>Asociaci\u00f3n Estados Unidos-Caribe&nbsp;<\/strong>para abordar la&nbsp;<strong>crisis clim\u00e1tica 2030 y la Cumbre de las Am\u00e9ricas 2022.&nbsp;<\/strong><\/p>\n\n\n\n<p>Adem\u00e1s, el Gobierno de Estados Unidos dijo creer que un&nbsp;<strong>compromiso continuo<\/strong>&nbsp;a nivel alto fortalecer\u00e1 las alianzas y promover\u00e1 la&nbsp;<strong>unidad hemisf\u00e9rica<\/strong>.<\/p>\n\n\n\n<p><strong>Reuniones previas&nbsp;<\/strong><\/p>\n\n\n\n<p>Antes de participar en la reuni\u00f3n del CARICOM, el mandatario sostuvo una&nbsp;<strong>reuni\u00f3n con la di\u00e1spora&nbsp;<\/strong>dominicana quienes laboran como alba\u00f1iles, carpinteros, empresarios, mec\u00e1nicos, maestros constructores, estilistas de belleza y profesionales de distintas ramas que residen en Bahamas desde hace algunos a\u00f1os.<\/p>\n\n\n\n<p>Al dirigirse a sus compatriotas, el jefe de Estado dijo que&nbsp;<strong>ellos llenan de orgullo al pa\u00eds<\/strong>&nbsp;y los exhort\u00f3 a mantener un&nbsp;<strong>buen comportamiento<\/strong>, poner en alto nombre de Rep\u00fablica Dominicana &nbsp;y&nbsp;<strong>no olvidarse de su tierra.<\/strong><\/p>\n\n\n\n<p>Destac\u00f3 la necesidad de tener una representaci\u00f3n formal,&nbsp;<strong>primero con un consulado y luego con una embajada<\/strong>de la Rep\u00fablica Dominicana, dada la cantidad de dominicanos residentes aqu\u00ed y las importantes&nbsp;<strong>relaciones comerciales<\/strong>&nbsp;que pueden tener&nbsp;<strong>mayor volumen de intercambio<\/strong>.<\/p>\n\n\n\n<p>En ese sentido manifest\u00f3 que se trabajar\u00e1 para contar&nbsp;<strong>m\u00e1s y frecuentes vuelos<\/strong>&nbsp;entre los dos territorios para el&nbsp;<strong>transporte de pasajeros y carga<\/strong>&nbsp;y con ello aumentar el&nbsp;<strong>comercio bilateral.<\/strong><\/p>\n\n\n\n<p><em>\u201cUstedes se merecen esa representaci\u00f3n y tambi\u00e9n las Bahamas dada la importancia estrat\u00e9gica y geogr\u00e1fica, por ello vamos a movernos los m\u00e1s r\u00e1pido posible\u201d,<\/em>&nbsp;dijo el mandatario.<\/p>\n\n\n\n<p>Anunci\u00f3 que buscar\u00e1 con el viceministro de Asuntos Consulares de la Canciller\u00eda la&nbsp;<strong>disminuci\u00f3n del tiempo para que los criollos en este territorio reciban sus pasaportes.<\/strong><\/p>\n\n\n\n<p>Los dominicanos aprovecharon para solicitar la instalaci\u00f3n aqu\u00ed de una&nbsp;<strong>oficina de la Junta Central Electoral (JCE).<\/strong><\/p>\n\n\n\n<p>El presidente Abinader aprovech\u00f3 para recordarles que el tema electoral no es asunto del Gobierno, sino del ente responsable de los comicios y que tiene que ser&nbsp;<strong>aprobado por todos los partidos pol\u00edticos porque debe ser algo de consenso.<\/strong><\/p>\n\n\n\n<p>En el encuentro, los quisqueyanos resaltaron y&nbsp;<strong>valoraron que el presidente Abinader se reuniera con ellos<\/strong>&nbsp;para escucharlos y aprovecharon para fotografiarse junto al gobernante dominicano.<\/p>\n\n\n\n<p>En el encuentro con la di\u00e1spora participaron el canciller&nbsp;<strong>Roberto \u00c1lvarez<\/strong>; el ministro de Hacienda,&nbsp;<strong>Jochi Vicente<\/strong>; la embajadora&nbsp;<strong>Angie Shakira Mart\u00ednez<\/strong>,&nbsp;<strong>y el presidente de la Asociaci\u00f3n de Dominicanos Residentes en Bahamas.<\/strong><\/p>\n\n\n\n<p>El mandatario dominicano viaj\u00f3 acompa\u00f1ado del canciller \u00c1lvarez y el ministro Vicente, adem\u00e1s del general Jimmy Arias Grull\u00f3n, jefe del Cuerpo de Seguridad Presidencial (CUSEP), as\u00ed como sus asistentes Eilyn Beltr\u00e1n y Mercedes Pichardo.<\/p>\n","protected":false},"excerpt":{"rendered":"<p>Santo Domingo.-&nbsp;El presidente Luis Abinader&nbsp;concluy\u00f3 esta noche su participaci\u00f3n en la reuni\u00f3n con los miembros de la&nbsp;Comunidad del Caribe (CARICOM),&nbsp;donde se trataron temas sobre los accesos a&nbsp;financiamientos internacionales (Banco Mundial,&hellip; <\/p>\n","protected":false},"author":2,"featured_media":3452,"comment_status":"open","ping_status":"open","sticky":false,"template":"","format":"standard","meta":{"fifu_image_url":"","fifu_image_alt":"","footnotes":""},"categories":[54],"tags":[],"class_list":["post-3451","post","type-post","status-publish","format-standard","has-post-thumbnail","hentry","category-politica_exterior"],"_links":{"self":[{"href":"https:\/\/elmundodelapolitica.com\/v1\/wp-json\/wp\/v2\/posts\/3451","targetHints":{"allow":["GET"]}}],"collection":[{"href":"https:\/\/elmundodelapolitica.com\/v1\/wp-json\/wp\/v2\/posts"}],"about":[{"href":"https:\/\/elmundodelapolitica.com\/v1\/wp-json\/wp\/v2\/types\/post"}],"author":[{"embeddable":true,"href":"https:\/\/elmundodelapolitica.com\/v1\/wp-json\/wp\/v2\/users\/2"}],"replies":[{"embeddable":true,"href":"https:\/\/elmundodelapolitica.com\/v1\/wp-json\/wp\/v2\/comments?post=3451"}],"version-history":[{"count":1,"href":"https:\/\/elmundodelapolitica.com\/v1\/wp-json\/wp\/v2\/posts\/3451\/revisions"}],"predecessor-version":[{"id":3453,"href":"https:\/\/elmundodelapolitica.com\/v1\/wp-json\/wp\/v2\/posts\/3451\/revisions\/3453"}],"wp:featuredmedia":[{"embeddable":true,"href":"https:\/\/elmundodelapolitica.com\/v1\/wp-json\/wp\/v2\/media\/3452"}],"wp:attachment":[{"href":"https:\/\/elmundodelapolitica.com\/v1\/wp-json\/wp\/v2\/media?parent=3451"}],"wp:term":[{"taxonomy":"category","embeddable":true,"href":"https:\/\/elmundodelapolitica.com\/v1\/wp-json\/wp\/v2\/categories?post=3451"},{"taxonomy":"post_tag","embeddable":true,"href":"https:\/\/elmundodelapolitica.com\/v1\/wp-json\/wp\/v2\/tags?post=3451"}],"curies":[{"name":"wp","href":"https:\/\/api.w.org\/{rel}","templated":true}]}}