{"id":3447,"date":"2023-06-08T22:12:59","date_gmt":"2023-06-09T02:12:59","guid":{"rendered":"https:\/\/elmundodelapolitica.com\/v1\/?p=3447"},"modified":"2023-06-08T22:12:59","modified_gmt":"2023-06-09T02:12:59","slug":"republica-dominicana-continua-liderando-flujo-de-trafico-de-pasajeros-de-latinoamerica-este-2023","status":"publish","type":"post","link":"https:\/\/elmundodelapolitica.com\/v1\/republica-dominicana-continua-liderando-flujo-de-trafico-de-pasajeros-de-latinoamerica-este-2023\/","title":{"rendered":"Rep\u00fablica Dominicana contin\u00faa liderando flujo de tr\u00e1fico de pasajeros de Latinoam\u00e9rica este 2023"},"content":{"rendered":"<div>\n<p>Santo Domingo.- El territorio dominicano contin\u00faa\u00a0<strong>sobresaliendo este 2023 en el mercado de la aviaci\u00f3n comercial<\/strong>, al encabezar la lista de pa\u00edses con\u00a0<strong>mayor cantidad de pasajeros transportados v\u00eda a\u00e9rea de Latinoam\u00e9rica.\u00a0<\/strong>As\u00ed lo dio a conocer la Asociaci\u00f3n Latinoamericana de Transporte A\u00e9reo\u00a0<strong>(ALTA)<\/strong>.<\/p>\n<div class=\"wp-block-image\">\n<figure class=\"aligncenter size-full\"><img data-attachment-id=\"28651\" data-permalink=\"https:\/\/elmundodelosnegocios.com.do\/v1\/index.php\/2023\/06\/08\/republica-dominicana-continua-liderando-flujo-de-trafico-de-pasajeros-de-latinoamerica-este-2023\/aviacion-comercial\/\" data-orig-file=\"https:\/\/i0.wp.com\/elmundodelosnegocios.com.do\/v1\/wp-content\/uploads\/2023\/06\/aviacion-comercial.jpg?fit=1024%2C639&amp;ssl=1\" data-orig-size=\"1024,639\" data-comments-opened=\"0\" data-image-meta='{\"aperture\":\"0\",\"credit\":\"\",\"camera\":\"\",\"caption\":\"\",\"created_timestamp\":\"0\",\"copyright\":\"\",\"focal_length\":\"0\",\"iso\":\"0\",\"shutter_speed\":\"0\",\"title\":\"\",\"orientation\":\"0\"}' data-image-title=\"aviacion-comercial\" data-image-description=\"\" data-image-caption=\"\" data-medium-file=\"https:\/\/i0.wp.com\/elmundodelosnegocios.com.do\/v1\/wp-content\/uploads\/2023\/06\/aviacion-comercial.jpg?fit=300%2C187&amp;ssl=1\" data-large-file=\"https:\/\/i0.wp.com\/elmundodelosnegocios.com.do\/v1\/wp-content\/uploads\/2023\/06\/aviacion-comercial.jpg?fit=1024%2C639&amp;ssl=1\" decoding=\"async\" loading=\"lazy\" width=\"1024\" height=\"639\" src=\"https:\/\/i0.wp.com\/elmundodelosnegocios.com.do\/v1\/wp-content\/uploads\/2023\/06\/aviacion-comercial.jpg?resize=1024,639\" alt=\"\" class=\"wp-image-28651\" srcset=\"https:\/\/i0.wp.com\/elmundodelosnegocios.com.do\/v1\/wp-content\/uploads\/2023\/06\/aviacion-comercial.jpg?w=1024&amp;ssl=1 1024w, https:\/\/i0.wp.com\/elmundodelosnegocios.com.do\/v1\/wp-content\/uploads\/2023\/06\/aviacion-comercial.jpg?resize=300%2C187&amp;ssl=1 300w, https:\/\/i0.wp.com\/elmundodelosnegocios.com.do\/v1\/wp-content\/uploads\/2023\/06\/aviacion-comercial.jpg?resize=768%2C479&amp;ssl=1 768w\" sizes=\"auto, (max-width: 1024px) 100vw, 1024px\" data-recalc-dims=\"1\"><\/figure>\n<\/div>\n<p>En lo que respecta al tr\u00e1fico de pasajeros internacionales,\u00a0<strong>las terminales aeroportuarias dominicanas transportaron 4.6 millones de pasajeros<\/strong>\u00a0durante el primer trimestre de este a\u00f1o, liderando as\u00ed la lista de pasajeros transportados por la industria de la aviaci\u00f3n comercial de Am\u00e9rica Latina y el Caribe.<\/p>\n<p>El informe, elaborado y presentado por la ALTA, destaca que la Rep\u00fablica Dominicana alcanz\u00f3\u00a0<strong>111 % del tr\u00e1fico de pasajeros en comparaci\u00f3n al 2019<\/strong>. En este sentido, el informe detalla que otros pa\u00edses que tambi\u00e9n sobresalieron en crecimiento durante el primer trimestre de este a\u00f1o son:\u00a0<strong>Brasil, Colombia, Argentina, Chile y Per\u00fa.<\/strong><\/p>\n<p>En el estudio, Rep\u00fablica Dominicana se encuentra en el s\u00e9ptimo lugar con 4.6 millones de pasajeros transportados, M\u00e9xico con 29 millones, Brasil con 27.4 millones, Colombia 11.5, Argentina 6.9, Chile 6.4 y Per\u00fa 5.3 millones<\/p>\n<p>Marte Piantini record\u00f3 a los miembros del pleno que\u00a0<strong>Rep\u00fablica Dominicana es el territorio con la mejor conectividad a\u00e9rea del Caribe<\/strong>\u00a0y que desde la JAC contin\u00faan los esfuerzos, junto con el sector privado y las dem\u00e1s instituciones del Gobierno que forman parte del sector,\u00a0<em>\u201cpara convertir el pa\u00eds en un hub que conecta la regi\u00f3n del Caribe con el resto del mundo\u201d,<\/em>\u00a0dijo.<\/p>\n<p>El funcionario inform\u00f3 al pleno que desde el 2022 la Rep\u00fablica Dominicana se encuentra entre los primeros lugares como\u00a0<strong>uno de los pa\u00edses m\u00e1s competitivos en transporte a\u00e9reo<\/strong>\u00a0de la regi\u00f3n, seg\u00fan el\u00a0<strong>\u00cdndice de Competitividad del Transporte A\u00e9reo.<\/strong><\/p>\n<p>Asimismo, inform\u00f3 adem\u00e1s que el territorio dominicano fue el pa\u00eds de Am\u00e9rica Latina y el Caribe que\u00a0<strong>mayor crecimiento mostr\u00f3 en el tr\u00e1fico de pasajeros<\/strong>, durante el a\u00f1o 2022.<\/p>\n<p><strong>M\u00e1s conexiones<\/strong><\/p>\n<p>Durante la d\u00e9cima sesi\u00f3n ordinaria los miembros del pleno conocieron la solicitud de un\u00a0<strong>Permiso Especial del operador a\u00e9reo nacional RED AIR para realizar 1,323 vuelos<\/strong>\u00a0en las rutas: La Romana\/Miami\/Camag\u00fcey\/Miami\/La Romana; La Romana\/Miami\/Holgu\u00edn\/Miami\/La Romana; La Romana\/Miami\/La Habana \/Miami\/La Romana; La Romana\/Miami\/Managua\/Miami\/La Romana; La Romana\/Miami\/Santa Clara\/Miami\/La Romana; La Romana \/Miami\/Santiago de Cuba\/Miami\/La Romana; y La Romana\/Miami\/Varadero\/Miami \/La Romana.<\/p>\n<p>Las operaciones en estas 7 rutas se realizar\u00e1n desde el 11 de julio de 2023 hasta el 15 de enero de 2024, con una frecuencia de un\u00a0<strong>vuelo diario de lunes a domingo<\/strong>, en cada ruta.<\/p>\n<p>Igualmente, los miembros del pleno conocieron la<strong>\u00a0solicitud del operador a\u00e9reo extranjero RUTACA para operar 26 vuelos bajo la modalidad de un Permiso Especial<\/strong>\u00a0en la ruta Matur\u00edn, Venezuela\/Santo Domingo\/Matur\u00edn, Venezuela, desde el 10 de junio de 2023 hasta el 6 de septiembre de 2023, con una frecuencia de dos vuelos semanales, los mi\u00e9rcoles y s\u00e1bados.<\/p>\n<p>En ese sentido, el pleno de la JAC\u00a0<strong>tambi\u00e9n conoci\u00f3 la solicitud de IBERIA y FINNAIR para volar en la ruta Madrid\/Santo Domingo,<\/strong>\u00a0bajo la modalidad de C\u00f3digo Compartido, en la que IBERIA ser\u00e1 el operador efectivo y FINNAIR, el operador de mercado.<\/p>\n<p><strong>WORLD 2 FLY operar\u00e1 5 vuelos en la ruta: Madrid\/Santiago\/Santo Domingo \/Madrid,<\/strong>\u00a0desde el 21 de junio de 2023 hasta el 19 de julio de 2023, con una frecuencia de un vuelo a la semana, los mi\u00e9rcoles.<\/p>\n<p>Cabe mencionar que estas operaciones se estar\u00edan realizando en la temporada de verano de este a\u00f1o.<\/p>\n<p>Durante el conocimiento de las solicitudes conocidas en la d\u00e9cima sesi\u00f3n de la JAC,<strong>\u00a0el presidente del organismo aprob\u00f3 la solicitud de enmienda al Certificado de Autorizaci\u00f3n Econ\u00f3mica (CAE) del operador nacional ARAJET<\/strong>\u00a0para incluir las rutas: Santo Domingo \/Aruba\/Curazao y Santo Domingo \/Quito\/Guayaquil.<\/p>\n<\/div>\n","protected":false},"excerpt":{"rendered":"<p>Santo Domingo.- El territorio dominicano contin\u00faa\u00a0sobresaliendo este 2023 en el mercado de la aviaci\u00f3n comercial, al encabezar la lista de pa\u00edses con\u00a0mayor cantidad de pasajeros transportados v\u00eda a\u00e9rea de Latinoam\u00e9rica.\u00a0As\u00ed&hellip; <\/p>\n","protected":false},"author":2,"featured_media":3448,"comment_status":"closed","ping_status":"closed","sticky":false,"template":"","format":"standard","meta":{"fifu_image_url":"https:\/\/i0.wp.com\/elmundodelosnegocios.com.do\/v1\/wp-content\/uploads\/2023\/06\/aviacion-comercial.jpg?resize=1024,639","fifu_image_alt":"Rep\u00fablica Dominicana contin\u00faa liderando flujo de tr\u00e1fico de pasajeros de Latinoam\u00e9rica este 2023","footnotes":""},"categories":[63],"tags":[],"class_list":["post-3447","post","type-post","status-publish","format-standard","has-post-thumbnail","hentry","category-actualidad"],"_links":{"self":[{"href":"https:\/\/elmundodelapolitica.com\/v1\/wp-json\/wp\/v2\/posts\/3447","targetHints":{"allow":["GET"]}}],"collection":[{"href":"https:\/\/elmundodelapolitica.com\/v1\/wp-json\/wp\/v2\/posts"}],"about":[{"href":"https:\/\/elmundodelapolitica.com\/v1\/wp-json\/wp\/v2\/types\/post"}],"author":[{"embeddable":true,"href":"https:\/\/elmundodelapolitica.com\/v1\/wp-json\/wp\/v2\/users\/2"}],"replies":[{"embeddable":true,"href":"https:\/\/elmundodelapolitica.com\/v1\/wp-json\/wp\/v2\/comments?post=3447"}],"version-history":[{"count":0,"href":"https:\/\/elmundodelapolitica.com\/v1\/wp-json\/wp\/v2\/posts\/3447\/revisions"}],"wp:featuredmedia":[{"embeddable":true,"href":"https:\/\/elmundodelapolitica.com\/v1\/wp-json\/wp\/v2\/media\/3448"}],"wp:attachment":[{"href":"https:\/\/elmundodelapolitica.com\/v1\/wp-json\/wp\/v2\/media?parent=3447"}],"wp:term":[{"taxonomy":"category","embeddable":true,"href":"https:\/\/elmundodelapolitica.com\/v1\/wp-json\/wp\/v2\/categories?post=3447"},{"taxonomy":"post_tag","embeddable":true,"href":"https:\/\/elmundodelapolitica.com\/v1\/wp-json\/wp\/v2\/tags?post=3447"}],"curies":[{"name":"wp","href":"https:\/\/api.w.org\/{rel}","templated":true}]}}