{"id":3441,"date":"2023-06-08T13:42:11","date_gmt":"2023-06-08T17:42:11","guid":{"rendered":"https:\/\/elmundodelapolitica.com\/v1\/?p=3441"},"modified":"2023-06-08T13:42:11","modified_gmt":"2023-06-08T17:42:11","slug":"gobierno-dominicano-firma-acuerdo-de-cooperacion-con-amazon-web-services","status":"publish","type":"post","link":"https:\/\/elmundodelapolitica.com\/v1\/gobierno-dominicano-firma-acuerdo-de-cooperacion-con-amazon-web-services\/","title":{"rendered":"Gobierno dominicano firma acuerdo de cooperaci\u00f3n con Amazon Web Services"},"content":{"rendered":"<div>\n<p>Washington.-\u00a0<strong>El Gobierno dominicano firm\u00f3 un acuerdo de cooperaci\u00f3n con Amazon Web Services (AWS)<\/strong>\u00a0basado en aspectos estrat\u00e9gicos en materia de innovaci\u00f3n, transformaci\u00f3n digital y ciberseguridad, \u00e1reas en las que AWS se ha posicionado a nivel mundial y que\u00a0<strong>la Rep\u00fablica Dominicana ha priorizado como pol\u00edticas p\u00fablicas.<\/strong><\/p>\n<figure class=\"wp-block-image\"><img decoding=\"async\" src=\"https:\/\/i0.wp.com\/presidencia.gob.do\/sites\/default\/files\/inline-images\/WhatsApp Image 2023-06-07 at 5.59.40 PM(1).jpeg?w=1110&amp;ssl=1\" alt=\"\" data-recalc-dims=\"1\"><\/figure>\n<p>El convenio, suscrito en Washington, Estado Unidos, fue rubricado por el ministro de la Presidencia,\u00a0<strong>Joel Santos Echavarr\u00eda<\/strong>; el vicepresidente para Pol\u00edticas P\u00fablicas de AWS para Am\u00e9rica,\u00a0<strong>Shannon Kellogg<\/strong>, y el director general para el Sector P\u00fablico en Latinoam\u00e9rica y Caribe de AWS,\u00a0<strong>Andr\u00e9s Tahta.<\/strong><\/p>\n<p>El ministro Santos Echavarr\u00eda manifest\u00f3 que el Gobierno de la Rep\u00fablica Dominicana explorar\u00e1 la posibilidad de incorporar algunas de las\u00a0<strong>soluciones de AWS Outposts a la Arquitectura Digital Gubernamental<\/strong>\u00a0para fortalecer los aspectos de\u00a0<strong>autenticaci\u00f3n digital, carpeta ciudadana e Inteligencia Artificial<\/strong>, para mejorar los servicios p\u00fablicos y el resguardo de los datos gubernamentales en un ambiente especial de computaci\u00f3n (f\u00edsicamente en RD) mediante la\u00a0<strong>tecnolog\u00eda AWS Outposts, con lo cual se garantiza la soberan\u00eda de los datos.<\/strong><\/p>\n<p>Indic\u00f3 que el acuerdo se focalizar\u00e1 en la\u00a0<strong>protecci\u00f3n y la defensa contra las amenazas cibern\u00e9ticas del pa\u00eds<\/strong>, lo que fortalecer\u00e1 a capacidad del Gobierno en cuanto a productividad y servicio, a trav\u00e9s del AWS Global Cyber Security Program.\u00a0<\/p>\n<p>El ministro Santos Echavarr\u00eda, quien estuvo acompa\u00f1ado por\u00a0<strong>el vicemistro de Agenda Digital, Jos\u00e9 David Montilla,<\/strong>\u00a0explic\u00f3 que, a trav\u00e9s de este convenio, se fortalecer\u00e1n las capacidades y se ayudar\u00e1 a reforzar la postura de\u00a0<strong>ciberseguridad del pa\u00eds.<\/strong><\/p>\n<p>De su lado,\u00a0<strong>Andr\u00e9s Tahta, general para el Sector P\u00fablico en Latinoam\u00e9rica y Caribe de AWS<\/strong>, as\u00ed se expres\u00f3:\u00a0<em>\u201cEste memorando de entendimiento es otro hito y el reflejo de nuestro compromiso a largo plazo con la regi\u00f3n, especialmente con Rep\u00fablica Dominicana, para seguir apoyando su crecimiento digital\u201d.<\/em><\/p>\n<p>A seguidas, agreg\u00f3:\u00a0<em>\u201cEn AWS hemos estado colaborando con el pa\u00eds por m\u00e1s de dos a\u00f1os, con el compromiso de brindar espacios de capacitaci\u00f3n para los funcionarios del gobierno, y as\u00ed poder acelerar la innovaci\u00f3n y digitalizar los servicios al ciudadano, a trav\u00e9s de nuestro profundo conjunto de herramientas y servicios, y los m\u00e1s altos est\u00e1ndares de seguridad\u201d.<\/em><\/p>\n<p>A su vez,\u00a0<strong>Shannon Kellogg, vicepresidente para Pol\u00edticas P\u00fablicas de AWS para Am\u00e9rica<\/strong>, manifest\u00f3 que la digitalizaci\u00f3n estatal se ha convertido en un pilar fundamental desde AWS para\u00a0<strong>ayudar a los gobiernos a modernizar sus procesos y su talento humano<\/strong>. Esto significa poder alentar al Estado a usar la nube y contribuir a las acciones que tiene en plan.\u00a0<\/p>\n<p><em>\u201cSeguimos comprometidos al 100 % en apoyar el \u00e9xito de Rep\u00fablica Dominicana, colaborando para reducir los riesgos en t\u00e9rminos de seguridad con los m\u00e1s altos est\u00e1ndares para proteger su informaci\u00f3n, identidades aplicaciones y dispositivos\u201d,<\/em>\u00a0afirm\u00f3 Kellogg.<\/p>\n<p>El acuerdo fue rubricado en el contexto de la\u00a0<strong>Cumbre de Amazon Web Services,<\/strong>\u00a0encuentro que re\u00fane a l\u00edderes de la industria, expertos y profesionales, para analizar las\u00a0<strong>\u00faltimas tendencias e innovaciones en c\u00f3mputo en la nube.<\/strong><\/p>\n<\/div>\n","protected":false},"excerpt":{"rendered":"<p>Washington.-\u00a0El Gobierno dominicano firm\u00f3 un acuerdo de cooperaci\u00f3n con Amazon Web Services (AWS)\u00a0basado en aspectos estrat\u00e9gicos en materia de innovaci\u00f3n, transformaci\u00f3n digital y ciberseguridad, \u00e1reas en las que AWS se&hellip; <\/p>\n","protected":false},"author":2,"featured_media":3442,"comment_status":"closed","ping_status":"closed","sticky":false,"template":"","format":"standard","meta":{"fifu_image_url":"https:\/\/i0.wp.com\/presidencia.gob.do\/sites\/default\/files\/inline-images\/WhatsApp%20Image%202023-06-07%20at%205.59.40%20PM(1).jpeg?w=1110&ssl=1","fifu_image_alt":"Gobierno dominicano firma acuerdo de cooperaci\u00f3n con Amazon Web Services","footnotes":""},"categories":[63],"tags":[],"class_list":["post-3441","post","type-post","status-publish","format-standard","has-post-thumbnail","hentry","category-actualidad"],"_links":{"self":[{"href":"https:\/\/elmundodelapolitica.com\/v1\/wp-json\/wp\/v2\/posts\/3441","targetHints":{"allow":["GET"]}}],"collection":[{"href":"https:\/\/elmundodelapolitica.com\/v1\/wp-json\/wp\/v2\/posts"}],"about":[{"href":"https:\/\/elmundodelapolitica.com\/v1\/wp-json\/wp\/v2\/types\/post"}],"author":[{"embeddable":true,"href":"https:\/\/elmundodelapolitica.com\/v1\/wp-json\/wp\/v2\/users\/2"}],"replies":[{"embeddable":true,"href":"https:\/\/elmundodelapolitica.com\/v1\/wp-json\/wp\/v2\/comments?post=3441"}],"version-history":[{"count":0,"href":"https:\/\/elmundodelapolitica.com\/v1\/wp-json\/wp\/v2\/posts\/3441\/revisions"}],"wp:featuredmedia":[{"embeddable":true,"href":"https:\/\/elmundodelapolitica.com\/v1\/wp-json\/wp\/v2\/media\/3442"}],"wp:attachment":[{"href":"https:\/\/elmundodelapolitica.com\/v1\/wp-json\/wp\/v2\/media?parent=3441"}],"wp:term":[{"taxonomy":"category","embeddable":true,"href":"https:\/\/elmundodelapolitica.com\/v1\/wp-json\/wp\/v2\/categories?post=3441"},{"taxonomy":"post_tag","embeddable":true,"href":"https:\/\/elmundodelapolitica.com\/v1\/wp-json\/wp\/v2\/tags?post=3441"}],"curies":[{"name":"wp","href":"https:\/\/api.w.org\/{rel}","templated":true}]}}