{"id":344,"date":"2022-06-12T15:37:54","date_gmt":"2022-06-12T19:37:54","guid":{"rendered":"http:\/\/www.elmundodelapolitica.com\/v2\/?p=25480"},"modified":"2022-06-12T15:37:54","modified_gmt":"2022-06-12T19:37:54","slug":"presidente-insta-comunidad-internacional-a-buscar-solucion-a-los-problemas-de-haiti","status":"publish","type":"post","link":"https:\/\/elmundodelapolitica.com\/v1\/presidente-insta-comunidad-internacional-a-buscar-solucion-a-los-problemas-de-haiti\/","title":{"rendered":"Presidente insta comunidad internacional a buscar soluci\u00f3n a los problemas de Hait\u00ed"},"content":{"rendered":"\n<p>Los \u00c1ngeles.- El presidente Luis Abinader solicit\u00f3 este viernes a la comunidad internacional a que asuma definitivamente el problema de Hait\u00ed con un mayor compromiso, y que de manera urgente se trabaje por su pacificaci\u00f3n y recuperaci\u00f3n.<\/p>\n\n\n\n<p>En su intervenci\u00f3n en la sesi\u00f3n plenaria de jefes de Estado y de Gobierno, en la IX Cumbre de Las Am\u00e9ricas, el gobernante dijo que Hait\u00ed, que hist\u00f3ricamente ha pagado muy caro sus deudas con pa\u00edses desarrollados, grita y clama por una acci\u00f3n coordinada que le pacifique.<\/p>\n\n\n\n<p>En este encuentro, adem\u00e1s de la situaci\u00f3n de Hait\u00ed, el presidente Abinader plante\u00f3 otros dos temas que calific\u00f3 de urgentes y que amenazan el crecimiento y bienestar del pa\u00eds, que son: el subsidio a los combustibles, fertilizantes y alimentos y la seguridad.<\/p>\n\n\n\n<p>\u201cRep\u00fablica Dominicana no puede cargar sola con los problemas de Hait\u00ed, de hecho ya est\u00e1 haciendo demasiado, mucho m\u00e1s de lo que puede. La situaci\u00f3n del vecino pa\u00eds ha desbordado los l\u00edmites de un problema migratorio\u201d, alert\u00f3, en el evento que encabeza el presidente estadounidense Joe Biden.<\/p>\n\n\n\n<p>Y agreg\u00f3: \u201cEs para los dominicanos un tema de seguridad nacional, por lo que haremos lo necesario, como har\u00eda todo pa\u00eds soberano ante una amenaza similar, para asegurar adecuadamente nuestra frontera\u201d.<\/p>\n\n\n\n<p>El mandatario sostuvo que tiene la necesidad y el deber de pronunciarse, como en anteriores ocasiones, sobre la imperiosa necesidad de que la comunidad internacional, y en particular los pa\u00edses de Las Am\u00e9ricas, act\u00faen sin demora ante la dram\u00e1tica situaci\u00f3n por la que atraviesa Hait\u00ed.<\/p>\n\n\n\n<p>\u201cEs para mi y nuestro gobierno injustificable que esta comunidad de naciones permita que un Estado, en el medio del continente americano, tenga gran parte de su territorio controlado por bandas criminales\u201c, manifest\u00f3.<\/p>\n\n\n\n<p>Expres\u00f3 que el pueblo haitiano est\u00e1 sufriendo las consecuencias de la inestabilidad y la inseguridad que han generado estas pandillas y que obliga a sus ciudadanos a buscar otras alternativas para sobrevivir.<\/p>\n\n\n\n<p>Agreg\u00f3 que esto aumenta de forma significativa la presi\u00f3n migratoria, principalmente sobre Rep\u00fablica Dominicana y en menor medida a otros pa\u00edses de la regi\u00f3n.<\/p>\n\n\n\n<p>Impacto de crisis mundial<br>El jefe de Estado expuso que la invasi\u00f3n rusa a Ucrania ha generado en Rep\u00fablica Dominicana y otros pa\u00edses del Caribe, un impacto mayor que a otros de la regi\u00f3n, ya que no tienen hidrocarburos, la econom\u00eda es muy abierta y depende de las materias primas importadas.<\/p>\n\n\n\n<p>\u201cEs la primera vez que nuestro gobierno no cuenta con un pa\u00eds amigo que le ayude a mitigar el shock petrolero. En los a\u00f1os 80, con el acuerdo de San Jos\u00e9, de M\u00e9xico y Venezuela, y despu\u00e9s Petrocaribe de Venezuela hasta el 2014, con financiamiento y precios especiales nos ayudaron a mitigar las alzas del petr\u00f3leo de esas \u00e9pocas\u201d, explic\u00f3.<\/p>\n\n\n\n<p>Dijo que el enorme sacrificio fiscal para subsidiar combustibles, fertilizantes y alimentos, les compele a buscar v\u00edas que garanticen la seguridad energ\u00e9tica y alimentaria.<\/p>\n\n\n\n<p>\u201cUrge tomar medidas de abastecimiento que reconozcan que estamos en una econom\u00eda de guerra, flexibilizando las restricciones, as\u00ed como buscando financiamiento en t\u00e9rminos concesionarios que nos permitan, a los pa\u00edses de ingreso medio, enfrentar esta crisis, la m\u00e1s compleja del \u00faltimo siglo y que ya est\u00e1 haciendo estragos en la regi\u00f3n\u201d, apunt\u00f3.<\/p>\n\n\n\n<p>Se hace urgente, plante\u00f3, la creaci\u00f3n de mecanismos nuevos y creativos para conceder financiamientos blandos o concesiones, pues de no enfrentarse adecuadamente a esta crisis, aumentar\u00e1 el creciente descontento social y sus consecuentes conflictos, que afectar\u00edan seriamente las democracias.<\/p>\n\n\n\n<p>\u201cJusto ayer, reunidos con el presidente Biden, la vicepresidente Harris, los pa\u00edses hermanos miembros del Caricom y nosotros en representaci\u00f3n de Rep\u00fablica Dominicana, tuvimos un encuentro muy sincero y productivo\u201d, expres\u00f3.<\/p>\n\n\n\n<p>En esta reuni\u00f3n, destac\u00f3, donde el presidente Biden y la vicepresidente Harris fueron muy receptivos y demostraron su empat\u00eda con la regi\u00f3n, y se acord\u00f3 establecer comisiones conjuntas, que de manera urgente trabajen en recomendaciones que empiecen a ser aplicadas de inmediato.<\/p>\n\n\n\n<p>Golpe al narcotr\u00e1fico<br>El presidente Abinader se refiri\u00f3, adem\u00e1s, al tema de la seguridad y dijo que los extraordinarios golpes al narcotr\u00e1fico durante su gobierno han generado una reacci\u00f3n de otros tipos de delincuencia en el pa\u00eds.<\/p>\n\n\n\n<p>En ese sentido, precis\u00f3 que la colaboraci\u00f3n en la lucha contra el narcotr\u00e1fico no solo debe de ser para detener el flujo de drogas hacia el norte, sino tambi\u00e9n para ayudar en la seguridad ciudadana de las naciones, afectadas por las organizaciones criminales que utilizan sus pa\u00edses como puentes.<\/p>\n\n\n\n<p>Sostuvo que en un mundo globalizado y desde una econom\u00eda insular, apuesta por las alianzas internacionales como medio para potenciar las ventajas competitivas como pa\u00eds y como regi\u00f3n.<\/p>\n\n\n\n<p>\u201cHemos impulsado la Alianza para el Desarrollo en Democracia junto a los gobiernos de Costa Rica y Panam\u00e1 para promover la recuperaci\u00f3n de nuestras econom\u00edas en el marco de la defensa de los valores democr\u00e1ticos, las sociedades abiertas, los derechos humanos y el multilateralismo\u201d, indic\u00f3.<\/p>\n\n\n\n<p>El presidente Abinader sostuvo que es el momento para que todos los pa\u00edses de Am\u00e9rica trabajen juntos buscando soluciones a sus problemas, y que Estados Unidos ponga su mirada en la regi\u00f3n y demuestra, una vez m\u00e1s, su compromiso con liderar el desarrollo social y econ\u00f3mico del continente.<\/p>\n\n\n\n<p>\u201cSi lo hacemos, todos juntos, no solo saldremos de las dificultades y crisis del momento, sino que vamos a demostrarle al mundo que somos el continente del futuro\u201c, a\u00f1adi\u00f3.<\/p>\n\n\n\n<p>El gobernante se\u00f1al\u00f3 que a la Rep\u00fablica Dominicana le ha costado mucho esfuerzo y sacrificio conquistar la libertad de la que hoy goza y que garantiza a sus ciudadanos y ciudadanas el disfrute pleno de sus derechos, la igualdad de todos ante la ley y la potestad de exigir a sus gobernantes transparencia y rendici\u00f3n de cuentas.<\/p>\n\n\n\n<p>Manifest\u00f3 que en temas tradicionales de discusi\u00f3n de estas cumbres, como la lucha contra la corrupci\u00f3n y el narcotr\u00e1fico y la defensa de la democracia puede decir, con seguridad y orgullo que, en menos de dos a\u00f1os, su gobierno ha hecho avances considerables.<\/p>\n\n\n\n<p>Combate a corrupci\u00f3n<br>\u201cHoy no hay impunidad en Rep\u00fablica Dominicana, hemos nombrado un Ministerio P\u00fablico independiente, y hemos promovido la designaci\u00f3n de profesionales aut\u00f3nomos en organismos neur\u00e1lgicos, como: la C\u00e1mara de Cuentas, el Tribunal Constitucional, el Tribunal Superior Electoral y la Defensor\u00eda del Pueblo\u201d, resalt\u00f3.<\/p>\n\n\n\n<p>Los controles establecidos, expuso, garantizan que las diversas formas de corrupci\u00f3n hayan disminuido significativamente en una sociedad en la cual exist\u00eda una \u201ccultura generalizada de corrupci\u00f3n\u201d.<\/p>\n\n\n\n<p>Adem\u00e1s, asegur\u00f3, ha manifestado su firme apoyo a las propuestas surgidas en el seno del Congreso Nacional para que este poder constitucional apruebe una ley de extinci\u00f3n de dominio, con la que esperan proteger adecuadamente el patrimonio p\u00fablico de los dominicanos y dominicanas.<\/p>\n\n\n\n<p>\u201cNuestro compromiso con la democracia se refleja, adem\u00e1s, en las acciones externas del gobierno dominicano, asumiendo con entusiasmo nuestra participaci\u00f3n en la Alianza para el Gobierno Abierto (AGA), de la que seremos sede de su pr\u00f3ximo encuentro\u201d, signific\u00f3 Abinader.<\/p>\n\n\n\n<p>Afirm\u00f3 que en solo 22 meses de gobierno han incautado igual cantidad de drogas il\u00edcitas, que en los \u00faltimos 16 a\u00f1os previos a su administraci\u00f3n.<\/p>\n\n\n\n<p>\u201cTodo este esfuerzo por la transparencia, la lucha contra la corrupci\u00f3n, el narcotr\u00e1fico, el fortalecimiento del sistema de justicia y la seguridad jur\u00eddica nos han convertido en un pa\u00eds propicio para la inversi\u00f3n, pero, sobre todo, en un Estado que tiene en cuenta las necesidades y reclamos de su poblaci\u00f3n\u201c, proclam\u00f3.<\/p>\n\n\n\n<p>El jefe de Estado garantiz\u00f3 que lucha por un Estado inclusivo, que apuesta por el progreso y con igualdad de oportunidades para todos y todas.<\/p>\n\n\n\n<p>R\u00e1pida recuperaci\u00f3n COVID<br>\u201cEste fue el esp\u00edritu que nos gui\u00f3 durante lo peor de la pandemia del Covid-19. Rep\u00fablica Dominicana fue uno de los primeros pa\u00edses latinoamericanos en relanzar la plena actividad econ\u00f3mica, logrando una de las mayores y m\u00e1s r\u00e1pidas tasas de recuperaci\u00f3n a nivel mundial\u201d, revel\u00f3.<\/p>\n\n\n\n<p>Se\u00f1al\u00f3 que el pa\u00eds, adem\u00e1s, es ejemplo de buena gesti\u00f3n de la pandemia, por lo que ha sido reconocido recientemente por la Organizaci\u00f3n Mundial de la Salud.<\/p>\n\n\n\n<p>Aplicamos m\u00e1s de 15 millones de dosis de vacunas, comunic\u00f3, lo que ha contribuido a que la tasa de letalidad promedio sea de solo un 0,7%, una de las m\u00e1s bajas de la regi\u00f3n.<\/p>\n\n\n\n<p>El mandatario indic\u00f3 que para mitigar los efectos negativos de la pandemia, se aument\u00f3 el acceso al cr\u00e9dito para las actividades productivas, se expandieron los programas sociales para los m\u00e1s vulnerables, incluyendo pol\u00edticas laborales, as\u00ed como el apoyo al transporte y a la seguridad alimentaria de la poblaci\u00f3n.<\/p>\n\n\n\n<p>\u201cTodo esto permiti\u00f3 que en 2021 el PIB creciera un 12,3% con relaci\u00f3n al 2020. La recuperaci\u00f3n de los sectores productivos ha permitido perfilar para 2022 como una de las tres econom\u00edas de mayor crecimiento y resiliencia de Am\u00e9rica Latina, de acuerdo al Fondo Monetario Internacional, Forbes y Moody\u2019s\u201d, destac\u00f3.<\/p>\n","protected":false},"excerpt":{"rendered":"<p>Los \u00c1ngeles.- El presidente Luis Abinader solicit\u00f3 este viernes a la comunidad internacional a que asuma definitivamente el problema de Hait\u00ed con un mayor compromiso, y que de manera urgente&hellip; <\/p>\n","protected":false},"author":2,"featured_media":345,"comment_status":"closed","ping_status":"open","sticky":false,"template":"","format":"standard","meta":{"fifu_image_url":"","fifu_image_alt":"","footnotes":""},"categories":[28],"tags":[],"class_list":["post-344","post","type-post","status-publish","format-standard","has-post-thumbnail","hentry","category-migracion"],"_links":{"self":[{"href":"https:\/\/elmundodelapolitica.com\/v1\/wp-json\/wp\/v2\/posts\/344","targetHints":{"allow":["GET"]}}],"collection":[{"href":"https:\/\/elmundodelapolitica.com\/v1\/wp-json\/wp\/v2\/posts"}],"about":[{"href":"https:\/\/elmundodelapolitica.com\/v1\/wp-json\/wp\/v2\/types\/post"}],"author":[{"embeddable":true,"href":"https:\/\/elmundodelapolitica.com\/v1\/wp-json\/wp\/v2\/users\/2"}],"replies":[{"embeddable":true,"href":"https:\/\/elmundodelapolitica.com\/v1\/wp-json\/wp\/v2\/comments?post=344"}],"version-history":[{"count":0,"href":"https:\/\/elmundodelapolitica.com\/v1\/wp-json\/wp\/v2\/posts\/344\/revisions"}],"wp:featuredmedia":[{"embeddable":true,"href":"https:\/\/elmundodelapolitica.com\/v1\/wp-json\/wp\/v2\/media\/345"}],"wp:attachment":[{"href":"https:\/\/elmundodelapolitica.com\/v1\/wp-json\/wp\/v2\/media?parent=344"}],"wp:term":[{"taxonomy":"category","embeddable":true,"href":"https:\/\/elmundodelapolitica.com\/v1\/wp-json\/wp\/v2\/categories?post=344"},{"taxonomy":"post_tag","embeddable":true,"href":"https:\/\/elmundodelapolitica.com\/v1\/wp-json\/wp\/v2\/tags?post=344"}],"curies":[{"name":"wp","href":"https:\/\/api.w.org\/{rel}","templated":true}]}}